{"id":282524,"date":"2025-07-29T18:45:11","date_gmt":"2025-07-29T18:45:11","guid":{"rendered":"https:\/\/www.europesays.com\/fr\/282524\/"},"modified":"2025-07-29T18:45:11","modified_gmt":"2025-07-29T18:45:11","slug":"lyon-une-automobiliste-tres-gravement-blessee-dans-une-collision-entre-deux-voitures-un-conducteur-en-fuite","status":"publish","type":"post","link":"https:\/\/www.europesays.com\/fr\/282524\/","title":{"rendered":"Lyon. Une automobiliste tr\u00e8s gravement bless\u00e9e dans une collision entre deux voitures, un conducteur en fuite"},"content":{"rendered":"<p>Une jeune femme de 23 ans a \u00e9t\u00e9 tr\u00e8s gravement bless\u00e9e, ce mardi 29\u00a0juillet vers 18 heures, dans une collision d\u2019une rare violence qui s\u2019est produite avenue Paul Santy \u00e0 Lyon (8e). Dans des circonstances qui restent \u00e0 pr\u00e9ciser, une Volkswagen et une BMW immatricul\u00e9e en Suisse, qui se dirigeait vers le p\u00e9riph\u00e9rique, se sont percut\u00e9es \u00e0 la hauteur de la rue Jules Valensaut.<\/p>\n<p>Les voitures ont \u00e9t\u00e9 projet\u00e9es sur plusieurs m\u00e8tres, arrachant au passage du mobilier urbain, avant de s\u2019immobiliser \u00e0 la hauteur de l\u2019arr\u00eat de bus \u00ab\u00a0G\u00e9n\u00e9ral Andr\u00e9\u00a0\u00bb, la BMW empi\u00e9tant sur le trottoir et la Volkswagen sur le terre-plein central.<\/p>\n<p>  La BMW roulait tr\u00e8s vite<\/p>\n<p>Selon des t\u00e9moins, la BMW roulait tr\u00e8s vite au moment du choc, qui se serait produit alors que l\u2019autre voiture s\u2019appr\u00eatait \u00e0 faire un demi-tour. Apparemment indemne, le conducteur de la BMW a pris la fuite \u00e0 pied. Par chance, aucun pi\u00e9ton ne se trouvait sur la trajectoire des voitures, des barri\u00e8res m\u00e9talliques et des d\u00e9bris, dont une roue, projet\u00e9s sur le trottoir et la chauss\u00e9e.<\/p>\n<p>La conductrice de la Volkswagen a d\u00fb \u00eatre d\u00e9sincarc\u00e9r\u00e9e par les pompiers et a \u00e9t\u00e9 prise en charge par le SAMU, avant d\u2019\u00eatre \u00e9vacu\u00e9e sous escorte des motards de la police vers l\u2019h\u00f4pital \u00c9douard Herriot (3e) pour y \u00eatre plac\u00e9e en d\u00e9choquage.<\/p>\n<p>L\u2019avenue Paul Santy a \u00e9t\u00e9 coup\u00e9e \u00e0 la circulation \u00e0 la hauteur de la place G\u00e9n\u00e9ral Andr\u00e9, ce qui a eu des r\u00e9percussions sur la ligne de bus C25, dont les arr\u00eats de \u00ab\u00a0Grange Rouge-Santy\u00a0\u00bb \u00e0 \u00ab\u00a0Bourdarias\u00a0\u00bb n\u2019\u00e9taient plus desservis en direction de Saint-Priest Plaine Saythe.<\/p>\n<p>Ce contenu est bloqu\u00e9 car vous n&rsquo;avez pas accept\u00e9 les cookies et autres traceurs.<\/p>\n<p>En cliquant sur \u00ab J\u2019accepte \u00bb, les cookies et autres traceurs seront d\u00e9pos\u00e9s et vous pourrez visualiser les contenus  (<a href=\"\" class=\"consentModule_policy\" target=\"_blank\" title=\"Consulter la politique de protection des donn\u00e9es du fournisseur\">plus d&rsquo;informations<\/a>).<\/p>\n<p>En cliquant sur \u00ab J\u2019accepte tous les cookies \u00bb, vous autorisez des d\u00e9p\u00f4ts de cookies et autres traceurs pour le stockage de vos donn\u00e9es sur nos sites et applications \u00e0 des fins de personnalisation et de ciblage publicitaire.<\/p>\n<p class=\"consentModule_secondaryText\">Vous gardez la possibilit\u00e9 de retirer votre consentement \u00e0 tout moment en consultant notre <a href=\"https:\/\/www.leprogres.fr\/protection-des-donnees\" target=\"_blank\" title=\"Consulter notre politique de protection des donn\u00e9es\" rel=\"noopener\">politique de protection des donn\u00e9es<\/a>. <br \/>&#13;<br \/>\n            <a href=\"https:\/\/www.leprogres.fr\/faits-divers-justice\/2025\/07\/29\/javascript:Didomi.notice.show()\" class=\"consentModule_cmp\" target=\"_blank\" rel=\"noopener\">G\u00e9rer mes choix<\/a>&#13;\n        <\/p>\n<p>&#13;<br \/>\n                        J&rsquo;accepte&#13;<br \/>\n            J&rsquo;accepte tous les cookies&#13;\n        <\/p>\n<p>Une enqu\u00eate est en cours pour d\u00e9terminer les causes exactes de\u00a0cet accident.<\/p>\n","protected":false},"excerpt":{"rendered":"Une jeune femme de 23 ans a \u00e9t\u00e9 tr\u00e8s gravement bless\u00e9e, ce mardi 29\u00a0juillet vers 18 heures, dans&hellip;\n","protected":false},"author":2,"featured_media":282525,"comment_status":"","ping_status":"","sticky":false,"template":"","format":"standard","meta":{"footnotes":""},"categories":[1889],"tags":[119,1111,11,2430,2757,1777,674,274,107,1011,27,2428,9744,9743,12,25,2429],"class_list":{"0":"post-282524","1":"post","2":"type-post","3":"status-publish","4":"format-standard","5":"has-post-thumbnail","7":"category-lyon","8":"tag-accident","9":"tag-actu","10":"tag-actualites","11":"tag-auvergne-rhone-alpes","12":"tag-edition-lyon-villeurbanne","13":"tag-eu","14":"tag-europe","15":"tag-faits-divers-justice","16":"tag-fil-info","17":"tag-fr","18":"tag-france","19":"tag-lyon","20":"tag-lyon-8e","21":"tag-lyon-8e-arrondissement","22":"tag-news","23":"tag-republique-francaise","24":"tag-rhone"},"share_on_mastodon":{"url":"https:\/\/pubeurope.com\/@fr\/114938008354777193","error":""},"_links":{"self":[{"href":"https:\/\/www.europesays.com\/fr\/wp-json\/wp\/v2\/posts\/282524","targetHints":{"allow":["GET"]}}],"collection":[{"href":"https:\/\/www.europesays.com\/fr\/wp-json\/wp\/v2\/posts"}],"about":[{"href":"https:\/\/www.europesays.com\/fr\/wp-json\/wp\/v2\/types\/post"}],"author":[{"embeddable":true,"href":"https:\/\/www.europesays.com\/fr\/wp-json\/wp\/v2\/users\/2"}],"replies":[{"embeddable":true,"href":"https:\/\/www.europesays.com\/fr\/wp-json\/wp\/v2\/comments?post=282524"}],"version-history":[{"count":0,"href":"https:\/\/www.europesays.com\/fr\/wp-json\/wp\/v2\/posts\/282524\/revisions"}],"wp:featuredmedia":[{"embeddable":true,"href":"https:\/\/www.europesays.com\/fr\/wp-json\/wp\/v2\/media\/282525"}],"wp:attachment":[{"href":"https:\/\/www.europesays.com\/fr\/wp-json\/wp\/v2\/media?parent=282524"}],"wp:term":[{"taxonomy":"category","embeddable":true,"href":"https:\/\/www.europesays.com\/fr\/wp-json\/wp\/v2\/categories?post=282524"},{"taxonomy":"post_tag","embeddable":true,"href":"https:\/\/www.europesays.com\/fr\/wp-json\/wp\/v2\/tags?post=282524"}],"curies":[{"name":"wp","href":"https:\/\/api.w.org\/{rel}","templated":true}]}}