{"id":282532,"date":"2025-07-29T18:49:09","date_gmt":"2025-07-29T18:49:09","guid":{"rendered":"https:\/\/www.europesays.com\/fr\/282532\/"},"modified":"2025-07-29T18:49:09","modified_gmt":"2025-07-29T18:49:09","slug":"originaire-des-hauts-de-seine-qui-est-marie-therese-garcia-la-detenue-la-plus-agee-de-france","status":"publish","type":"post","link":"https:\/\/www.europesays.com\/fr\/282532\/","title":{"rendered":"Originaire des Hauts-de-Seine, qui est Marie-Th\u00e9r\u00e8se Garcia, la d\u00e9tenue la plus \u00e2g\u00e9e de France\u00a0?"},"content":{"rendered":"<p>            Par<br \/>\n        <strong><br \/>\n            <a href=\"https:\/\/actu.fr\/auteur\/redaction-paris\" title=\"Consulter tous les articles de R\u00e9daction Paris\" target=\"_blank\" rel=\"noopener\">R\u00e9daction Paris<\/a><br \/>\n        <\/strong><\/p>\n<p>        Publi\u00e9 le<\/p>\n<p>            29 juil. 2025 \u00e0 19h22        <\/p>\n<p>Elle est accus\u00e9e d\u2019un crime terrifiant. Marie-Th\u00e9r\u00e8se Garcia, surnomm\u00e9e \u00ab\u00a0Ma Dalton\u00a0\u00bb, est la plus vieille d\u00e9tenue de France. \u00c2g\u00e9e de 78 ans, <strong>elle est en d\u00e9tention provisoire depuis 2023<\/strong>. Les autorit\u00e9s pensent que la grand-m\u00e8re gouailleuse, originaire de <a href=\"https:\/\/actu.fr\/ile-de-france\/montrouge_92049\" target=\"_blank\" rel=\"noopener\">Montrouge<\/a> (<a href=\"https:\/\/actu.fr\/ile-de-france\/hauts-de-seine_92\" target=\"_blank\" rel=\"noopener\">Hauts-de-Seine<\/a>), est impliqu\u00e9e dans le <a href=\"https:\/\/actu.fr\/tag\/meurtre\" target=\"_blank\" rel=\"noopener\">meurtre<\/a> de <strong>Corinne Di Dio<\/strong>, sa belle-s\u0153ur. La victime avait \u00e9t\u00e9 retrouv\u00e9e d\u00e9membr\u00e9e en 1995 dans une malle qui flottait dans la Seine.\u00a0<\/p>\n<p>Une grand-m\u00e8re proche du grand banditisme\u00a0<\/p>\n<p class=\" wall-content\">L\u2019affaire, devenue cold case, a ressurgi en 2023. Celle qu\u2019on surnomme \u00ab\u00a0Ma Dalton\u00a0\u00bb est dans le viseur de la justice. La raison : la septuag\u00e9naire, ancienne amie de Coluche, entretenait des liens \u00e9troits avec l\u2019ex-conjoint de la victime. Ce dernier, proche du grand banditisme, \u00e9tait en conflit avec Corinne Di Dio sur la garde de leur fils. \u00c0 plusieurs reprises, la septuag\u00e9naire avait d\u00e9j\u00e0 \u00e9t\u00e9 suspect\u00e9e par les enqu\u00eateurs, mais des non-lieux avaient \u00e9t\u00e9 prononc\u00e9s.\u00a0<\/p>\n<p class=\" wall-content\">Des \u00e9l\u00e9ments suppl\u00e9mentaires vont pourtant accentuer les suspicions \u00e0 l\u2019\u00e9gard de Marie-Th\u00e9r\u00e8se Garcia. Tout d\u2019abord, des cheveux ont \u00e9t\u00e9 retrouv\u00e9s pr\u00e8s du corps de la victime. L\u2019analyse <strong>d\u2019ADN mitochondrial<\/strong> a r\u00e9v\u00e9l\u00e9 qu\u2019ils appartiendraient \u00e0 la septuag\u00e9naire De plus, la fille et le gendre de cette derni\u00e8re ont d\u00e9clar\u00e9 qu\u2019elle leur aurait avou\u00e9 avoir commis le crime.\u00a0<\/p>\n<p>Des alertes sur ses conditions de d\u00e9tention<\/p>\n<p class=\" wall-content\">Interpell\u00e9e au printemps 2023, \u00ab\u00a0Ma Dalton\u00a0\u00bb, domicili\u00e9e <a href=\"https:\/\/actu.fr\/78actu\/\" target=\"_blank\" rel=\"noopener\">dans les Yvelines<\/a>, a \u00e9t\u00e9 mise en examen le 25 mai de cette m\u00eame ann\u00e9e puis plac\u00e9e en d\u00e9tention provisoire. Depuis deux ans, la plus vieille d\u00e9tenue de France alerte sur ses conditions de vie en prison.<\/p>\n<p class=\" wall-content\">Interrog\u00e9es par <a href=\"https:\/\/actu.fr\/bretagne\/quiberon_56186\/exclusif-les-petites-filles-de-ma-dalton-font-des-revelations-sur-le-meurtre-de-corinne-di-dio_62966955.html\" target=\"_blank\" rel=\"noopener\">actu Morbihan, ses petite-filles<\/a> ont d\u00e9nonc\u00e9 un acharnement. \u00ab\u2009Elle est surveill\u00e9e toutes les demi-heures par le personnel p\u00e9nitentiaire qui redoute qu\u2019elle fasse une tentative de suicide. M\u00eame les grad\u00e9s disent n\u2019avoir jamais vu un tel acharnement, car elle s\u2019est vue refuser la permission de voir son petit-fils\u2009\u00bb. Atteinte de la<strong> maladie de M\u00e9ni\u00e8re<\/strong>, la d\u00e9tenue est fr\u00e9quemment victime de vertiges et d\u2019AVC. Renvoy\u00e9e devant les assises, elle risque la r\u00e9clusion criminelle \u00e0 perp\u00e9tuit\u00e9.\u00a0<\/p>\n<p class=\" wall-content\">Suivez toute l\u2019actualit\u00e9 de vos villes et m\u00e9dias favoris en vous inscrivant \u00e0 <a href=\"https:\/\/moncompte.actu.fr\" title=\"D\u00e9couvez Mon Actu\" rel=\"nofollow noopener\" data-trk=\"{&quot;cta&quot;:{&quot;action&quot;:&quot;https:\\\/\\\/moncompte.actu.fr&quot;,&quot;category&quot;:&quot;mon compte&quot;,&quot;from&quot;:&quot;article footer&quot;,&quot;name&quot;:&quot;Mon actu&quot;,&quot;type&quot;:&quot;cta&quot;}}\" target=\"_blank\">Mon Actu<\/a>.<\/p>\n","protected":false},"excerpt":{"rendered":"Par R\u00e9daction Paris Publi\u00e9 le 29 juil. 2025 \u00e0 19h22 Elle est accus\u00e9e d\u2019un crime terrifiant. Marie-Th\u00e9r\u00e8se Garcia,&hellip;\n","protected":false},"author":2,"featured_media":282533,"comment_status":"","ping_status":"","sticky":false,"template":"","format":"standard","meta":{"footnotes":""},"categories":[1888],"tags":[1111,1928,11,1927,3495,1777,674,118,1011,27,303,12,1926,626,1925,25],"class_list":{"0":"post-282532","1":"post","2":"type-post","3":"status-publish","4":"format-standard","5":"has-post-thumbnail","7":"category-paris","8":"tag-actu","9":"tag-actu-paris","10":"tag-actualites","11":"tag-actualites-paris","12":"tag-cold-case","13":"tag-eu","14":"tag-europe","15":"tag-faits-divers","16":"tag-fr","17":"tag-france","18":"tag-justice","19":"tag-news","20":"tag-news-paris","21":"tag-paris","22":"tag-paris-news","23":"tag-republique-francaise"},"share_on_mastodon":{"url":"https:\/\/pubeurope.com\/@fr\/114938024000469952","error":""},"_links":{"self":[{"href":"https:\/\/www.europesays.com\/fr\/wp-json\/wp\/v2\/posts\/282532","targetHints":{"allow":["GET"]}}],"collection":[{"href":"https:\/\/www.europesays.com\/fr\/wp-json\/wp\/v2\/posts"}],"about":[{"href":"https:\/\/www.europesays.com\/fr\/wp-json\/wp\/v2\/types\/post"}],"author":[{"embeddable":true,"href":"https:\/\/www.europesays.com\/fr\/wp-json\/wp\/v2\/users\/2"}],"replies":[{"embeddable":true,"href":"https:\/\/www.europesays.com\/fr\/wp-json\/wp\/v2\/comments?post=282532"}],"version-history":[{"count":0,"href":"https:\/\/www.europesays.com\/fr\/wp-json\/wp\/v2\/posts\/282532\/revisions"}],"wp:featuredmedia":[{"embeddable":true,"href":"https:\/\/www.europesays.com\/fr\/wp-json\/wp\/v2\/media\/282533"}],"wp:attachment":[{"href":"https:\/\/www.europesays.com\/fr\/wp-json\/wp\/v2\/media?parent=282532"}],"wp:term":[{"taxonomy":"category","embeddable":true,"href":"https:\/\/www.europesays.com\/fr\/wp-json\/wp\/v2\/categories?post=282532"},{"taxonomy":"post_tag","embeddable":true,"href":"https:\/\/www.europesays.com\/fr\/wp-json\/wp\/v2\/tags?post=282532"}],"curies":[{"name":"wp","href":"https:\/\/api.w.org\/{rel}","templated":true}]}}