{"id":282540,"date":"2025-07-29T18:53:16","date_gmt":"2025-07-29T18:53:16","guid":{"rendered":"https:\/\/www.europesays.com\/fr\/282540\/"},"modified":"2025-07-29T18:53:16","modified_gmt":"2025-07-29T18:53:16","slug":"arte-journal-29-07-2025-la-russie-intensifie-ses-bombardements-la-faim-dans-le-monde-regarder-lemission-complete","status":"publish","type":"post","link":"https:\/\/www.europesays.com\/fr\/282540\/","title":{"rendered":"ARTE Journal &#8211; 29\/07\/2025 &#8211; La Russie intensifie ses bombardements \/ La faim dans le monde &#8211; Regarder l\u2019\u00e9mission compl\u00e8te"},"content":{"rendered":"<p>ARTE Journal &#8211; 29\/07\/2025 &#8211; La Russie intensifie ses bombardements \/ La faim dans le monde &#8211; Regarder l\u2019\u00e9mission compl\u00e8te | ARTE<\/p>\n<p>La Russie intensifie ses bombardements \/ La faim dans le monde<\/p>\n<p class=\"ds-6406tu\">21 min<\/p>\n<p class=\"ds-6406tu\">Disponible jusqu&rsquo;au 31 juillet 2025 \u00e0 19:45<\/p>\n<p class=\"ds-6406tu\">Plus que 2 jours<\/p>\n<p>Malgr\u00e9 l&rsquo;ultimatum annonc\u00e9 par Donald Trump \u00e0 la Russie, les bombardements a\u00e9riens russes se multiplient sur l&rsquo;est de l&rsquo;Ukraine avec l&rsquo;utilisation de drones kamikazes de plus en plus nombreux et performants \/ Selon un rapport de l&rsquo;ONU, le nombre de personnes souffrant de la faim dans le monde a l\u00e9g\u00e8rement baiss\u00e9 en 2024, sauf dans plusieurs sous-r\u00e9gions d&rsquo;Afrique et d&rsquo;Asie de l&rsquo;Ouest.<\/p>\n<p>Vous pourriez aimer aussi<\/p>\n<p>Les vid\u00e9os les plus vues sur ARTE<\/p>\n<p>arte.tv sur tous vos \u00e9crans<\/p>\n<p class=\"ds-934w7j\">Retrouvez nos programmes sur votre ordinateur, smartphone, tablette ou TV connect\u00e9e<\/p>\n<p><a class=\"ds-1sqfl0u\" href=\"https:\/\/apps.apple.com\/app\/apple-store\/id405028510?pt=398281&amp;ct=install-app-btn&amp;mt=8\" target=\"_self\" rel=\"nofollow noopener\"><img decoding=\"async\" class=\"ds-111g4a3\" alt=\"T\u00e9l\u00e9charger dans l'App Store\" loading=\"lazy\" src=\"https:\/\/www.europesays.com\/fr\/wp-content\/uploads\/2025\/04\/AppStore_fr.png\"\/><\/a><a class=\"ds-1sqfl0u\" href=\"https:\/\/play.google.com\/store\/apps\/details?id=tv.arte.plus7&amp;utm_campaign=install-app-btn\" target=\"_self\" rel=\"nofollow noopener\"><img decoding=\"async\" class=\"ds-111g4a3\" alt=\"Disponible sur Google Play\" loading=\"lazy\" src=\"https:\/\/www.europesays.com\/fr\/wp-content\/uploads\/2025\/04\/PlayStore_fr.png\"\/><\/a><\/p>\n<ul class=\"ds-6dci8q\">\n<li class=\"ds-7m7syb\">Sites<\/li>\n<li class=\"ds-1cscmpv\">Entreprise<\/li>\n<li class=\"ds-zl6jy0\">Infos l\u00e9gales<\/li>\n<li class=\"ds-1sbkvid\">R\u00e9seaux sociaux<\/li>\n<li class=\"ds-1f682iq\"\/>\n<li class=\"ds-1b8mr4m\" data-testid=\"newsletter\">NewsletterAdresse e-mail<\/li>\n<\/ul>\n<p class=\"ds-8tdfc6\">Tous droits de reproduction et de diffusion r\u00e9serv\u00e9s \u00a9 2025 ARTE G.E.I.E. &#8211; ARTE G.E.I.E. 4, quai du chanoine Winterer CS 20035 &#8211; 67080 Strasbourg Cedex<\/p>\n","protected":false},"excerpt":{"rendered":"ARTE Journal &#8211; 29\/07\/2025 &#8211; La Russie intensifie ses bombardements \/ La faim dans le monde &#8211; Regarder&hellip;\n","protected":false},"author":2,"featured_media":282541,"comment_status":"","ping_status":"","sticky":false,"template":"","format":"standard","meta":{"footnotes":""},"categories":[1591],"tags":[11,1887,12,1885,1886,132],"class_list":{"0":"post-282540","1":"post","2":"type-post","3":"status-publish","4":"format-standard","5":"has-post-thumbnail","7":"category-russie","8":"tag-actualites","9":"tag-federation-de-russie","10":"tag-news","11":"tag-russia","12":"tag-russian-federation","13":"tag-russie"},"share_on_mastodon":{"url":"https:\/\/pubeurope.com\/@fr\/114938040017973474","error":""},"_links":{"self":[{"href":"https:\/\/www.europesays.com\/fr\/wp-json\/wp\/v2\/posts\/282540","targetHints":{"allow":["GET"]}}],"collection":[{"href":"https:\/\/www.europesays.com\/fr\/wp-json\/wp\/v2\/posts"}],"about":[{"href":"https:\/\/www.europesays.com\/fr\/wp-json\/wp\/v2\/types\/post"}],"author":[{"embeddable":true,"href":"https:\/\/www.europesays.com\/fr\/wp-json\/wp\/v2\/users\/2"}],"replies":[{"embeddable":true,"href":"https:\/\/www.europesays.com\/fr\/wp-json\/wp\/v2\/comments?post=282540"}],"version-history":[{"count":0,"href":"https:\/\/www.europesays.com\/fr\/wp-json\/wp\/v2\/posts\/282540\/revisions"}],"wp:featuredmedia":[{"embeddable":true,"href":"https:\/\/www.europesays.com\/fr\/wp-json\/wp\/v2\/media\/282541"}],"wp:attachment":[{"href":"https:\/\/www.europesays.com\/fr\/wp-json\/wp\/v2\/media?parent=282540"}],"wp:term":[{"taxonomy":"category","embeddable":true,"href":"https:\/\/www.europesays.com\/fr\/wp-json\/wp\/v2\/categories?post=282540"},{"taxonomy":"post_tag","embeddable":true,"href":"https:\/\/www.europesays.com\/fr\/wp-json\/wp\/v2\/tags?post=282540"}],"curies":[{"name":"wp","href":"https:\/\/api.w.org\/{rel}","templated":true}]}}