{"id":282544,"date":"2025-07-29T18:55:10","date_gmt":"2025-07-29T18:55:10","guid":{"rendered":"https:\/\/www.europesays.com\/fr\/282544\/"},"modified":"2025-07-29T18:55:10","modified_gmt":"2025-07-29T18:55:10","slug":"gabriel-attal-estime-quil-sera-difficile-dobtenir-mieux-tant-que-leurope-ne-sera-pas-plus-forte","status":"publish","type":"post","link":"https:\/\/www.europesays.com\/fr\/282544\/","title":{"rendered":"Gabriel Attal estime qu&rsquo;il sera difficile d&rsquo;obtenir \u00ab\u00a0mieux\u00a0\u00bb tant que \u00ab\u00a0l&rsquo;Europe ne sera pas plus forte\u00a0\u00bb"},"content":{"rendered":"<p>L&rsquo;ancien Premier ministre estime que l&rsquo;accord conclu avec Donald Trump \u00ab\u00a0n&rsquo;est pas bon\u00a0\u00bb, et appelle l&rsquo;Union europ\u00e9enne \u00e0 devenir plus puissante pour pouvoir mieux n\u00e9gocier.<\/p>\n<p>L&rsquo;accord commercial <a href=\"https:\/\/www.bfmtv.com\/economie\/economie-social\/union-europeenne\/nous-avons-un-accord-les-etats-unis-et-l-union-europeenne-ont-conclu-un-accord-sur-les-droits-de-douane_AN-202507270275.html\" title=\"&quot;Nous avons un accord&quot;: les \u00c9tats-Unis et l&#039;Union europ\u00e9enne ont conclu un accord sur les droits de douane\" class=\"internal_link\" rel=\"nofollow noopener\" target=\"_blank\">conclu entre les Etats-Unis et l&rsquo;Union europ\u00e9enne<\/a> \u00ab\u00a0n&rsquo;est pas bon\u00a0\u00bb mais \u00ab\u00a0nous ne pourrons pas obtenir mieux tant que l&rsquo;Europe ne sera pas plus forte\u00a0\u00bb, estime le patron du parti pr\u00e9sidentiel Renaissance Gabriel Attal, qui appelle \u00e0 faire de l&rsquo;UE une \u00ab\u00a0puissance politique\u00a0\u00bb et \u00e9conomique.<\/p>\n<p>\u00ab\u00a0Cet accord n&rsquo;est pas bon, c&rsquo;est vrai. Mais nous ne pourrons pas obtenir mieux tant que l&rsquo;Europe ne sera pas plus forte. Tant que nous n&rsquo;assumerons pas pleinement notre puissance \u00e9conomique, technologique mais aussi politique\u00a0\u00bb, \u00e9crit l&rsquo;ancien Premier ministre macroniste, dans une tribune mise en ligne, mardi 29 juillet dans la soir\u00e9e, par Le Figaro.<\/p>\n<p>Gabriel Attal appelle l&rsquo;UE \u00e0 devenir plus puissante<\/p>\n<p>Le pr\u00e9sident de la R\u00e9publique, partisan d&rsquo;une ligne ferme face aux Etats-Unis ces derniers mois, ne s&rsquo;est pas encore exprim\u00e9 sur cet accord qui pr\u00e9voit une hausse de 15% des droits de douane sur les exportations europ\u00e9ennes.<\/p>\n<p>La classe politique fran\u00e7aise a \u00e9t\u00e9 unanime \u00e0 le d\u00e9noncer. Le Premier ministre Fran\u00e7ois Bayrou a m\u00eame \u00e9voqu\u00e9 un \u00ab\u00a0jour sombre\u00a0\u00bb pour l&rsquo;Europe, qui \u00ab\u00a0se r\u00e9sout \u00e0 la soumission\u00a0\u00bb.<\/p>\n<p>Plus nuanc\u00e9, le ministre de l&rsquo;Economie Eric Lombard, qui doit r\u00e9unir mercredi \u00e0 Bercy les secteurs concern\u00e9s, a estim\u00e9 que l&rsquo;accord n&rsquo;\u00e9tait \u00ab\u00a0pas complet\u00a0\u00bb et que \u00ab\u00a0le travail continuait\u00a0\u00bb pour qu&rsquo;il \u00ab\u00a0soit am\u00e9lior\u00e9\u00a0\u00bb.<\/p>\n<p>Imposer des droits de douane aux g\u00e9ants du num\u00e9rique<\/p>\n<p>Dans sa tribune, Gabriel Attal consid\u00e8re que \u00ab\u00a0si nous n&rsquo;avons pas pu n\u00e9gocier un meilleur accord, c&rsquo;est parce que l&rsquo;Europe est politiquement faible et divis\u00e9e. Alors, plut\u00f4t que de suivre le chemin hasardeux du repli propos\u00e9 par les extr\u00eames, construisons notre puissance politique\u00a0\u00bb.<\/p>\n<p>Il propose pour ce faire \u00ab\u00a0une \u00e9lection de la pr\u00e9sidence de la Commission europ\u00e9enne au suffrage universel direct\u00a0\u00bb et \u00ab\u00a0un renforcement consid\u00e9rable du poids et de la l\u00e9gitimit\u00e9 du Parlement europ\u00e9en\u00a0\u00bb qui aurait du pouvoir, selon lui, \u00ab\u00a0adopter\u00a0\u00bb un tel accord.<\/p>\n<p>Pour installer un \u00ab\u00a0rapport de force\u00a0\u00bb avec les Etats-Unis, il sugg\u00e8re d&rsquo;imposer des droits de douane \u00ab\u00a0significatifs\u00a0\u00bb sur les g\u00e9ants du num\u00e9rique et ce \u00ab\u00a0jusqu&rsquo;\u00e0 la conclusion d&rsquo;un accord sur la base de nos termes\u00a0\u00bb.<\/p>\n<p>\u00ab\u00a0L&rsquo;Europe a les moyens de r\u00e9sister \u00e0 cette nouvelle guerre froide \u00e9conomique et technologique\u00a0\u00bb m\u00eame si \u00ab\u00a0aucun responsable politique entendu ces derniers jours ne sait d\u00e9passer la col\u00e8re &#8211; l\u00e9gitime &#8211; pour proposer des solutions &#8211; vitales\u00a0\u00bb, accuse au passage Gabriel Attal.<\/p>\n","protected":false},"excerpt":{"rendered":"L&rsquo;ancien Premier ministre estime que l&rsquo;accord conclu avec Donald Trump \u00ab\u00a0n&rsquo;est pas bon\u00a0\u00bb, et appelle l&rsquo;Union europ\u00e9enne \u00e0&hellip;\n","protected":false},"author":2,"featured_media":282545,"comment_status":"","ping_status":"","sticky":false,"template":"","format":"standard","meta":{"footnotes":""},"categories":[1589],"tags":[11,73,1866,12,1864,1865,1863,308],"class_list":{"0":"post-282544","1":"post","2":"type-post","3":"status-publish","4":"format-standard","5":"has-post-thumbnail","7":"category-etats-unis","8":"tag-actualites","9":"tag-etats-unis","10":"tag-etats-unis-damerique","11":"tag-news","12":"tag-united-states","13":"tag-united-states-of-america","14":"tag-us","15":"tag-usa"},"share_on_mastodon":{"url":"https:\/\/pubeurope.com\/@fr\/114938047668697280","error":""},"_links":{"self":[{"href":"https:\/\/www.europesays.com\/fr\/wp-json\/wp\/v2\/posts\/282544","targetHints":{"allow":["GET"]}}],"collection":[{"href":"https:\/\/www.europesays.com\/fr\/wp-json\/wp\/v2\/posts"}],"about":[{"href":"https:\/\/www.europesays.com\/fr\/wp-json\/wp\/v2\/types\/post"}],"author":[{"embeddable":true,"href":"https:\/\/www.europesays.com\/fr\/wp-json\/wp\/v2\/users\/2"}],"replies":[{"embeddable":true,"href":"https:\/\/www.europesays.com\/fr\/wp-json\/wp\/v2\/comments?post=282544"}],"version-history":[{"count":0,"href":"https:\/\/www.europesays.com\/fr\/wp-json\/wp\/v2\/posts\/282544\/revisions"}],"wp:featuredmedia":[{"embeddable":true,"href":"https:\/\/www.europesays.com\/fr\/wp-json\/wp\/v2\/media\/282545"}],"wp:attachment":[{"href":"https:\/\/www.europesays.com\/fr\/wp-json\/wp\/v2\/media?parent=282544"}],"wp:term":[{"taxonomy":"category","embeddable":true,"href":"https:\/\/www.europesays.com\/fr\/wp-json\/wp\/v2\/categories?post=282544"},{"taxonomy":"post_tag","embeddable":true,"href":"https:\/\/www.europesays.com\/fr\/wp-json\/wp\/v2\/tags?post=282544"}],"curies":[{"name":"wp","href":"https:\/\/api.w.org\/{rel}","templated":true}]}}