{"id":282546,"date":"2025-07-29T18:56:12","date_gmt":"2025-07-29T18:56:12","guid":{"rendered":"https:\/\/www.europesays.com\/fr\/282546\/"},"modified":"2025-07-29T18:56:12","modified_gmt":"2025-07-29T18:56:12","slug":"le-royaume-uni-assure-quil-reconnaitra-la-palestine-sauf-si-israel-prend-certaines-mesures-a-gaza","status":"publish","type":"post","link":"https:\/\/www.europesays.com\/fr\/282546\/","title":{"rendered":"Le Royaume-Uni assure qu\u2019il reconna\u00eetra la Palestine, sauf si Isra\u00ebl prend certaines \u00ab\u00a0mesures\u00a0\u00bb \u00e0 Gaza"},"content":{"rendered":"<p>        <img decoding=\"async\" loading=\"lazy\" src=\"https:\/\/www.europesays.com\/fr\/wp-content\/uploads\/2025\/07\/307ce57_1720272403110-000-362y2j7.jpg\"  width=\"728\" height=\"409\" alt=\"Le Premier ministre britannique Keir Starmer (ici en juillet\u00a02024) assure que le Royaume-Uni reconna\u00eetra l\u2019\u00c9tat de Palestine, sauf si Isra\u00ebl prend certaines \u00ab\u00a0mesures\u00a0\u00bb \u00e0 Gaza.\"\/>  <\/p>\n<p>CLAUDIA GRECO \/ AFP<\/p>\n<p>Le Premier ministre britannique Keir Starmer (ici en juillet\u00a02024) assure que le Royaume-Uni reconna\u00eetra l\u2019\u00c9tat de Palestine, sauf si Isra\u00ebl prend certaines \u00ab\u00a0mesures\u00a0\u00bb \u00e0 Gaza.<\/p>\n<p class=\"asset asset-text\">INTERNATIONAL &#8211; Londres pourrait bien embo\u00eeter le pas \u00e0 <a href=\"https:\/\/www.huffingtonpost.fr\/france\/video\/a-paris-la-vasque-olympique-affiche-stop-genocide-a-gaza-pendant-un-happening-d-amnesty-international_253017.html\" target=\"_blank\" rel=\"noopener\">Paris<\/a>. Le Premier ministre britannique Keir Starmer a annonc\u00e9 ce mardi 29\u00a0juillet que son pays <a href=\"https:\/\/www.huffingtonpost.fr\/international\/article\/l-annonce-de-la-reconnaissance-de-la-palestine-par-emmanuel-macron-revele-les-fractures-de-l-europe_252977.html\" target=\"_blank\" rel=\"noopener\">reconna\u00eetrait l\u2019\u00c9tat de Palestine<\/a> \u00ab\u00a0d\u2019ici \u00e0 l\u2019Assembl\u00e9e g\u00e9n\u00e9rale des Nations unies\u00a0en septembre\u00a0\u00bb, sauf si Isra\u00ebl prenait une s\u00e9rie d\u2019engagements, dont celui d\u2019un cessez-le-feu dans <a href=\"https:\/\/www.huffingtonpost.fr\/international\/article\/gaza-la-france-va-se-joindre-aux-operations-de-largage-d-aide-humanitaire-dans-les-prochains-jours_253082.html\" target=\"_blank\" rel=\"noopener\">la bande de Gaza<\/a> assi\u00e9g\u00e9e.<\/p>\n<p class=\"asset asset-text\">Le dirigeant travailliste l\u2019assure, le Royaume-Uni fera comme la France en septembre, \u00ab\u00a0\u00e0 moins que le gouvernement isra\u00e9lien ne prenne des mesures substantielles pour mettre fin \u00e0 la situation \u00e9pouvantable \u00e0 Gaza, convienne d\u2019un cessez-le-feu et s\u2019engage dans une paix durable et \u00e0 long terme, ravivant la perspective d\u2019une solution \u00e0 deux \u00c9tats\u00a0\u00bb.<\/p>\n<p class=\"asset asset-text\">Keir Starmer demande aussi \u00e0 Isra\u00ebl de \u00ab\u00a0permettre aux Nations unies de reprendre la fourniture d\u2019aide et de s\u2019engager \u00e0 ce qu\u2019il n\u2019y ait pas d\u2019annexions en Cisjordanie\u00a0\u00bb. La pression s\u2019\u00e9tait intensifi\u00e9e ces derniers jours sur le Britannique, apr\u00e8s l\u2019annonce d\u2019Emmanuel Macron jeudi que <a href=\"https:\/\/www.huffingtonpost.fr\/international\/article\/emmanuel-macron-annonce-la-reconnaissance-de-l-etat-de-palestine-par-la-france-en-septembre_252960.html\" target=\"_blank\" rel=\"noopener\">la France allait reconna\u00eetre un \u00c9tat palestinien<\/a> lors de l\u2019Assembl\u00e9e g\u00e9n\u00e9rale de l\u2019ONU en septembre, devenant ainsi le premier pays du G7 \u00e0 le faire.<\/p>\n<p class=\"asset asset-text\">\u00ab\u00a0J\u2019ai toujours dit que nous reconna\u00eetrions un \u00c9tat palestinien comme une contribution \u00e0 un v\u00e9ritable processus de paix, au moment o\u00f9 cela aurait le plus d\u2019impact pour une solution \u00e0 deux \u00c9tats. Maintenant que cette solution est menac\u00e9e, c\u2019est le moment d\u2019agir\u00a0\u00bb, a poursuivi Keir Starmer \u00e0 l\u2019issue d\u2019une r\u00e9union de son cabinet, qu\u2019il avait rappel\u00e9 mardi en urgence.<\/p>\n<p class=\"asset asset-text\">Il exige du Hamas la lib\u00e9ration des otages restants ainsi que sa d\u00e9militarisation totale, afin qu\u2019il \u00ab\u00a0ne joue plus aucun r\u00f4le cl\u00e9\u00a0\u00bb dans le territoire palestinien. Un appel \u00e0 la d\u00e9militarisation du mouvement islamiste palestinien a par ailleurs \u00e9t\u00e9 lanc\u00e9 ce mardi par dix-sept pays dont la France et le Royaume-Uni, mais aussi plusieurs nations arabes comme le Qatar, l\u2019\u00c9gypte et l\u2019Arabie saoudite.<\/p>\n<p>    Isra\u00ebl a \u00ab\u00a0rejet\u00e9\u00a0\u00bb l\u2019annonce britannique    <\/p>\n<p class=\"asset asset-text\">Sans surprise, la d\u00e9claration du Premier ministre britannique sur la reconnaissance de la Palestine a fortement d\u00e9plu \u00e0 Isra\u00ebl, qui a \u00ab\u00a0rejet\u00e9\u00a0\u00bb son annonce. \u00ab\u00a0Le changement de position du gouvernement britannique \u00e0 ce moment pr\u00e9cis, \u00e0 la suite de l\u2019initiative fran\u00e7aise et sous la pression politique int\u00e9rieure, constitue une r\u00e9compense pour le Hamas et nuit aux efforts visant \u00e0 obtenir un cessez-le-feu \u00e0 Gaza ainsi qu\u2019un cadre pour la lib\u00e9ration des otages\u00a0\u00bb, a fustig\u00e9 le minist\u00e8re isra\u00e9lien des Affaires \u00e9trang\u00e8res dans un communiqu\u00e9.<\/p>\n<p class=\"asset asset-text\">La veille, le pr\u00e9sident am\u00e9ricain <a href=\"https:\/\/www.huffingtonpost.fr\/international\/video\/face-a-donald-trump-keir-starmer-tente-de-defendre-le-maire-de-londres-sadiq-khan-c-est-mon-ami_253070.html\" target=\"_blank\" rel=\"noopener\">Donald Trump<\/a> s\u2019\u00e9tait quant \u00e0 lui abstenu de toute critique \u00e0 propos d\u2019une \u00e9ventuelle reconnaissance, lors d\u2019une conf\u00e9rence de presse dans son complexe de golf de Turnberry, en \u00c9cosse. Quand les journalistes lui avaient demand\u00e9 si Keir Starmer devait c\u00e9der \u00e0 la pression croissante des d\u00e9put\u00e9s britanniques et reconna\u00eetre l\u2019\u00c9tat de Palestine comme la France, Trump avait simplement d\u00e9clar\u00e9\u00a0: \u00ab\u00a0Je ne vais pas prendre position, \u00e7a ne me d\u00e9range pas que lui [Starmer] le fasse\u00a0\u00bb.<\/p>\n<p class=\"asset asset-text\">Selon le d\u00e9compte et les v\u00e9rifications de l\u2019AFP, au moins 142 des 193 \u00c9tats membres de l\u2019ONU, dont la France, reconnaissent l\u2019\u00c9tat palestinien proclam\u00e9 par la direction palestinienne en exil en 1988. Plus d\u2019un tiers des d\u00e9put\u00e9s britanniques avaient exhort\u00e9 M. Starmer \u00e0 embo\u00eeter le pas \u00e0 Macron dans une lettre publi\u00e9e vendredi.<\/p>\n<p class=\"asset asset-text\">\u00ab\u00a0La reconnaissance de l\u2019\u00c9tat palestinien est une question de \u201cquand\u201d, et non de \u201csi\u201d\u00a0\u00bb, avait indiqu\u00e9 mardi un porte-parole de Downing Street, quelques heures avant cette annonce, ajoutant que le Premier ministre cherchait \u00ab\u00a0une route durable vers une solution \u00e0 deux \u00c9tats\u00a0\u00bb. Lors de sa visite d\u2019\u00c9tat au Royaume-Uni le 10\u00a0juillet, <a href=\"https:\/\/www.huffingtonpost.fr\/politique\/article\/emmanuel-macron-repond-a-zaho-de-sagazan-qui-l-avait-interpelle-sur-gaza-votre-message-est-un-cri-lucide_253029.html\" target=\"_blank\" rel=\"noopener\">Emmanuel Macron<\/a> avait appel\u00e9 Keir Starmer \u00e0 une reconnaissance commune de la Palestine, soulignant \u00ab\u00a0la n\u00e9cessit\u00e9 d\u2019unir nos voix \u00e0 Paris, \u00e0 Londres et partout ailleurs\u00a0\u00bb, avant de se r\u00e9soudre \u00e0 faire l\u2019annonce en solitaire quinze jours plus tard.<\/p>\n","protected":false},"excerpt":{"rendered":"CLAUDIA GRECO \/ AFP Le Premier ministre britannique Keir Starmer (ici en juillet\u00a02024) assure que le Royaume-Uni reconna\u00eetra&hellip;\n","protected":false},"author":2,"featured_media":282547,"comment_status":"","ping_status":"","sticky":false,"template":"","format":"standard","meta":{"footnotes":""},"categories":[1588],"tags":[11,3259,1777,674,665,14,664,2581,12,3518,473,1853,1851,1850,1852],"class_list":{"0":"post-282546","1":"post","2":"type-post","3":"status-publish","4":"format-standard","5":"has-post-thumbnail","7":"category-royaume-uni","8":"tag-actualites","9":"tag-conflit-israelo-palestinien","10":"tag-eu","11":"tag-europe","12":"tag-gaza","13":"tag-international","14":"tag-israel","15":"tag-keir-starmer","16":"tag-news","17":"tag-palestine","18":"tag-royaume-uni","19":"tag-royaume-uni-de-grande-bretagne-et-dirlande-du-nord","20":"tag-uk","21":"tag-united-kingdom","22":"tag-united-kingdom-of-great-britain-and-northern-ireland"},"share_on_mastodon":{"url":"https:\/\/pubeurope.com\/@fr\/114938051639151435","error":""},"_links":{"self":[{"href":"https:\/\/www.europesays.com\/fr\/wp-json\/wp\/v2\/posts\/282546","targetHints":{"allow":["GET"]}}],"collection":[{"href":"https:\/\/www.europesays.com\/fr\/wp-json\/wp\/v2\/posts"}],"about":[{"href":"https:\/\/www.europesays.com\/fr\/wp-json\/wp\/v2\/types\/post"}],"author":[{"embeddable":true,"href":"https:\/\/www.europesays.com\/fr\/wp-json\/wp\/v2\/users\/2"}],"replies":[{"embeddable":true,"href":"https:\/\/www.europesays.com\/fr\/wp-json\/wp\/v2\/comments?post=282546"}],"version-history":[{"count":0,"href":"https:\/\/www.europesays.com\/fr\/wp-json\/wp\/v2\/posts\/282546\/revisions"}],"wp:featuredmedia":[{"embeddable":true,"href":"https:\/\/www.europesays.com\/fr\/wp-json\/wp\/v2\/media\/282547"}],"wp:attachment":[{"href":"https:\/\/www.europesays.com\/fr\/wp-json\/wp\/v2\/media?parent=282546"}],"wp:term":[{"taxonomy":"category","embeddable":true,"href":"https:\/\/www.europesays.com\/fr\/wp-json\/wp\/v2\/categories?post=282546"},{"taxonomy":"post_tag","embeddable":true,"href":"https:\/\/www.europesays.com\/fr\/wp-json\/wp\/v2\/tags?post=282546"}],"curies":[{"name":"wp","href":"https:\/\/api.w.org\/{rel}","templated":true}]}}