{"id":282548,"date":"2025-07-29T18:57:09","date_gmt":"2025-07-29T18:57:09","guid":{"rendered":"https:\/\/www.europesays.com\/fr\/282548\/"},"modified":"2025-07-29T18:57:09","modified_gmt":"2025-07-29T18:57:09","slug":"pont-aerien-humanitaire-de-lallemagne-vers-gaza-dw-29-07-2025","status":"publish","type":"post","link":"https:\/\/www.europesays.com\/fr\/282548\/","title":{"rendered":"Pont a\u00e9rien humanitaire de l&rsquo;Allemagne vers Gaza \u2013 DW \u2013 29\/07\/2025"},"content":{"rendered":"<p>La situation humanitaire catastrophique \u00e0 Gaza, un des sujets phares au menu des \u00e9changes entre <a class=\"internal-link\" href=\"https:\/\/www.dw.com\/fr\/friedrich-merz\/t-71293710\" rel=\"nofollow noopener\" target=\"_blank\">Friedrich Merz<\/a> et le roi Abdallah II, ce mardi 29 juillet \u00e0 Berlin.<\/p>\n<p>Depuis quelques jours, Berlin accentue la pression sur Isra\u00ebl pour qu&rsquo;il am\u00e9liore rapidement le quotidien des Palestiniens de Gaza. Et ce mardi, le chancelier allemand a confirm\u00e9 le d\u00e9but du pont a\u00e9rien humanitaire pour Gaza.<\/p>\n<p>\u00ab\u00a0En ce moment m\u00eame, deux avions A400M sont en route pour la Jordanie, o\u00f9 ils seront \u00e9quip\u00e9s et ravitaill\u00e9s, afin de pouvoir effectuer leurs missions respectives, d&rsquo;ici le week-end au plus tard, voire \u00e0 partir de demain. Cette op\u00e9ration sera coordonn\u00e9e avec les Fran\u00e7ais et les Britanniques. Il sera ensuite possible de partir de Jordanie, \u00e9galement en coordination avec le gouvernement isra\u00e9lien et les autorisations d&rsquo;espace a\u00e9rien correspondantes\u00a0\u00bb.<\/p>\n<p>Lundi, \u00e0 la veille donc de sa rencontre avec le roi Abdallah II de Jordanie, le chancelier allemand, Friedrich Merz, avait fait l\u2019annonce de ce pont a\u00e9rien. Un pont en vue d&rsquo;acheminer des <a class=\"internal-link\" href=\"https:\/\/www.dw.com\/fr\/mourir-distribution-aide-humanitaire-gaza\/a-73374269\" rel=\"nofollow noopener\" target=\"_blank\">denr\u00e9es alimentaires<\/a> et des fournitures m\u00e9dicales.\u00a0<\/p>\n<p>\u00ab\u00a0Nous savons que cela ne repr\u00e9sente qu&rsquo;une aide minime pour les habitants de Gaza, mais c&rsquo;est tout de m\u00eame une contribution que nous sommes heureux d&rsquo;apporter. Nous voulons mettre fin le plus rapidement possible aux souffrances humanitaires de la population civile\u00a0\u00bb, avait affirm\u00e9 Friedrich Merz.\u00a0<\/p>\n<p>En Allemagne, certains, notamment des ONG de d\u00e9fense des droits de l&rsquo;homme, doutent de l&rsquo;efficacit\u00e9 de ce pont a\u00e9rien. Pour eux, il ne s&rsquo;agit \u00ab\u00a0rien de plus que d&rsquo;un geste symbolique\u00a0\u00bb.\u00a0<\/p>\n<p><img data-format=\"MASTER_LANDSCAPE\" data-id=\"73455313\" data-url=\"https:\/\/static.dw.com\/image\/73455313_${formatId}.jpg\" data-aspect-ratio=\"16\/9\" alt=\"Friedrich Merz et le roi Abdallah II de Jordanie le 29 juillet 2025 \u00e0 Berlin\" style=\"padding-bottom: 56.25%; height: 0; max-height: 0;\"\/>L&rsquo;Allemagne et la Jordanie entendent travailler ensemble pour aider la population de GazaImage : Ebrahim Noroozi\/AP Photo\/picture alliance<\/p>\n<p>Un tournant alarmant et mortel<\/p>\n<p>La crise humanitaire \u00e0 Gaza, ravag\u00e9 par pr\u00e8s de vingt-deux mois d\u2019offensive isra\u00e9lienne, \u00ab\u00a0a atteint un tournant alarmant et mortel\u00a0\u00bb,\u00a0a indiqu\u00e9, ce mardi, un rapport, d&rsquo;organisations non-gouvernementales, d&rsquo;institutions r\u00e9gionales et d&rsquo;agences sp\u00e9cialis\u00e9es de l&rsquo;Onu.<\/p>\n<p>Selon ce rapport du cadre int\u00e9gr\u00e9 de classification de la s\u00e9curit\u00e9 alimentaire, le \u00ab\u00a0pire sc\u00e9nario de famine est en cours dans la bande de Gaza\u00a0\u00bb,\u00a0en raison de <a class=\"internal-link\" href=\"https:\/\/www.dw.com\/fr\/gaza-aide-humanitaire-operation-militaire\/a-72616249\" rel=\"nofollow noopener\" target=\"_blank\">l\u2019intensification des combats<\/a>, des d\u00e9placements massifs de population et des restrictions \u00e0 l\u2019aide humanitaire.<\/p>\n<p>\u00ab\u00a0Plus de 20\u00a0000 enfants ont \u00e9t\u00e9 trait\u00e9s contre la malnutrition aigu\u00eb, entre avril et la mi-juillet, dont plus de 3\u00a0000 souffraient de malnutrition s\u00e9v\u00e8re\u00a0\u00bb, ajoute l\u2019IPC, un organisme soutenu par l\u2019Onu.\u00a0<\/p>\n<p>En outre, selon le m\u00eame rapport, les h\u00f4pitaux ont signal\u00e9 au moins seize morts d\u2019enfants de moins de cinq ans depuis le 17\u00a0juillet.<\/p>\n<p>Cette alerte de l\u2019IPC est lanc\u00e9e au moment o\u00f9 les Nations unies ont mis en garde contre toute utilisation de la faim comme arme de guerre, et que la pression internationale s\u2019accentue sur Isra\u00ebl pour qu\u2019il mette fin \u00e0 son blocus total de Gaza, impos\u00e9 en mars.<\/p>\n<p>Pour le Programme alimentaire mondial, la catastrophe humanitaire \u00e0 Gaza rappelle les famines en Ethiopie et au Biafra, au Nigeria, au si\u00e8cle dernier.\u00a0<\/p>\n<p>Le pr\u00e9sident am\u00e9ricain, Donald Trump, a lui-m\u00eame affirm\u00e9, lundi, qu&rsquo;il y avait des signes d&rsquo;une \u00ab\u00a0vraie famine\u00a0\u00bb \u00e0 Gaza.<\/p>\n<p><img data-format=\"MASTER_LANDSCAPE\" data-id=\"73450493\" data-url=\"https:\/\/static.dw.com\/image\/73450493_${formatId}.jpg\" data-aspect-ratio=\"16\/9\" alt=\"Le point de passage de Rafah, qui m\u00e8ne vers le sud du territoire palestinien depuis l'Egypte, le 29 juillet 2025\" style=\"padding-bottom: 56.25%; height: 0; max-height: 0;\"\/>Des centaines de camions d&rsquo;aide sont d\u00e9j\u00e0 arriv\u00e9s \u00e0 GazaImage : Ahmed Sayed\/Anadolu Agency\/IMAGO<\/p>\n<p>Au moins 500 \u00e0 600 camions chaque jour<\/p>\n<p>Face \u00e0 la pression internationale, les autorit\u00e9s isra\u00e9liennes ont annonc\u00e9 que les aides transport\u00e9es par plus de 200\u00a0camions avaient \u00e9t\u00e9 distribu\u00e9es, lundi, par l\u2019Onu et des agences humanitaires \u00e0 Gaza.\u00a0<\/p>\n<p>Environ 260\u00a0autres camions ont \u00e9t\u00e9 autoris\u00e9s \u00e0 entrer \u00e0 Gaza pour d\u00e9charger les aides aux points de collecte, alors que quatre camions-citernes de l\u2019Onu ont transport\u00e9 du carburant, selon les autorit\u00e9s isra\u00e9liennes.<\/p>\n<p>Pour l&rsquo;Onu, il faut chaque jour au moins 500 \u00e0 600 camions de nourriture, de m\u00e9dicaments et de produits d\u2019hygi\u00e8ne pour subvenir aux besoins immenses de la population palestinienne.<\/p>\n<p>Le chancelier allemand a, par ailleurs, r\u00e9it\u00e9r\u00e9 l&rsquo;exigence du gouvernement allemand d&rsquo;un cessez-le-feu durable \u00e0 Gaza. Pour cela, selon Berlin, l\u2019organisation islamiste Hamas doit ouvrir la voie, lib\u00e9rer les otages et d\u00e9poser les armes. Friedrich Merz a rappel\u00e9 \u00e0 Isra\u00ebl qu&rsquo;il ne devait pas y avoir d&rsquo;expulsions dans la bande de Gaza, ni de nouvelles \u00e9tapes vers l&rsquo;annexion de territoires en Cisjordanie.\u00a0<\/p>\n<p>La reconnaissance d&rsquo;un \u00c9tat palestinien &#8211; comme l&rsquo;a annonc\u00e9 la France &#8211; n&rsquo;est pas \u00e0 l&rsquo;ordre du jour pour le gouvernement allemand. Il ne s&rsquo;agit pas d&rsquo;une \u00ab\u00a0premi\u00e8re \u00e9tape, mais d&rsquo;une des \u00e9tapes \u00e9ventuellement finales\u00a0\u00bb\u00a0sur la voie d&rsquo;une solution \u00e0 deux \u00c9tats.<br \/>\u00a0<\/p>\n","protected":false},"excerpt":{"rendered":"La situation humanitaire catastrophique \u00e0 Gaza, un des sujets phares au menu des \u00e9changes entre Friedrich Merz et&hellip;\n","protected":false},"author":2,"featured_media":282549,"comment_status":"","ping_status":"","sticky":false,"template":"","format":"standard","meta":{"footnotes":""},"categories":[1587],"tags":[11,672,1804,1805,1803,1777,674,1801,12,1802],"class_list":{"0":"post-282548","1":"post","2":"type-post","3":"status-publish","4":"format-standard","5":"has-post-thumbnail","7":"category-allemagne","8":"tag-actualites","9":"tag-allemagne","10":"tag-bundesrepublik-deutschland","11":"tag-de","12":"tag-deutschland","13":"tag-eu","14":"tag-europe","15":"tag-germany","16":"tag-news","17":"tag-republique-federale-dallemagne"},"share_on_mastodon":{"url":"https:\/\/pubeurope.com\/@fr\/114938055517421737","error":""},"_links":{"self":[{"href":"https:\/\/www.europesays.com\/fr\/wp-json\/wp\/v2\/posts\/282548","targetHints":{"allow":["GET"]}}],"collection":[{"href":"https:\/\/www.europesays.com\/fr\/wp-json\/wp\/v2\/posts"}],"about":[{"href":"https:\/\/www.europesays.com\/fr\/wp-json\/wp\/v2\/types\/post"}],"author":[{"embeddable":true,"href":"https:\/\/www.europesays.com\/fr\/wp-json\/wp\/v2\/users\/2"}],"replies":[{"embeddable":true,"href":"https:\/\/www.europesays.com\/fr\/wp-json\/wp\/v2\/comments?post=282548"}],"version-history":[{"count":0,"href":"https:\/\/www.europesays.com\/fr\/wp-json\/wp\/v2\/posts\/282548\/revisions"}],"wp:featuredmedia":[{"embeddable":true,"href":"https:\/\/www.europesays.com\/fr\/wp-json\/wp\/v2\/media\/282549"}],"wp:attachment":[{"href":"https:\/\/www.europesays.com\/fr\/wp-json\/wp\/v2\/media?parent=282548"}],"wp:term":[{"taxonomy":"category","embeddable":true,"href":"https:\/\/www.europesays.com\/fr\/wp-json\/wp\/v2\/categories?post=282548"},{"taxonomy":"post_tag","embeddable":true,"href":"https:\/\/www.europesays.com\/fr\/wp-json\/wp\/v2\/tags?post=282548"}],"curies":[{"name":"wp","href":"https:\/\/api.w.org\/{rel}","templated":true}]}}