{"id":282552,"date":"2025-07-29T18:59:13","date_gmt":"2025-07-29T18:59:13","guid":{"rendered":"https:\/\/www.europesays.com\/fr\/282552\/"},"modified":"2025-07-29T18:59:13","modified_gmt":"2025-07-29T18:59:13","slug":"une-demonstration-dintelligence-pour-bernard-arnault-lue-a-conclu-un-bon-accord-avec-les-etats-unis-sur-les-droits-de-douane","status":"publish","type":"post","link":"https:\/\/www.europesays.com\/fr\/282552\/","title":{"rendered":"\u00ab\u00a0Une d\u00e9monstration d\u2019intelligence\u00a0\u00bb\u00a0: pour Bernard Arnault, l\u2019UE a conclu un \u00ab\u00a0bon accord\u00a0\u00bb avec les \u00c9tats-Unis sur les droits de douane"},"content":{"rendered":"<p class=\"paragraph text_align_left lp-f-body-02\"><a href=\"https:\/\/www.leparisien.fr\/economie\/droits-de-douane-bernard-arnault-juge-indispensable-un-accord-amiable-entre-ue-et-usa-24-07-2025-GDH7FHSNRVDHHLDM4EBFXAG3YU.php\" target=\"_blank\" rel=\"nofollow noopener\">Bernard Arnault<\/a> d\u00e9fend <a href=\"https:\/\/www.leparisien.fr\/international\/donald-trump-affirme-que-lue-ne-beneficiera-pas-de-droits-de-douane-inferieurs-a-15-27-07-2025-R3F6Y5ROEZF7LOBEECQWLUXYT4.php\" target=\"_self\" rel=\"nofollow noopener\">l\u2019accord conclu sur les droits de douane entre les \u00c9tats-Unis et l\u2019Europe<\/a>. Selon le PDG du num\u00e9ro un mondial du luxe LVMH, le compromis trouv\u00e9 par Donald Trump et Ursula von der Leyen n\u2019est pas \u00ab\u00a0parfait\u00a0\u00bb mais \u00e9tait \u00ab\u00a0n\u00e9cessaire\u00a0\u00bb dans le \u00ab\u00a0contexte actuel\u00a0\u00bb, a-t-il expliqu\u00e9 dans une tribune publi\u00e9e par le quotidien <a href=\"https:\/\/www.lesechos.fr\/idees-debats\/cercle\/droits-de-douane-preserver-le-dialogue-transatlantique-meme-au-prix-de-compromis-est-une-victoire-par-bernard-arnault-pdg-de-lvmh-2178999\" target=\"_self\" rel=\"nofollow noopener\">Les \u00c9chos<\/a> mardi.<\/p>\n<p class=\"paragraph text_align_left lp-f-body-02\">\u00ab\u00a0L\u2019accord trouv\u00e9 (dimanche) entre l\u2019Union europ\u00e9enne et les \u00c9tats-Unis suscite des critiques (\u2026) je veux cependant rappeler, en tant que dirigeant d\u2019une entreprise europ\u00e9enne, qu\u2019il fallait \u00e9viter une impasse\u00a0\u00bb, a jug\u00e9 le milliardaire. \u00ab\u00a0Dans le contexte actuel, il s\u2019agit d\u2019un bon accord\u00a0\u00bb, selon lui.<\/p>\n<p class=\"paragraph text_align_left lp-f-body-02\">\u00ab\u00a0Ce n\u2019est pas l\u2019Europe qui a demand\u00e9 cet accord\u00a0\u00bb, mais \u00ab\u00a0face \u00e0 un partenaire capable de s\u2019affranchir des r\u00e8gles existantes, il a fallu tenir bon, sans provoquer de rupture\u00a0\u00bb, consid\u00e8re le PDG de LVMH, propri\u00e9taire de Louis Vuitton, Dior et Celine, ainsi que du journal Les \u00c9chos et du Parisien.<\/p>\n<p>\u00ab\u00a0Dommageable\u00a0\u00bb que les vins et spiritueux \u00ab\u00a0ne soient pas inclus\u00a0\u00bb<\/p>\n<p class=\"paragraph text_align_left lp-f-body-02\">Il trouve toutefois \u00ab\u00a0dommageable\u00a0\u00bb que <a href=\"https:\/\/www.leparisien.fr\/economie\/les-etats-unis-sont-notre-plus-gros-marche-la-menace-douaniere-de-trump-inquiete-la-viticulture-francaise-13-03-2025-KFERJHSZEFGOZEKZQGUFQNA6C4.php\" target=\"_blank\" rel=\"nofollow noopener\">les vins et spiritueux<\/a>, export\u00e9s massivement depuis la France et l\u2019UE vers les \u00c9tats-Unis, <a href=\"https:\/\/www.leparisien.fr\/economie\/droits-de-douane-quatre-questions-autour-de-laccord-europe-etats-unis-28-07-2025-U2GUOFS4X5FDRGVHCNU2PIPW5A.php\" target=\"_blank\" rel=\"nofollow noopener\">\u00ab\u00a0ne (soient) pas inclus dans cet accord\u00a0\u00bb<\/a>.<\/p>\n<p class=\"paragraph text_align_left lp-f-body-02\">Son groupe a r\u00e9alis\u00e9 pr\u00e8s de 7\u00a0% de son chiffre d\u2019affaires dans les vins et spiritueux au premier semestre 2025, notamment gr\u00e2ce aux champagnes Mo\u00ebt &amp; Chandon et au cognac Hennessy.<\/p>\n<p class=\"paragraph text_align_left lp-f-body-02\">Pour Bernard Arnault, \u00ab\u00a0l\u2019Europe sait d\u00e9fendre ses secteurs strat\u00e9giques\u00a0\u00bb, ce qu\u2019il estime \u00eatre \u00ab\u00a0une d\u00e9monstration d\u2019intelligence\u00a0\u00bb.<\/p>\n<p class=\"paragraph text_align_left lp-f-body-02\">Le pr\u00e9sident am\u00e9ricain Donald Trump et la pr\u00e9sidente de la Commission europ\u00e9enne Ursula von der Leyen ont annonc\u00e9 dimanche en \u00c9cosse un accord douanier pr\u00e9voyant que les produits europ\u00e9ens export\u00e9s aux \u00c9tats-Unis soient tax\u00e9s \u00e0 15\u00a0%.<\/p>\n<p class=\"paragraph text_align_left lp-f-body-02\">Avec l\u2019espoir d\u2019\u00e9viter une escalade commerciale, l\u2019UE s\u2019est aussi engag\u00e9e \u00e0 750\u00a0milliards de dollars d\u2019achats d\u2019\u00e9nergie &#8211; visant notamment \u00e0 remplacer le gaz russe &#8211; et \u00e0 600\u00a0milliards d\u2019investissements suppl\u00e9mentaires aux \u00c9tats-Unis.<\/p>\n<p class=\"paragraph text_align_left lp-f-body-02\">Emmanuel Macron n\u2019avait toujours pas r\u00e9agi mardi \u00e0 ces annonces mais le Premier ministre <a href=\"https:\/\/www.leparisien.fr\/economie\/accord-sur-les-droits-de-douane-francois-bayrou-denonce-une-soumission-de-lunion-europeenne-aux-etats-unis-28-07-2025-KW24TARLZVGLLJNSX2QZPJL63Y.php\" target=\"_self\" rel=\"nofollow noopener\">Fran\u00e7ois Bayrou a \u00e9voqu\u00e9 lundi un \u00ab\u00a0jour sombre\u00a0\u00bb pour l\u2019Europe<\/a>, qui selon lui \u00ab\u00a0se r\u00e9sout \u00e0 la soumission\u00a0\u00bb.<\/p>\n<p class=\"paragraph text_align_left lp-f-body-02\">En juin, le fils de Bernard Arnault, Antoine Arnault, s\u2019\u00e9tait amus\u00e9 de la relation privil\u00e9gi\u00e9e de son p\u00e8re avec Donald Trump, qu\u2019il conna\u00eet de longue date. \u00ab\u00a0Vous avez peut-\u00eatre remarqu\u00e9 qu\u2019en plus de ses multiples casquettes, il est r\u00e9cemment devenu diplomate\u00a0\u00bb, avait lanc\u00e9 Antoine Arnault.<\/p>\n","protected":false},"excerpt":{"rendered":"Bernard Arnault d\u00e9fend l\u2019accord conclu sur les droits de douane entre les \u00c9tats-Unis et l\u2019Europe. Selon le PDG&hellip;\n","protected":false},"author":2,"featured_media":282553,"comment_status":"","ping_status":"","sticky":false,"template":"","format":"standard","meta":{"footnotes":""},"categories":[1586],"tags":[11,33,1777,674,1779,1011,27,14,12,25,1778,364],"class_list":{"0":"post-282552","1":"post","2":"type-post","3":"status-publish","4":"format-standard","5":"has-post-thumbnail","7":"category-europe","8":"tag-actualites","9":"tag-economie","10":"tag-eu","11":"tag-europe","12":"tag-european-union","13":"tag-fr","14":"tag-france","15":"tag-international","16":"tag-news","17":"tag-republique-francaise","18":"tag-ue","19":"tag-union-europeenne"},"share_on_mastodon":{"url":"https:\/\/pubeurope.com\/@fr\/114938063558164391","error":""},"_links":{"self":[{"href":"https:\/\/www.europesays.com\/fr\/wp-json\/wp\/v2\/posts\/282552","targetHints":{"allow":["GET"]}}],"collection":[{"href":"https:\/\/www.europesays.com\/fr\/wp-json\/wp\/v2\/posts"}],"about":[{"href":"https:\/\/www.europesays.com\/fr\/wp-json\/wp\/v2\/types\/post"}],"author":[{"embeddable":true,"href":"https:\/\/www.europesays.com\/fr\/wp-json\/wp\/v2\/users\/2"}],"replies":[{"embeddable":true,"href":"https:\/\/www.europesays.com\/fr\/wp-json\/wp\/v2\/comments?post=282552"}],"version-history":[{"count":0,"href":"https:\/\/www.europesays.com\/fr\/wp-json\/wp\/v2\/posts\/282552\/revisions"}],"wp:featuredmedia":[{"embeddable":true,"href":"https:\/\/www.europesays.com\/fr\/wp-json\/wp\/v2\/media\/282553"}],"wp:attachment":[{"href":"https:\/\/www.europesays.com\/fr\/wp-json\/wp\/v2\/media?parent=282552"}],"wp:term":[{"taxonomy":"category","embeddable":true,"href":"https:\/\/www.europesays.com\/fr\/wp-json\/wp\/v2\/categories?post=282552"},{"taxonomy":"post_tag","embeddable":true,"href":"https:\/\/www.europesays.com\/fr\/wp-json\/wp\/v2\/tags?post=282552"}],"curies":[{"name":"wp","href":"https:\/\/api.w.org\/{rel}","templated":true}]}}