{"id":282560,"date":"2025-07-29T19:03:13","date_gmt":"2025-07-29T19:03:13","guid":{"rendered":"https:\/\/www.europesays.com\/fr\/282560\/"},"modified":"2025-07-29T19:03:13","modified_gmt":"2025-07-29T19:03:13","slug":"trump-inaugure-un-nouveau-parcours-de-golf-en-conclusion-de-son-sejour-ecossais-29-07-2025-a-1924","status":"publish","type":"post","link":"https:\/\/www.europesays.com\/fr\/282560\/","title":{"rendered":"Trump inaugure un nouveau parcours de golf en conclusion de son s\u00e9jour \u00e9cossais &#8211; 29\/07\/2025 \u00e0 19:24"},"content":{"rendered":"<p>        <img fetchpriority=\"high\" decoding=\"async\" src=\"https:\/\/www.europesays.com\/fr\/wp-content\/uploads\/2025\/07\/1354858af2f36902c520a501270d4964-760x507.jpg\" alt=\"Le pr\u00e9sident am\u00e9ricain Donald Trump  inaugurer officiellement le parcours &quot;Trump International Golf Links&quot; \u00e0 Balmedie, dans le nord-est de l'\u00c9cosse, le 29 juillet 2025. ( AFP \/ Brendan SMIALOWSKI )\" loading=\"eager\" width=\"760\" height=\"507\" style=\"max-width: 100%!important; height: auto;\"\/><\/p>\n<p class=\"c-image-news__legend\">Le pr\u00e9sident am\u00e9ricain Donald Trump  inaugurer officiellement le parcours \u00ab\u00a0Trump International Golf Links\u00a0\u00bb \u00e0 Balmedie, dans le nord-est de l&rsquo;\u00c9cosse, le 29 juillet 2025. ( AFP \/ Brendan SMIALOWSKI )<\/p>\n<p>\n Donald Trump a achev\u00e9 mardi un s\u00e9jour en Ecosse riche en annonces diplomatiques et commerciales, en inaugurant au son de la cornemuse un nouveau parcours sur son complexe de golf \u00e0 Balmedie, sur la c\u00f4te est de ce territoire du Royaume-Uni.\n<\/p>\n<p>\n Le pr\u00e9sident am\u00e9ricain, f\u00e9ru de golf, a coup\u00e9 le ruban lui-m\u00eame, en pr\u00e9sence de ses fils Donald Jr et Eric, dirigeants de la holding familiale propri\u00e9taire des lieux, avant d&rsquo;interpr\u00e9ter sa danse caract\u00e9ristique sur le tube \u00ab\u00a0YMCA\u00a0\u00bb des Village People.\n<\/p>\n<p>\n \u00ab\u00a0\u00c7a va \u00eatre g\u00e9nial (&#8230;) On va faire une partie rapide, puis je retournerai \u00e0 Washington et on \u00e9teindra les incendies partout dans le monde\u00a0\u00bb, a d\u00e9clar\u00e9 le milliardaire devant un parterre d&rsquo;invit\u00e9s, parmi lesquels le Premier ministre \u00e9cossais John Swinney.\n<\/p>\n<p>\n Et de poursuivre: \u00ab\u00a0Nous avons un monde qui conna\u00eet quelques conflits, mais nous en avons \u00e9limin\u00e9 une grande partie. Nous allons avoir un monde formidable et paisible\u00a0\u00bb.\n<\/p>\n<\/p>\n<p>\n Peu avant, le son de la cornemuse a r\u00e9sonn\u00e9 dans le spectaculaire paysage de dunes au bord de la Mer du Nord, tandis que le dirigeant r\u00e9publicain rappelait ses liens familiaux avec l\u2019\u00c9cosse, terre natale de sa m\u00e8re.\n<\/p>\n<p>\n \u00ab\u00a0Nous voulions que ce soit le 36 trous le plus incroyable de la plan\u00e8te. Et il n&rsquo;y a aucun doute que cela a \u00e9t\u00e9 accompli\u00a0\u00bb, s&rsquo;est f\u00e9licit\u00e9 son fils, Eric Trump, comparant la fa\u00e7on dont son p\u00e8re avait con\u00e7u le parcours \u00e0 la r\u00e9alisation de la c\u00e9l\u00e8bre Joconde par L\u00e9onard de Vinci.\n<\/p>\n<p>\n Donald Trump a tap\u00e9 la premi\u00e8re balle sur le parcours flambant neuf, apr\u00e8s s&rsquo;\u00eatre entretenu avec John Swinney des droits de douane sur le whisky \u00e9cossais et de la situation \u00e0 Gaza.\n<\/p>\n<p>\n Il est reparti en fin d&rsquo;apr\u00e8s-midi pour les Etats-Unis.\n<\/p>\n<p> &#8211; \u00ab\u00a0Bunker naturel\u00a0\u00bb &#8211;<\/p>\n<p>        <img decoding=\"async\" src=\"https:\/\/www.europesays.com\/fr\/wp-content\/uploads\/2025\/07\/21133031a81734881a264129aa634c54-760x506.jpg\" alt=\"Le pr\u00e9sident am\u00e9ricain Donald Trump pose sur avec ses fils Eric Trump (\u00e0 droite) et Donald Trump Jr. (\u00e0 gauche), ainsi que des membres de leur famille, lors de l'inauguration officielle du parcours Trump International Golf Links \u00e0 Balmedie, dans le nord-est de l'\u00c9cosse, le 29 juillet 2025. ( AFP \/ ANDY BUCHANAN )\" loading=\"eager\" width=\"760\" height=\"506\" style=\"max-width: 100%!important; height: auto;\"\/><\/p>\n<p class=\"c-image-news__legend\">Le pr\u00e9sident am\u00e9ricain Donald Trump pose sur avec ses fils Eric Trump (\u00e0 droite) et Donald Trump Jr. (\u00e0 gauche), ainsi que des membres de leur famille, lors de l&rsquo;inauguration officielle du parcours Trump International Golf Links \u00e0 Balmedie, dans le nord-est de l&rsquo;\u00c9cosse, le 29 juillet 2025. ( AFP \/ ANDY BUCHANAN )<\/p>\n<p>\n L&rsquo;ancien promoteur ne perd jamais compl\u00e8tement de vue ses int\u00e9r\u00eats priv\u00e9s. Depuis son retour au pouvoir en janvier, il a \u00e9t\u00e9 accus\u00e9 par des opposants et des ONG d&rsquo;utiliser sa fonction officielle pour favoriser, d&rsquo;une mani\u00e8re ou d&rsquo;une autre, les affaires familiales.\n<\/p>\n<p>\n Le nouveau parcours, selon un document distribu\u00e9 \u00e0 la presse, propose \u00ab\u00a0le bunker naturel le plus grand du monde\u00a0\u00bb, \u00ab\u00a0des dunes\u00a0\u00bb et des greens donnant sur l&rsquo;eau. Il a \u00e9t\u00e9 con\u00e7u \u00ab\u00a0avec une attention particuli\u00e8re pour le respect de l&rsquo;environnement.\u00a0\u00bb\n<\/p>\n<p>\n Pourtant, l&rsquo;autorisation de ce deuxi\u00e8me parcours par les autorit\u00e9s locales fin 2019 avait suscit\u00e9 le m\u00e9contentement de certains riverains et \u00e9lus \u00e9cologistes.\n<\/p>\n<p>        <img decoding=\"async\" src=\"https:\/\/www.europesays.com\/fr\/wp-content\/uploads\/2025\/07\/15e58441d6b4c24f15196b86eb679ae7-760x506.jpg\" alt=\"Le pr\u00e9sident am\u00e9ricain Donald Trump, sous le regard de son fils Eric Trump, inaugure officiellement le parcours &quot;Trump International Golf Links&quot; \u00e0 Balmedie, dans le nord-est de l'\u00c9cosse, le 29 juillet 2025. ( AFP \/ Brendan SMIALOWSKI )\" loading=\"eager\" width=\"760\" height=\"506\" style=\"max-width: 100%!important; height: auto;\"\/><\/p>\n<p class=\"c-image-news__legend\">Le pr\u00e9sident am\u00e9ricain Donald Trump, sous le regard de son fils Eric Trump, inaugure officiellement le parcours \u00ab\u00a0Trump International Golf Links\u00a0\u00bb \u00e0 Balmedie, dans le nord-est de l&rsquo;\u00c9cosse, le 29 juillet 2025. ( AFP \/ Brendan SMIALOWSKI )<\/p>\n<p>\n Mardi matin, agents secrets et golfeurs se m\u00e9langeaient sur l&rsquo;immense complexe, o\u00f9 le nom Trump est affich\u00e9 en lettres dor\u00e9es \u00e0 l&rsquo;entr\u00e9e, avec d&rsquo;importants contr\u00f4les des sacs en pr\u00e9sence du pr\u00e9sident.\n<\/p>\n<p>\n Apparaissent aussi au large d&rsquo;Aberdeen les \u00e9oliennes d&rsquo;un parc offshore, dont Trump n&rsquo;a pas dig\u00e9r\u00e9 l&rsquo;installation et qu&rsquo;il a qualifi\u00e9es de \u00ab\u00a0monstruosit\u00e9s\u00a0\u00bb.\n<\/p>\n<p>\n Lors de ce s\u00e9jour de quatre jours pleins, entam\u00e9 vendredi soir, il a altern\u00e9 la pratique de ce sport et les rendez-vous diplomatiques.\n<\/p>\n<p>\n Dimanche et lundi, c&rsquo;est dans un autre complexe de golf portant son nom, \u00e0 Turnberry (ouest) qu&rsquo;il avait re\u00e7u d&rsquo;abord la pr\u00e9sidente de la Commission europ\u00e9enne Ursula von der Leyen, puis le Premier ministre britannique Keir Starmer.\n<\/p>\n<\/p>\n<p>\n Avec la premi\u00e8re il a annonc\u00e9 un accord commercial par lequel l&rsquo;Union europ\u00e9enne se r\u00e9signe \u00e0 des droits de douane am\u00e9ricains de 15%, et qui est vivement critiqu\u00e9 \u00e0 travers le continent.\n<\/p>\n<p>\n Avec le second, il a tenu une longue conf\u00e9rence de presse lors de laquelle il a en particulier promis plus d&rsquo;aide pour Gaza, et pos\u00e9 un ultimatum de \u00ab\u00a010 ou 12 jours\u00a0\u00bb au pr\u00e9sident russe Vladimir Poutine pour cesser les hostilit\u00e9s en Ukraine.<\/p>\n","protected":false},"excerpt":{"rendered":"Le pr\u00e9sident am\u00e9ricain Donald Trump inaugurer officiellement le parcours \u00ab\u00a0Trump International Golf Links\u00a0\u00bb \u00e0 Balmedie, dans le nord-est&hellip;\n","protected":false},"author":2,"featured_media":282561,"comment_status":"","ping_status":"","sticky":false,"template":"","format":"standard","meta":{"footnotes":""},"categories":[1418],"tags":[400,398,408,405,1011,27,1472,403,402,399,404,401,60,406,407],"class_list":{"0":"post-282560","1":"post","2":"type-post","3":"status-publish","4":"format-standard","5":"has-post-thumbnail","7":"category-golf","8":"tag-action-cac-40","9":"tag-bourse-de-paris","10":"tag-boursorama","11":"tag-cotations","12":"tag-fr","13":"tag-france","14":"tag-golf","15":"tag-indices-devises","16":"tag-investir","17":"tag-investissement","18":"tag-marche-boursier","19":"tag-sicav","20":"tag-sports","21":"tag-trackers","22":"tag-warrants"},"share_on_mastodon":{"url":"https:\/\/pubeurope.com\/@fr\/114938079133526774","error":""},"_links":{"self":[{"href":"https:\/\/www.europesays.com\/fr\/wp-json\/wp\/v2\/posts\/282560","targetHints":{"allow":["GET"]}}],"collection":[{"href":"https:\/\/www.europesays.com\/fr\/wp-json\/wp\/v2\/posts"}],"about":[{"href":"https:\/\/www.europesays.com\/fr\/wp-json\/wp\/v2\/types\/post"}],"author":[{"embeddable":true,"href":"https:\/\/www.europesays.com\/fr\/wp-json\/wp\/v2\/users\/2"}],"replies":[{"embeddable":true,"href":"https:\/\/www.europesays.com\/fr\/wp-json\/wp\/v2\/comments?post=282560"}],"version-history":[{"count":0,"href":"https:\/\/www.europesays.com\/fr\/wp-json\/wp\/v2\/posts\/282560\/revisions"}],"wp:featuredmedia":[{"embeddable":true,"href":"https:\/\/www.europesays.com\/fr\/wp-json\/wp\/v2\/media\/282561"}],"wp:attachment":[{"href":"https:\/\/www.europesays.com\/fr\/wp-json\/wp\/v2\/media?parent=282560"}],"wp:term":[{"taxonomy":"category","embeddable":true,"href":"https:\/\/www.europesays.com\/fr\/wp-json\/wp\/v2\/categories?post=282560"},{"taxonomy":"post_tag","embeddable":true,"href":"https:\/\/www.europesays.com\/fr\/wp-json\/wp\/v2\/tags?post=282560"}],"curies":[{"name":"wp","href":"https:\/\/api.w.org\/{rel}","templated":true}]}}