{"id":282564,"date":"2025-07-29T19:06:04","date_gmt":"2025-07-29T19:06:04","guid":{"rendered":"https:\/\/www.europesays.com\/fr\/282564\/"},"modified":"2025-07-29T19:06:04","modified_gmt":"2025-07-29T19:06:04","slug":"resultat-maya-joint-leylah-fernandez-wta-1000-open-du-canada-premier-tour-mardi-29-juillet-2025-lequipe","status":"publish","type":"post","link":"https:\/\/www.europesays.com\/fr\/282564\/","title":{"rendered":"R\u00e9sultat : Maya Joint &#8211; Leylah Fernandez, WTA 1000, Open du Canada, Premier tour, Mardi 29 juillet 2025 &#8211; L&#039;\u00c9quipe"},"content":{"rendered":"<ol>\n<li><a href=\"https:\/\/news.google.com\/rss\/articles\/CBMiyAFBVV95cUxQcnNKQzczR0hsdnQxMG1UY0N5T1pNNGtZRC05MW0wZHJCTUdhMHB0WlJ3TktON0lvaVMxY1EwNzlxdEt5VjFlVFVrTUJtc0VzNWxTSFVTVHZGOVVhNjJuRmFaOU5DUWpiWlhtQVRmWXBiTHZXdVdIdEVEWDVuMkNMRjBDMFVZRi16OUkxVUd2WWo3YWN3bFVKMnFzb3FSQktIdzZFaklIM0tWUHBHX3lhdWVyTWc0eDRDNlQ2NVhFZzBEZkl4bzRmZA?oc=5\" target=\"_blank\" rel=\"nofollow noopener\">R\u00e9sultat : Maya Joint &#8211; Leylah Fernandez, WTA 1000, Open du Canada, Premier tour, Mardi 29 juillet 2025<\/a>&nbsp;&nbsp;L&rsquo;\u00c9quipe<\/li>\n<li><a href=\"https:\/\/news.google.com\/rss\/articles\/CBMizAFBVV95cUxPcGl1aGFHbVluNjY0MF9MTVQyOXBDeUtHNmNjNmlGWFdCSGpKUi1PLUpkTlp6Z0d1WXlkUmwxeTlYZWRtWWJ4aU5FTlNYRnptcEpRQ1FEc2Y2aE9uQnJtSzhkNXJKRFU4bHl0WEF4WXB3b2FMZlYyN1VsS3hKaEs1d19HVnhhUjdORVRoOGR1OTBhV21KNS14V2VnZ1pxN0tKU3pRdmxBdlNZcnk4QVpyWnpycFdwMmFudzZCRkktNjZ3UnhXWlJTdnBTZ00?oc=5\" target=\"_blank\" rel=\"nofollow noopener\">R\u00e9sultat : Emilio Nava &#8211; Terence Atmane, ATP 1000, Open du Canada, Deuxi\u00e8me tour, Mardi 29 juillet 2025<\/a>&nbsp;&nbsp;L&rsquo;\u00c9quipe<\/li>\n<li><a href=\"https:\/\/news.google.com\/rss\/articles\/CBMilAFBVV95cUxQdy0yWVRFckotRXA2YW5xWFJ2aHFqQlZRVURKWGF0cWkyMnpsZ3hrNk84RlFRQ19VV0FhbFBNdndhaHFkNVk0ZjItenlvWmFqRTZNRW9rcFVUYTVTaHI1ZXBNODV0dFhkZ1JaMFZqMmZOXzJjM0pxVUFXSGJtYVBaZW1sRVI4eF9sRElva3otN0NlWWlz?oc=5\" target=\"_blank\" rel=\"nofollow noopener\">ATP &#8211; Umag &gt; Le \u00ab\u00a0fail\u00a0\u00bb de Droguet face \u00e0 Dzumhur, d\u00e9j\u00e0 l\u00e9gendaire..<\/a>&nbsp;&nbsp;We Love Tennis<\/li>\n<li><a href=\"https:\/\/news.google.com\/rss\/articles\/CBMioAFBVV95cUxQVklUYmxCbkxxSnZWU2xRRmxLZW9RQjNmN0pwQWxpeE94R0xUZkV4RUQ1MWlDamdWTkM5NDd1NTc4YkF2Yk5TU0VMUTRlaVdVa1ZEeEpPTWdvM0JBcWpCVWFEb18tSWlyekdFbVQ5b0JZMkx2ZmV5bHh6MGlVYU1DQ0l2dl8zcUdJOWtxTWpnVlRrdXM1ZHdwNl9KQkNnNXBq0gGfAUFVX3lxTE1mRjh2b2x2VHhsTG02ektrbmNzWk5QRmp6VDdOYVBXU25WaXZwQ2RNZFBEcEZQaTFqbHlGN0VMODRhSGVsUldtUFpTQWxvc29tNzNDaUs3V3pUWThfZ2dXLXRvUkc0MFJMeThBbjcwR2F2QkxhWHpYTks1OEFEV1VOUEplM0J2MVJ4UF93Y0RiRm5ZeXBBVHFQN3N4R0Q0VQ?oc=5\" target=\"_blank\" rel=\"nofollow noopener\">ATP &#8211; Umag : Droguet s&rsquo;arr\u00eate en quarts<\/a>&nbsp;&nbsp;Orange Actualit\u00e9s | Sports<\/li>\n<li><a href=\"https:\/\/news.google.com\/rss\/articles\/CBMijwFBVV95cUxQcFlCQUVwTW9lTm4yZjZFRkwybzZ6SzNCN0p5RVlMNDRjUTR6X09zUG5FcWNtOHJfM0lZSk5VbDdQcHJBMEhUTFp1MFE0Z01XVjI2ckowYlZqSmN1YnNHNEg3dlpkTFNBMVBnMzRJQlFUMzlVSXZ2czFWbXlEUFVJSmR3ZlFFQWxUbDFFbjIyZw?oc=5\" target=\"_blank\" rel=\"nofollow noopener\">Tennis : Droguet s&rsquo;arr\u00eate en quart \u00e0 Umag<\/a>&nbsp;&nbsp;Le Figaro<\/li>\n<\/ol>\n","protected":false},"excerpt":{"rendered":"R\u00e9sultat : Maya Joint &#8211; Leylah Fernandez, WTA 1000, Open du Canada, Premier tour, Mardi 29 juillet 2025&nbsp;&nbsp;L&rsquo;\u00c9quipe&hellip;\n","protected":false},"author":2,"featured_media":1983,"comment_status":"","ping_status":"","sticky":false,"template":"","format":"standard","meta":{"footnotes":""},"categories":[1415],"tags":[1011,27,60,1467],"class_list":{"0":"post-282564","1":"post","2":"type-post","3":"status-publish","4":"format-standard","5":"has-post-thumbnail","7":"category-tennis","8":"tag-fr","9":"tag-france","10":"tag-sports","11":"tag-tennis"},"share_on_mastodon":{"url":"https:\/\/pubeurope.com\/@fr\/114938090772669856","error":""},"_links":{"self":[{"href":"https:\/\/www.europesays.com\/fr\/wp-json\/wp\/v2\/posts\/282564","targetHints":{"allow":["GET"]}}],"collection":[{"href":"https:\/\/www.europesays.com\/fr\/wp-json\/wp\/v2\/posts"}],"about":[{"href":"https:\/\/www.europesays.com\/fr\/wp-json\/wp\/v2\/types\/post"}],"author":[{"embeddable":true,"href":"https:\/\/www.europesays.com\/fr\/wp-json\/wp\/v2\/users\/2"}],"replies":[{"embeddable":true,"href":"https:\/\/www.europesays.com\/fr\/wp-json\/wp\/v2\/comments?post=282564"}],"version-history":[{"count":0,"href":"https:\/\/www.europesays.com\/fr\/wp-json\/wp\/v2\/posts\/282564\/revisions"}],"wp:featuredmedia":[{"embeddable":true,"href":"https:\/\/www.europesays.com\/fr\/wp-json\/wp\/v2\/media\/1983"}],"wp:attachment":[{"href":"https:\/\/www.europesays.com\/fr\/wp-json\/wp\/v2\/media?parent=282564"}],"wp:term":[{"taxonomy":"category","embeddable":true,"href":"https:\/\/www.europesays.com\/fr\/wp-json\/wp\/v2\/categories?post=282564"},{"taxonomy":"post_tag","embeddable":true,"href":"https:\/\/www.europesays.com\/fr\/wp-json\/wp\/v2\/tags?post=282564"}],"curies":[{"name":"wp","href":"https:\/\/api.w.org\/{rel}","templated":true}]}}