{"id":282565,"date":"2025-07-29T19:08:05","date_gmt":"2025-07-29T19:08:05","guid":{"rendered":"https:\/\/www.europesays.com\/fr\/282565\/"},"modified":"2025-07-29T19:08:05","modified_gmt":"2025-07-29T19:08:05","slug":"quartararo-a-t-il-fait-trop-fort-le-francais-balance-sur-instagram-et-assure-avoir-besoin-de-nouvelles-vacances","status":"publish","type":"post","link":"https:\/\/www.europesays.com\/fr\/282565\/","title":{"rendered":"Quartararo a-t-il fait trop fort ? Le Fran\u00e7ais balance sur Instagram et assure avoir besoin de \u00ab\u00a0nouvelles\u00a0\u00bb vacances"},"content":{"rendered":"<p>Fabio Quartararo a bien fait comprendre juste apr\u00e8s le Grand Prix de R\u00e9publique tch\u00e8que qu&rsquo;il comptait bien profiter de la pause estivale du MotoGP pour recharger ses batteries et souffler un grand coup. Apr\u00e8s une premi\u00e8re moiti\u00e9 de saison \u00e9reintante, o\u00f9 il aura \u00e9t\u00e9 beaucoup sollicit\u00e9 depuis le mois de f\u00e9vrier, El Diablo avait besoin de couper et d&rsquo;oublier la moto. Alors qu&rsquo;il n&rsquo;a pas \u00e9t\u00e9 pleinement satisfait de sa Yamaha, le champion du monde 2021 a souhait\u00e9 couper \u00e0 100% pour recharger ses batteries et il a d\u00e9cid\u00e9 de partir \u00e0 Ibiza avec ses amis. Mais apr\u00e8s avoir partag\u00e9 ses souvenirs de vacances sur son compte Instagram, il semble que le Ni\u00e7ois a fait fort avec ses copains, car sa l\u00e9gende a bien fait rigoler.<\/p>\n<p>Quartararo a besoin de vacances &#8230; \u00e0 cause de ses vacances<\/p>\n<p>Partageant plusieurs photos de son s\u00e9jour \u00e0 Ibiza, lui qui se trouvait notamment avec Tony Arbolino, pilote de Moto2, le champion du monde 2021 a montr\u00e9 qu&rsquo;il s&rsquo;\u00e9tait beaucoup amus\u00e9. On peut le voir notamment sur le toit de sa villa, pos\u00e9 sur le pont arri\u00e8re d&rsquo;un yacht, entour\u00e9 de ses amis en soir\u00e9e ou encore en bo\u00eete de nuit. Mieux, on peut voir un Quartararo tout sourire, qui n&rsquo;h\u00e9site pas \u00e0 faire rire ses amis, notamment en soulevant une chaise en pleine soir\u00e9e, ou alors en train de regarder vers l&rsquo;horizon en \u00e9tant assis au bord de son yacht. Sauf que le pilote Yamaha a l\u00e9gend\u00e9 ses photos en \u00e9crivant : \u00ab\u00a0Maintenant, j&rsquo;ai besoin de vacances de mes vacances\u00a0\u00bb. Le pilote ni\u00e7ois a donc bien fait comprendre qu&rsquo;il a fait fort mais nulle doute que ces vacances ont clairement requinqu\u00e9 la star de Yamaha, qui pourrait revenir plein de bonne humeur dans quelques semaines en MotoGP.<\/p>\n<blockquote class=\"instagram-media\" style=\"background: #FFF;border: 0;border-radius: 3px;margin: 1px;max-width: 540px;min-width: 326px;padding: 0;width: calc(100% - 2px)\" data-instgrm-captioned=\"\" data-instgrm-permalink=\"https:\/\/www.instagram.com\/p\/DMm9nt7KEjZ\/?utm_source=ig_embed&amp;utm_campaign=loading\" data-instgrm-version=\"14\"\/><p>    Partagez cette info avec vos amis et vos proches en cliquant ici  <\/p>\n<p> Podcasts \u00e0 la une MEN LIFE <\/p>\n<p>    Pour r\u00e9sumer<\/p>\n<p>Fabio Quartararo a bien fait comprendre juste apr\u00e8s le Grand Prix de R\u00e9publique tch\u00e8que qu&rsquo;il comptait bien profiter de la pause estivale du MotoGP pour recharger ses batteries et souffler un grand coup.<\/p>\n<p>R\u00e9dacteur<\/p>\n<p><img decoding=\"async\" width=\"76\" height=\"76\" loading=\"lazy\" src=\"https:\/\/www.europesays.com\/fr\/wp-content\/uploads\/2025\/04\/logo-victor-willems.jpg\" alt=\"Victor Willems\"\/><script async src=\"\/\/www.instagram.com\/embed.js\"><\/script><\/p>\n","protected":false},"excerpt":{"rendered":"Fabio Quartararo a bien fait comprendre juste apr\u00e8s le Grand Prix de R\u00e9publique tch\u00e8que qu&rsquo;il comptait bien profiter&hellip;\n","protected":false},"author":2,"featured_media":282566,"comment_status":"","ping_status":"","sticky":false,"template":"","format":"standard","meta":{"footnotes":""},"categories":[1413],"tags":[1011,27,1457,1456,60],"class_list":{"0":"post-282565","1":"post","2":"type-post","3":"status-publish","4":"format-standard","5":"has-post-thumbnail","7":"category-moto","8":"tag-fr","9":"tag-france","10":"tag-moto","11":"tag-motocycle","12":"tag-sports"},"share_on_mastodon":{"url":"https:\/\/pubeurope.com\/@fr\/114938098707542524","error":""},"_links":{"self":[{"href":"https:\/\/www.europesays.com\/fr\/wp-json\/wp\/v2\/posts\/282565","targetHints":{"allow":["GET"]}}],"collection":[{"href":"https:\/\/www.europesays.com\/fr\/wp-json\/wp\/v2\/posts"}],"about":[{"href":"https:\/\/www.europesays.com\/fr\/wp-json\/wp\/v2\/types\/post"}],"author":[{"embeddable":true,"href":"https:\/\/www.europesays.com\/fr\/wp-json\/wp\/v2\/users\/2"}],"replies":[{"embeddable":true,"href":"https:\/\/www.europesays.com\/fr\/wp-json\/wp\/v2\/comments?post=282565"}],"version-history":[{"count":0,"href":"https:\/\/www.europesays.com\/fr\/wp-json\/wp\/v2\/posts\/282565\/revisions"}],"wp:featuredmedia":[{"embeddable":true,"href":"https:\/\/www.europesays.com\/fr\/wp-json\/wp\/v2\/media\/282566"}],"wp:attachment":[{"href":"https:\/\/www.europesays.com\/fr\/wp-json\/wp\/v2\/media?parent=282565"}],"wp:term":[{"taxonomy":"category","embeddable":true,"href":"https:\/\/www.europesays.com\/fr\/wp-json\/wp\/v2\/categories?post=282565"},{"taxonomy":"post_tag","embeddable":true,"href":"https:\/\/www.europesays.com\/fr\/wp-json\/wp\/v2\/tags?post=282565"}],"curies":[{"name":"wp","href":"https:\/\/api.w.org\/{rel}","templated":true}]}}