{"id":282567,"date":"2025-07-29T19:09:04","date_gmt":"2025-07-29T19:09:04","guid":{"rendered":"https:\/\/www.europesays.com\/fr\/282567\/"},"modified":"2025-07-29T19:09:04","modified_gmt":"2025-07-29T19:09:04","slug":"pas-dexploit-pour-mpetshi-perricard-face-a-rune-eurosport","status":"publish","type":"post","link":"https:\/\/www.europesays.com\/fr\/282567\/","title":{"rendered":"Pas d&#039;exploit pour Mpetshi-Perricard, face \u00e0 Rune &#8211; Eurosport"},"content":{"rendered":"<ol>\n<li><a href=\"https:\/\/news.google.com\/rss\/articles\/CBMi_AFBVV95cUxNN1lsLVd5RDgyWjY0TTkxRi1sNlozWjI5WDg4TXFocWd2S1R6ellTaWUwTEdNWDhsSWVldEVKVXhZWFE0UFphaUZzSlVWZTR1MUJDU0pPeHRhY2tmemNtMWFFUlpzVzFaMTdJMnZ5WndwYjRCYmtyeEJ0d1drSHhaeHhIUGhIYTNTUHBLQ1NQVENzbXlkMl81Sml6QUhYZWZ4cjFtbkhTd0dJVVBSRlY3MGRpTzltbXAzZlg5M2drNHhaTGZUTXJDamI1NTdRa0Jzb2xiWEdPeGFBS3M3VmdsNDc5WGpfZU90dlZSVlJRenE2Y0drZEJIZ1NCaFQ?oc=5\" target=\"_blank\" rel=\"nofollow noopener\">Pas d&rsquo;exploit pour Mpetshi-Perricard, face \u00e0 Rune<\/a>&nbsp;&nbsp;Eurosport<\/li>\n<li><a href=\"https:\/\/news.google.com\/rss\/articles\/CBMi6AFBVV95cUxNeWJqNV9UMGZ6OGFmYzJadWYzbG9Hc1FJTTZBYTdhWjNkQWpWbWtsMmEyS1Y4SXVqOHNDRXZvdHprZWFoRVdEZlYzU2pBOE1TVlJWX0NPRkNjakZlX0pEOWlSYS14Z3BPaFU1aXFiTlJITUZOS1RLeVM4UklsR0VrQVpzaVBJNVU4NFJqQjRzaVFHSlFMSWFBQjZ6NEpFYWF2U1E0ak5Uc1BGczZHMmNjSXltSXN2R09kRXAwU3BEUW9saEdndXlHMDBqQnJ4cVFqNTlqTDN1QkM1a2piS0dLRFFQMzdQM01y?oc=5\" target=\"_blank\" rel=\"nofollow noopener\">Battu en qualifications, Terence Atmane rep\u00each\u00e9 apr\u00e8s le forfait d&rsquo;Ugo Humbert au Masters 1000 de Toronto<\/a>&nbsp;&nbsp;L&rsquo;\u00c9quipe<\/li>\n<li><a href=\"https:\/\/news.google.com\/rss\/articles\/CBMiogFBVV95cUxQdzR5YWRvRW9RSjd1OEowd3pYYnI4ZXo5SG4zNmEtVDViMURBVTFtR2lOSHdaS3RoZmk5MDNwd2pERjN2SDZrWnhhZHBBTnRxRGJFeUFZZTUtcmM4V0hEaG1aNFoybmNrWENYUktlbXl2MGJsR2VHd254cTkzSUlDYndmcllMLWV4d2N0d2VoeTBER2I1SmczdEVGZnlzWDg0R2fSAaABQVVfeXFMUDdiWDQtQ0kxT3dFQUJmdm94bEhWTFpIZDlqdXZpeVdWQmUxbnBCRWxxZ3NyX1BrMXBkU3ZlMS0zZFF2Mk8wZzFUb2I0ejlOU0hQRnlnbjhVMm94TXJ2NU41Wmw2aXd5bVRMR3ZGdG00TlZPOTI5TFhmR3g0cFFacVV5WlNqeVgybzlFRkVMX1RJNnRxb21nc0hTdjVVQkx6MQ?oc=5\" target=\"_blank\" rel=\"nofollow noopener\">ATP &#8211; Toronto : Atmane chute face \u00e0 Nava<\/a>&nbsp;&nbsp;Orange Actualit\u00e9s | Sports<\/li>\n<li><a href=\"https:\/\/news.google.com\/rss\/articles\/CBMiuAFBVV95cUxOWlNiS0d3M0NRRXYwVlVjU3F1bG9YbVRCZS1qbmkybGtZejRBQld2YnJKeFRXZk5CbFVudXdkSWxPUXZiQkt4Z1JYWHg0VUZNaWVvZjhvYXZaX1ZqbXNyNzQzZWs1ZHlIN2FIcW83QUs1TlVvN3BveVg2T2o2VDhZRXR0STVza2VPSEZIcldrM3FVV2JibkFwblVhblFjT0QzdGV2NEUyVXNoU05nSVRQSTFoOEUxR2I4?oc=5\" target=\"_blank\" rel=\"nofollow noopener\">Tennis : Terence Atmane rep\u00each\u00e9 \u00e0 Toronto apr\u00e8s le forfait d\u2019Ugo Humbert<\/a>&nbsp;&nbsp;Le Figaro<\/li>\n<li><a href=\"https:\/\/news.google.com\/rss\/articles\/CBMihAFBVV95cUxQZG9pLXZLdmZmaENDQVVTYWNCWVRLRjFtQ25nQk5QNDVITy1sS3JKb0h1d0NzQlZDdGtvbU1DbnZqMGxsV05lUXYycV9wZHBRUzZ4bUxnOENabm92Y1RSMFM4VVV1ZVZ6VC00SThOSktNWkQzXzBPX09GbEpoRkZiakZ5QnE?oc=5\" target=\"_blank\" rel=\"nofollow noopener\">France, ATP &#8211; Toronto &gt; Mauvaise nouvelle pour Ugo Humbert<\/a>&nbsp;&nbsp;We Love Tennis<\/li>\n<\/ol>\n","protected":false},"excerpt":{"rendered":"Pas d&rsquo;exploit pour Mpetshi-Perricard, face \u00e0 Rune&nbsp;&nbsp;Eurosport Battu en qualifications, Terence Atmane rep\u00each\u00e9 apr\u00e8s le forfait d&rsquo;Ugo Humbert&hellip;\n","protected":false},"author":2,"featured_media":77134,"comment_status":"","ping_status":"","sticky":false,"template":"","format":"standard","meta":{"footnotes":""},"categories":[1412],"tags":[1451,1452,1453,1454,1455,1011,27,60],"class_list":{"0":"post-282567","1":"post","2":"type-post","3":"status-publish","4":"format-standard","5":"has-post-thumbnail","7":"category-f1","8":"tag-f1","9":"tag-formula-1","10":"tag-formula1","11":"tag-formule-1","12":"tag-formule1","13":"tag-fr","14":"tag-france","15":"tag-sports"},"share_on_mastodon":{"url":"https:\/\/pubeurope.com\/@fr\/114938102654579539","error":""},"_links":{"self":[{"href":"https:\/\/www.europesays.com\/fr\/wp-json\/wp\/v2\/posts\/282567","targetHints":{"allow":["GET"]}}],"collection":[{"href":"https:\/\/www.europesays.com\/fr\/wp-json\/wp\/v2\/posts"}],"about":[{"href":"https:\/\/www.europesays.com\/fr\/wp-json\/wp\/v2\/types\/post"}],"author":[{"embeddable":true,"href":"https:\/\/www.europesays.com\/fr\/wp-json\/wp\/v2\/users\/2"}],"replies":[{"embeddable":true,"href":"https:\/\/www.europesays.com\/fr\/wp-json\/wp\/v2\/comments?post=282567"}],"version-history":[{"count":0,"href":"https:\/\/www.europesays.com\/fr\/wp-json\/wp\/v2\/posts\/282567\/revisions"}],"wp:featuredmedia":[{"embeddable":true,"href":"https:\/\/www.europesays.com\/fr\/wp-json\/wp\/v2\/media\/77134"}],"wp:attachment":[{"href":"https:\/\/www.europesays.com\/fr\/wp-json\/wp\/v2\/media?parent=282567"}],"wp:term":[{"taxonomy":"category","embeddable":true,"href":"https:\/\/www.europesays.com\/fr\/wp-json\/wp\/v2\/categories?post=282567"},{"taxonomy":"post_tag","embeddable":true,"href":"https:\/\/www.europesays.com\/fr\/wp-json\/wp\/v2\/tags?post=282567"}],"curies":[{"name":"wp","href":"https:\/\/api.w.org\/{rel}","templated":true}]}}