{"id":282572,"date":"2025-07-29T19:12:11","date_gmt":"2025-07-29T19:12:11","guid":{"rendered":"https:\/\/www.europesays.com\/fr\/282572\/"},"modified":"2025-07-29T19:12:11","modified_gmt":"2025-07-29T19:12:11","slug":"les-coulisses-dun-depart-inattendu","status":"publish","type":"post","link":"https:\/\/www.europesays.com\/fr\/282572\/","title":{"rendered":"les coulisses d\u2019un d\u00e9part inattendu"},"content":{"rendered":"<p class=\"mb-4 text-lg md:leading-8 break-words\">Karine Ferri tourne la page TF1. Apr\u00e8s treize ans pass\u00e9s sur la premi\u00e8re cha\u00eene, l&rsquo;animatrice a officialis\u00e9 son d\u00e9part et rebondit d\u00e9j\u00e0 ailleurs. Le groupe RMC, en plein mercato t\u00e9l\u00e9visuel, se f\u00e9licite d&rsquo;accueillir celle qui s&rsquo;est impos\u00e9e sur le petit \u00e9cran au fil des ann\u00e9es.<\/p>\n<p class=\"mb-4 text-lg md:leading-8 break-words\">Karine Ferri interviendra comme animatrice sur de nouvelles \u00e9missions familiales pr\u00e9vues sur RMC Story et RMC D\u00e9couverte, que le <a class=\"link \" href=\"https:\/\/www.lepoint.fr\/economie\/rmc-a-l-heure-de-rodolphe-saade-et-de-sa-famille-14-09-2024-2570237_28.php\" rel=\"nofollow noopener\" target=\"_blank\" data-ylk=\"slk:nouveau patron du groupe;elm:context_link;itc:0;sec:content-canvas\">nouveau patron du groupe<\/a>, l&rsquo;armateur milliardaire <a class=\"link \" href=\"https:\/\/www.lepoint.fr\/economie\/l-armateur-francais-cma-cgm-signe-un-juteux-contrat-a-washington-donald-trump-savoure-07-03-2025-2584111_28.php\" rel=\"nofollow noopener\" target=\"_blank\" data-ylk=\"slk:Rodolphe Saad\u00e9;elm:context_link;itc:0;sec:content-canvas\">Rodolphe Saad\u00e9<\/a>, a bien l&rsquo;intention de redynamiser. Si l&rsquo;Arcom donne son feu vert pour le rachat de Ch\u00e9rie\u00a025\u00a0(qui devrait changer de nom), <a class=\"link \" href=\"https:\/\/www.lepoint.fr\/people\/karine-ferri-et-yoann-gourcuff-c-est-officiel-05-11-2015-1979459_2116.php\" rel=\"nofollow noopener\" target=\"_blank\" data-ylk=\"slk:Karine Ferri-Gourcuff;elm:context_link;itc:0;sec:content-canvas\">Karine Ferri-Gourcuff<\/a> pourra \u00e9galement y exercer ses talents.<\/p>\n<p class=\"mb-4 text-lg md:leading-8 break-words\">Et c&rsquo;est avec joie que <a class=\"link \" href=\"https:\/\/www.lepoint.fr\/economie\/photos-denudees-de-karine-ferri-c8-ecope-d-une-amende-17-02-2020-2363081_28.php\" rel=\"nofollow noopener\" target=\"_blank\" data-ylk=\"slk:Karine Ferri;elm:context_link;itc:0;sec:content-canvas\">Karine Ferri <\/a>part tenter l&rsquo;aventure ailleurs. \u00ab\u00a0Je suis tr\u00e8s heureuse de rejoindre les cha\u00eenes RMC\u00a0et d&rsquo;ouvrir une nouvelle page avec des projets qui me ressemblent, \u00e0 la fois utiles, accessibles et tourn\u00e9s vers les autres\u00a0\u00bb, a-t-elle \u00e9crit sur Instagram.<\/p>\n<p class=\"mb-4 text-lg md:leading-8 break-words\"><a href=\"https:\/\/www.instagram.com\/p\/DMp39-kIrEL\/?utm_source=ig_embed&amp;utm_campaign=loading\" rel=\"nofollow noopener\" target=\"_blank\" data-ylk=\"slk:Voir cette publication sur Instagram;elm:context_link;itc:0;sec:content-canvas\" class=\"link \">Voir cette publication sur Instagram<\/a><\/p>\n<p class=\"mb-4 text-lg md:leading-8 break-words\"><a href=\"https:\/\/www.instagram.com\/p\/DMp39-kIrEL\/?utm_source=ig_embed&amp;utm_campaign=loading\" rel=\"nofollow noopener\" target=\"_blank\" data-ylk=\"slk:Une publication partag\u00e9e par Karine Ferri (@karineferri);elm:context_link;itc:0;sec:content-canvas\" class=\"link \">Une publication partag\u00e9e par Karine Ferri (@karineferri)<\/a><\/p>\n<p>Treize ans \u00e0 TF1<\/p>\n<p class=\"mb-4 text-lg md:leading-8 break-words\">Ancienne Miss Hauts-de-Seine et finaliste de la deuxi\u00e8me saison de Bachelor, le gentleman c\u00e9libataire sur M6, Karine Ferri conna\u00eet bien les rouages de la t\u00e9l\u00e9vision. Sur TF1, elle s&rsquo;est impos\u00e9e aux c\u00f4t\u00e9s de Nikos Aliagas dans The Voice, avant d&rsquo;encha\u00eener les \u00e9missions embl\u00e9matiques\u00a0: Danse avec les Stars, Le Grand B\u00eatisier ou encore les tirages du Loto et de l&rsquo;EuroMillions, suivis c [&#8230;] <a href=\"https:\/\/www.lepoint.fr\/people\/karine-ferri-claque-la-porte-de-tf1-les-coulisses-d-un-depart-inattendu-29-07-2025-2595374_2116.php\" rel=\"nofollow noopener\" target=\"_blank\" data-ylk=\"slk:Lire la suite;elm:context_link;itc:0;sec:content-canvas\" class=\"link \">Lire la suite<\/a><\/p>\n<p><script async src=\"\/\/www.instagram.com\/embed.js\"><\/script><\/p>\n","protected":false},"excerpt":{"rendered":"Karine Ferri tourne la page TF1. Apr\u00e8s treize ans pass\u00e9s sur la premi\u00e8re cha\u00eene, l&rsquo;animatrice a officialis\u00e9 son&hellip;\n","protected":false},"author":2,"featured_media":282573,"comment_status":"","ping_status":"","sticky":false,"template":"","format":"standard","meta":{"footnotes":""},"categories":[1359],"tags":[194,58,59,1011,27,36612,973,10319,42169,199],"class_list":{"0":"post-282572","1":"post","2":"type-post","3":"status-publish","4":"format-standard","5":"has-post-thumbnail","7":"category-people","8":"tag-danse-avec-les-stars","9":"tag-divertissement","10":"tag-entertainment","11":"tag-fr","12":"tag-france","13":"tag-karine-ferri","14":"tag-people","15":"tag-rmc","16":"tag-rmc-decouverte","17":"tag-tf1"},"share_on_mastodon":{"url":"https:\/\/pubeurope.com\/@fr\/114938114462627217","error":""},"_links":{"self":[{"href":"https:\/\/www.europesays.com\/fr\/wp-json\/wp\/v2\/posts\/282572","targetHints":{"allow":["GET"]}}],"collection":[{"href":"https:\/\/www.europesays.com\/fr\/wp-json\/wp\/v2\/posts"}],"about":[{"href":"https:\/\/www.europesays.com\/fr\/wp-json\/wp\/v2\/types\/post"}],"author":[{"embeddable":true,"href":"https:\/\/www.europesays.com\/fr\/wp-json\/wp\/v2\/users\/2"}],"replies":[{"embeddable":true,"href":"https:\/\/www.europesays.com\/fr\/wp-json\/wp\/v2\/comments?post=282572"}],"version-history":[{"count":0,"href":"https:\/\/www.europesays.com\/fr\/wp-json\/wp\/v2\/posts\/282572\/revisions"}],"wp:featuredmedia":[{"embeddable":true,"href":"https:\/\/www.europesays.com\/fr\/wp-json\/wp\/v2\/media\/282573"}],"wp:attachment":[{"href":"https:\/\/www.europesays.com\/fr\/wp-json\/wp\/v2\/media?parent=282572"}],"wp:term":[{"taxonomy":"category","embeddable":true,"href":"https:\/\/www.europesays.com\/fr\/wp-json\/wp\/v2\/categories?post=282572"},{"taxonomy":"post_tag","embeddable":true,"href":"https:\/\/www.europesays.com\/fr\/wp-json\/wp\/v2\/tags?post=282572"}],"curies":[{"name":"wp","href":"https:\/\/api.w.org\/{rel}","templated":true}]}}