{"id":282574,"date":"2025-07-29T19:13:12","date_gmt":"2025-07-29T19:13:12","guid":{"rendered":"https:\/\/www.europesays.com\/fr\/282574\/"},"modified":"2025-07-29T19:13:12","modified_gmt":"2025-07-29T19:13:12","slug":"pepita-lumiere-du-jura-un-regard-de-lynx-une-lecon-de-paix-info-chalon-com","status":"publish","type":"post","link":"https:\/\/www.europesays.com\/fr\/282574\/","title":{"rendered":"P\u00e9pita, lumi\u00e8re du Jura : un regard de lynx, une le\u00e7on de paix &#8211; info-chalon.com"},"content":{"rendered":"<p>Pour une fois, il ne sera pas question de crocs ou de proies, mais d\u2019\u00e9merveillement. Le photographe amateur Micka\u00ebl Paul partage une rencontre rare et bouleversante avec une femelle lynx, aper\u00e7ue lors d\u2019un aff\u00fbt discret dans le Jura. Un instant suspendu, po\u00e9tique, loin des d\u00e9bats sur la pr\u00e9dation : ici, seule compte la beaut\u00e9 du vivant. INTERVIEW.<\/p>\n<p>Micka\u00ebl Paul est un amoureux de la faune sauvage, un photographe amateur qui ne vend pas ses photos, pr\u00e9cise-t-il\u00a0: \u00ab\u00a0Je lutte simplement pour la nature par d\u2019autres moyens\u00a0: juridique, sensibilisation&#8230; et \u00e9merveillement\u00a0! La photo est seulement un moyen de m\u2019extraire de la duret\u00e9 des dossiers que je peux vivre parfois.\u00a0\u00bb. Il est en effet l\u2019une des voix des blaireaux, des renards dans notre r\u00e9gion\u2026 Mais aussi des loups, des lynx. B\u00e9n\u00e9vole engag\u00e9 LPO Micka\u00ebl copr\u00e9side le P\u00f4le Grands Pr\u00e9dateurs.<\/p>\n<p>Infochalon le remercie de partager avec nos lecteurs cette photo magnifique d\u2019un lynx bor\u00e9al, une femelle qu\u2019il a surnomm\u00e9e \u00ab\u00a0P\u00e9pita\u00a0\u00bb.<\/p>\n<p><strong>Infochalon\u00a0: L\u2019aff\u00fbt est pour toi un loisir\u00a0? Combien d\u2019heures d\u2019attente sont n\u00e9cessaires\u00a0?<\/strong><\/p>\n<p><strong>Micka\u00ebl Paul\u00a0: <\/strong>C\u2019est \u00e0 la fois un loisir, un plaisir, et surtout un moment de respiration. Une \u00e9chapp\u00e9e belle loin de mes combats associatifs quotidiens. Je travaille pour la nature, mais la plupart du temps&#8230; enferm\u00e9. Paradoxal, non\u00a0?<br \/>Pendant que d\u2019autres sont bel et bien dehors, sans toujours respecter les r\u00e8gles\u00a0: bruit, pr\u00e9sence sur des zones sensibles, chiens en libert\u00e9, comportements dangereux, voire actes de destruction ill\u00e9gale&#8230;<\/p>\n<p>Pour moi, un aff\u00fbt dure g\u00e9n\u00e9ralement entre 2 et 4\u00a0heures. Ce jour-l\u00e0, P\u00e9pita est apparue en moins d\u2019une heure, j\u2019\u00e9tais aux c\u00f4t\u00e9s de Val\u00e9rie.<\/p>\n<p><strong>Infochalon\u00a0: Tu \u00e9tais en aff\u00fbt de blaireaux\u00a0?<\/strong><\/p>\n<p><strong>Micka\u00ebl Paul\u00a0: <\/strong>Oui, c\u2019\u00e9tait un site tranquille, avec des blaireaux. Pour \u00eatre clair\u00a0: je ne cours jamais apr\u00e8s le lynx. L\u2019esp\u00e8ce est en difficult\u00e9, et \u00e0 ceux qui l\u2019aiment, je dis\u00a0: <strong>\u00ab\u00a0Ne le cherchez pas. Mais prot\u00e9gez-le\u00a0!\u00a0\u00bb<\/strong><br \/>La photographie peut parfois faire plus de mal qu\u2019on ne le pense. La pr\u00e9sence humaine peut perturber ses proies, compromettre sa chasse (qui n\u2019aboutit pas toujours), voire s\u00e9parer une famille. Chaque action dans la nature a une incidence. Restons donc sur les sentiers, tenons nos chiens en laisse. Ce n\u2019est pas notre zone de vie, c\u2019est la leur.<\/p>\n<p>Chaque d\u00e9rangement est une d\u00e9pense d\u2019\u00e9nergie pour l\u2019animal. En hiver ou en p\u00e9riode de canicule, c\u2019est pire encore et cela peut les mettre en r\u00e9el danger. Ils n\u2019ont pas notre confort. Et c\u2019est aussi pour cela que la chasse en hiver est une aberration suppl\u00e9mentaire \u00e0 mes yeux.<\/p>\n<p><strong>Infochalon\u00a0: Quel effet \u00e7a fait\u00a0?<\/strong><\/p>\n<p><strong>Micka\u00ebl Paul\u00a0: Waouh\u00a0!<\/strong> Je n\u2019y croyais pas, surtout avec le soleil couchant qui faisait des jeux de lumi\u00e8re sur sa robe magnifique. Je n\u2019arrivais m\u00eame pas \u00e0 faire la mise au point\u2026 dans ma t\u00eate\u00a0!<br \/>Val\u00e9rie me chuchotait\u00a0: \u00ab\u00a0Y\u2019a un lynx\u2026\u00a0\u00bb<br \/>Et moi, spontan\u00e9ment (pardon pour la formulation, mais elle s\u2019est faite ainsi&#8230;)\u00a0: \u00ab\u00a0Arr\u00eate donc tes conneries, y\u2019a pas de lynx ici\u00a0!\u00a0\u00bb<br \/>Mais elle insiste\u00a0: \u00ab\u00a0Si, y\u2019a un lynxxxxx\u2026\u00a0\u00bb Et l\u00e0, ce d\u00e9licieux moment de doute initi\u00e9 dans mon esprit.<br \/>Je n\u2019y croyais tellement pas que j\u2019en \u00e9tais finalement \u00e0 la supplier, incapable de me reconnecter. P\u00e9pita a marqu\u00e9 un tronc par ses griffes, nous a laiss\u00e9s, puis est revenue une heure plus tard. Gr\u00e2ce \u00e0 un conseil d\u2019un ami photographe, j\u2019ai juste boug\u00e9 l\u00e9g\u00e8rement pour mieux voir\u2026 et elle \u00e9tait l\u00e0, assise sur son tronc, tranquillement.<\/p>\n<p>Nous \u00e9tions debout, \u00e0 ne pas bouger, elle nous a regard\u00e9s calmement, puis a repris sa vie en se d\u00e9sint\u00e9ressant de nous, limite \u00e0 nous snober\u00a0! Elle a ferm\u00e9 doucement les yeux, comme si elle \u00e9tait en paix. Elle a \u00ab\u00a0patoun\u00e9\u00a0\u00bb sur le tronc \u2013\u00a0fait ses griffes \u2013\u00a0future maman, porteuse d\u2019espoir et d\u2019un avenir plus beau, de cette vie, de toute vie que je d\u00e9fends depuis tant d\u2019ann\u00e9es.<\/p>\n<p>Puis, une pens\u00e9e brutale m\u2019a frapp\u00e9, une fois reparti, une fois redescendu de mon nuage. Et si, \u00e0 la place d\u2019un appareil photo, nous avions eu un fusil\u00a0? Elle n\u2019aurait pas boug\u00e9 non plus. Cela aurait \u00e9t\u00e9 la m\u00eame chose pour elle, mais les cons\u00e9quences, funestes.<br \/>Au moins cinq cas de lynx braconn\u00e9s* sont en cours d\u2019enqu\u00eate. Une seule affaire a permis d\u2019identifier la coupable. Combien d\u2019autres cadavres dorment dans des gouffres ou des cachettes, victimes de fous de la g\u00e2chette\u00a0?<\/p>\n<p><strong>Infochalon\u00a0: On sent une col\u00e8re, une d\u00e9termination\u2026<\/strong><\/p>\n<p><strong>Micka\u00ebl Paul\u00a0: Comment peut-on contempler un lynx\u2026 et tirer\u00a0?<\/strong> Ces gens-l\u00e0 ne prennent m\u00eame pas une seconde pour r\u00e9fl\u00e9chir. Ou alors, ils sont d\u00e9j\u00e0 morts \u00e0 l\u2019int\u00e9rieur d\u2019eux.<br \/>De nombreux lynx retrouv\u00e9s tap\u00e9s sur les routes portaient des traces de plomb. Parfois sur leur tr\u00e8s jeune vie ! C\u2019est un signe de notre incapacit\u00e9 \u00e0 cohabiter, nous humains que nous consid\u00e9rons \u00eatre l&rsquo;esp\u00e8ce sup\u00e9rieure et intelligente. Des lynx bless\u00e9s par la m\u00e9connaissance, par la peur, par la stupidit\u00e9. Il faut \u00eatre profond\u00e9ment ignorant pour penser qu\u2019ils sont nos concurrents parce qu\u2019ils mangent \u00ab nos \u00bb chevreuils. NOS ? Parce que la vie sauvage de cette plan\u00e8te nous appartient ? Cette notion-m\u00eame de propri\u00e9t\u00e9, r\u00e9gl\u00e9e sur un bout de papier, est un syst\u00e8me propre \u00e0 nous qui est incompr\u00e9hensible aux autres. Nous consid\u00e9rons les autres esp\u00e8ces comme insensibles et inf\u00e9rieures. Nous pensons tout d\u00e9tenir\u2026<\/p>\n<p><strong>Mais&#8230; rien n\u2019est \u00e0 nous ! <\/strong>La nature n\u2019appartient pas \u00e0 l\u2019humain. Nous, humains, pouvons vivre sans chasser, sans tuer, sans consommer d\u2019esp\u00e8ces sauvages. Le lynx, lui, est un carnivore strict. Il n\u2019a pas d\u2019autre choix. Nous faisons partie d\u2019un ensemble que nous n\u2019avons pas con\u00e7u, qui s\u2019est modifi\u00e9 lentement par des millions d\u2019ann\u00e9es d\u2019\u00e9volution. Nous ne sommes pas au-dessus, mais en plein dedans. Seulement, nos agissements sont l\u2019\u00e9l\u00e9ment le plus perturbateur, comme je le dis parfois\u00a0!<\/p>\n<p>Ensuite, on reproche \u00e0 la faune de se rapprocher des villes\u2026 alors que c\u2019est nous qui avons envahi leur monde, r\u00e9duisant leur habitat. On pourrait tout leur prendre, mais ils n\u2019auraient pas \u00e0 poser une plume ou une patte dans notre univers ? On exige que chaque esp\u00e8ce puisse justifier sa pr\u00e9sence, sauf si elle sert nos loisirs. Est-ce que ce monde est s\u00e9rieux ?<br \/>Les plus belles rencontres sont parfois celles qu\u2019on ne fait <strong>pas<\/strong>. Cela signifie peut-\u00eatre que nous n\u2019avons pas d\u00e9rang\u00e9 leur intimit\u00e9, leurs petits, leur repas.<\/p>\n<p><strong>Infochalon\u00a0: Un message pour finir\u00a0?<\/strong><\/p>\n<p><strong>Micka\u00ebl Paul\u00a0: <\/strong>Oui. Si un fou veut la mort d\u2019un lynx, la majorit\u00e9 des gens, eux, ne le souhaitent pas. Environ 10\u00a0% des lynx meurent chaque ann\u00e9e sur nos routes. Les destructions ill\u00e9gales sont bien plus difficiles \u00e0 estimer, car les cadavres ne sont pas retrouv\u00e9s.<\/p>\n<p>Mais vous, usagers de la route, vous n\u2019avez pas l\u2019intention de tuer. Vous n\u2019\u00eates pas des meurtriers en puissance. Vous ne partez pas au travail le matin en vous disant que vous allez prendre une vie \u2013\u00a0la plus triste fa\u00e7on de vivre une journ\u00e9e\u2026 Alors, si vous aimez la vie, la nature, cette plan\u00e8te\u00a0: <strong>ralentissez, ouvrez les yeux, profitez. Vous serez alors, au fond de vous-m\u00eame, un h\u00e9ros au quotidien\u00a0!<\/strong><\/p>\n<p><strong>Merci.<\/strong><\/p>\n<p style=\"text-align: right;\"><strong>Propos recueillis par Nathalie DUNAND<br \/><\/strong><a href=\"http:\/\/www.info-chalon.com\/cdn-cgi\/l\/email-protection#2c424d58444d4045490245424a434f444d4043426c4b414d4540024f4341\" rel=\"nofollow noopener\" target=\"_blank\">[email\u00a0protected]<\/a><\/p>\n<p style=\"text-align: left;\"><strong>Photo fournie pour usage exclusif dans cet article.<\/strong> Toute autre utilisation (reproduction, diffusion, adaptation) est strictement interdite sans autorisation pr\u00e9alable de l\u2019auteur.<\/p>\n<p>*\u00a0Le lynx bore\u0301al (ou lynx d\u2019Europe), le plus grand fe\u0301lin sauvage pre\u0301sent en Europe, est une esp\u00e8ce consid\u00e9r\u00e9e comme menac\u00e9e\u00a0; en France, il est strictement prot\u00e9g\u00e9. Le Massif du Jura he\u0301berge 80\u00a0% de la population de lynx. Notre re\u0301gion a donc une responsabilite\u0301 particulie\u0300re vis-a\u0300-vis de cette espe\u0300ce.<br \/>Braconner, tuer un lynx est un d\u00e9lit qui porte une atteinte grave \u00e0 la biodiversit\u00e9, passible de peines dont la plus basse est de trois ans d\u2019emprisonnement et de 150\u00a0000\u00a0\u20ac d\u2019amende.<\/p>\n","protected":false},"excerpt":{"rendered":"Pour une fois, il ne sera pas question de crocs ou de proies, mais d\u2019\u00e9merveillement. Le photographe amateur&hellip;\n","protected":false},"author":2,"featured_media":282575,"comment_status":"","ping_status":"","sticky":false,"template":"","format":"standard","meta":{"footnotes":""},"categories":[1358],"tags":[1348,1384,1385,1386,58,59,1011,27],"class_list":{"0":"post-282574","1":"post","2":"type-post","3":"status-publish","4":"format-standard","5":"has-post-thumbnail","7":"category-arts-et-design","8":"tag-arts","9":"tag-arts-and-design","10":"tag-arts-et-design","11":"tag-design","12":"tag-divertissement","13":"tag-entertainment","14":"tag-fr","15":"tag-france"},"share_on_mastodon":{"url":"https:\/\/pubeurope.com\/@fr\/114938118628869202","error":""},"_links":{"self":[{"href":"https:\/\/www.europesays.com\/fr\/wp-json\/wp\/v2\/posts\/282574","targetHints":{"allow":["GET"]}}],"collection":[{"href":"https:\/\/www.europesays.com\/fr\/wp-json\/wp\/v2\/posts"}],"about":[{"href":"https:\/\/www.europesays.com\/fr\/wp-json\/wp\/v2\/types\/post"}],"author":[{"embeddable":true,"href":"https:\/\/www.europesays.com\/fr\/wp-json\/wp\/v2\/users\/2"}],"replies":[{"embeddable":true,"href":"https:\/\/www.europesays.com\/fr\/wp-json\/wp\/v2\/comments?post=282574"}],"version-history":[{"count":0,"href":"https:\/\/www.europesays.com\/fr\/wp-json\/wp\/v2\/posts\/282574\/revisions"}],"wp:featuredmedia":[{"embeddable":true,"href":"https:\/\/www.europesays.com\/fr\/wp-json\/wp\/v2\/media\/282575"}],"wp:attachment":[{"href":"https:\/\/www.europesays.com\/fr\/wp-json\/wp\/v2\/media?parent=282574"}],"wp:term":[{"taxonomy":"category","embeddable":true,"href":"https:\/\/www.europesays.com\/fr\/wp-json\/wp\/v2\/categories?post=282574"},{"taxonomy":"post_tag","embeddable":true,"href":"https:\/\/www.europesays.com\/fr\/wp-json\/wp\/v2\/tags?post=282574"}],"curies":[{"name":"wp","href":"https:\/\/api.w.org\/{rel}","templated":true}]}}