{"id":282583,"date":"2025-07-29T19:18:09","date_gmt":"2025-07-29T19:18:09","guid":{"rendered":"https:\/\/www.europesays.com\/fr\/282583\/"},"modified":"2025-07-29T19:18:09","modified_gmt":"2025-07-29T19:18:09","slug":"des-experts-expliquent-comment-eviter-60-des-cas","status":"publish","type":"post","link":"https:\/\/www.europesays.com\/fr\/282583\/","title":{"rendered":"des experts expliquent comment \u00e9viter 60\u00a0% des cas"},"content":{"rendered":"<p>    Les cancers dus \u00e0 l\u2019alcool et \u00e0 l\u2019ob\u00e9sit\u00e9 devraient in\u00e9luctablement augmenter dans les prochaines ann\u00e9es.<br \/>\n                Studio Romantic &#8211; stock.adobe.com<\/p>\n<p><strong>D\u00c9CRYPTAGE &#8211; <\/strong>Alors que ce cancer conna\u00eet une hausse inqui\u00e9tante, des scientifiques viennent de livrer leurs recommandations pour mettre fin \u00e0 cette \u00e9pid\u00e9mie.<\/p>\n<p class=\"fig-paragraph\">Il s\u2019agit du sixi\u00e8me cancer le plus fr\u00e9quent dans le monde et le nombre de nouveaux cas devrait encore doubler d\u2019ici 2050. Pourtant, la funeste trajectoire du carcinome h\u00e9patocellulaire (la forme la plus fr\u00e9quente de\u00a0<a href=\"https:\/\/sante.lefigaro.fr\/sante\/maladie\/cancer-foie\/quelles-causes#:~:text=C&#039;est%20un%20cancer%20habituellement,app%C3%A9tit%20et%20une%20fatigue%20importante.\" target=\"_blank\" data-fig-type=\"Keyword\" rel=\"sponsored noopener\" data-gtm-custom-categorie=\"navigation\" data-gtm-custom-action=\"crossclick\" data-gtm-custom-label=\"Contextuel\" data-gtm-event=\"customEventSPE\" data-fig-domain=\"SANTE\">cancer du foie<\/a>) pourrait tr\u00e8s bien \u00eatre modifi\u00e9e. C\u2019est, en substance, le message port\u00e9 par une \u00e9tude internationale publi\u00e9e lundi dans la revue m\u00e9dicale The Lancet. \u00ab\u00a0Nous avons estim\u00e9 qu\u2019au moins 60\u00a0% des cancers du foie sont \u00e9vitables gr\u00e2ce au contr\u00f4le des facteurs de risque modifiables du carcinome h\u00e9patocellulaire (\u2026)\u00a0\u00bb, font valoir les auteurs. Selon eux, jusqu\u2019\u00e0 15\u00a0millions de d\u00e9c\u00e8s pourraient \u00eatre \u00e9vit\u00e9s dans les vingt-cinq\u00a0prochaines ann\u00e9es, si un programme de pr\u00e9vention efficace \u00e9tait mis en place.<\/p>\n<p class=\"fig-paragraph\">Le cancer du foie primitif &#8211;\u00a0c\u2019est-\u00e0-dire form\u00e9 directement dans l\u2019organe, et non cons\u00e9quemment \u00e0 des m\u00e9tastases\u00a0&#8211; a en effet des causes bien identifi\u00e9es. \u00ab\u00a0Il peut survenir sur un foie sain, mais c\u2019est rare. Dans la grande majorit\u00e9 des cas, il se d\u00e9veloppe sur un foie\u2026<\/p>\n<p class=\"fig-premium-paywall__infos\">\n        Cet article est r\u00e9serv\u00e9 aux abonn\u00e9s.        Il vous reste 81% \u00e0 d\u00e9couvrir.\n    <\/p>\n<p>                <img  data- alt=\"Le Figaro\" class=\"fig-img--complete fig-img\"\/><\/p>\n<p class=\"fig-premium-paywall__title\">Vous avez envie de lire la suite ?<\/p>\n<p class=\"fig-premium-paywall__subtitle\">D\u00e9bloquez tous les articles imm\u00e9diatement.<\/p>\n<p class=\"fig-premium-paywall__connect\">\n                D\u00e9j\u00e0 abonn\u00e9\u00a0?                <a class=\"fig-premium-paywall__connect-link\" href=\"https:\/\/connect.lefigaro.fr\/login?client=sante_web&amp;type=main&amp;redirect_uri=https%3A%2F%2Fsante.lefigaro.fr%2Fsocial%2Fsante-publique%2Fdeux-fois-plus-de-cancers-du-foie-d-ici-2050-des-experts-expliquent-comment-eviter-60-des-cas-20250729\" data-js-gtm=\"{&quot;customCategorie&quot;: &quot;conversion&quot;, &quot;customAction&quot;: &quot;before_Landing_Connexion_paywall_auto&quot;, &quot;customLabel&quot;: &quot;c2FudGUubGVmaWdhcm8uZnJfXzFmMDZjNWMwLTI4OTAtNmRhMi04MGM5LWI3Y2M1ZWQzMzE0MF9fQXJ0aWNsZQ==_Deux fois plus de cancers du foie d\u2019ici 2050\u00a0: des experts expliquent comment \u00e9viter 60\u00a0% des cas_265&quot;, &quot;customIDSPE&quot;: &quot;c2FudGUubGVmaWdhcm8uZnJfXzFmMDZjNWMwLTI4OTAtNmRhMi04MGM5LWI3Y2M1ZWQzMzE0MF9fQXJ0aWNsZQ==&quot;, &quot;event&quot;: &quot;customEventSPE&quot;}\" target=\"_blank\" rel=\"noopener\"><br \/>\n                    Connectez-vous<br \/>\n                <\/a>\n            <\/p>\n","protected":false},"excerpt":{"rendered":"Les cancers dus \u00e0 l\u2019alcool et \u00e0 l\u2019ob\u00e9sit\u00e9 devraient in\u00e9luctablement augmenter dans les prochaines ann\u00e9es. Studio Romantic &#8211;&hellip;\n","protected":false},"author":2,"featured_media":282584,"comment_status":"","ping_status":"","sticky":false,"template":"","format":"standard","meta":{"footnotes":""},"categories":[10],"tags":[40720,1011,27,72,71],"class_list":{"0":"post-282583","1":"post","2":"type-post","3":"status-publish","4":"format-standard","5":"has-post-thumbnail","7":"category-sante","8":"tag-cancer-du-foie","9":"tag-fr","10":"tag-france","11":"tag-health","12":"tag-sante"},"share_on_mastodon":{"url":"https:\/\/pubeurope.com\/@fr\/114938138094338331","error":""},"_links":{"self":[{"href":"https:\/\/www.europesays.com\/fr\/wp-json\/wp\/v2\/posts\/282583","targetHints":{"allow":["GET"]}}],"collection":[{"href":"https:\/\/www.europesays.com\/fr\/wp-json\/wp\/v2\/posts"}],"about":[{"href":"https:\/\/www.europesays.com\/fr\/wp-json\/wp\/v2\/types\/post"}],"author":[{"embeddable":true,"href":"https:\/\/www.europesays.com\/fr\/wp-json\/wp\/v2\/users\/2"}],"replies":[{"embeddable":true,"href":"https:\/\/www.europesays.com\/fr\/wp-json\/wp\/v2\/comments?post=282583"}],"version-history":[{"count":0,"href":"https:\/\/www.europesays.com\/fr\/wp-json\/wp\/v2\/posts\/282583\/revisions"}],"wp:featuredmedia":[{"embeddable":true,"href":"https:\/\/www.europesays.com\/fr\/wp-json\/wp\/v2\/media\/282584"}],"wp:attachment":[{"href":"https:\/\/www.europesays.com\/fr\/wp-json\/wp\/v2\/media?parent=282583"}],"wp:term":[{"taxonomy":"category","embeddable":true,"href":"https:\/\/www.europesays.com\/fr\/wp-json\/wp\/v2\/categories?post=282583"},{"taxonomy":"post_tag","embeddable":true,"href":"https:\/\/www.europesays.com\/fr\/wp-json\/wp\/v2\/tags?post=282583"}],"curies":[{"name":"wp","href":"https:\/\/api.w.org\/{rel}","templated":true}]}}