{"id":282587,"date":"2025-07-29T19:20:11","date_gmt":"2025-07-29T19:20:11","guid":{"rendered":"https:\/\/www.europesays.com\/fr\/282587\/"},"modified":"2025-07-29T19:20:11","modified_gmt":"2025-07-29T19:20:11","slug":"la-chanteuse-de-lulu-van-trapp-rebecca-baby-proteste-seins-nus-apres-avoir-ete-agressee-sexuellement-pendant-un-concert-liberation","status":"publish","type":"post","link":"https:\/\/www.europesays.com\/fr\/282587\/","title":{"rendered":"La chanteuse de Lulu Van Trapp, Rebecca Baby, proteste seins nus apr\u00e8s avoir \u00e9t\u00e9 agress\u00e9e sexuellement pendant un concert \u2013 Lib\u00e9ration"},"content":{"rendered":"<p class=\"sc-ksZaOG ehjQrN text-element\">La soliste Rebecca Baby<b> <\/b>de Lulu Van Trapp, un quatuor rock, a d\u00e9nonc\u00e9 lundi 28 juillet dans un post Instagram (supprim\u00e9 par la plateforme depuis) l\u2019agression dont elle a \u00e9t\u00e9 victime au cours d\u2019un de ses concerts au festival du Cri de la goutte (Ain), samedi. Alors qu\u2019elle \u00e9tait descendue dans la fosse \u00e0 la rencontre de son public, elle se retrouve devant \u00abdes mecs super excit\u00e9s\u00bb qui l\u2019empoignent, l\u2019un d\u2019eux lui attrape les seins : \u00abDepuis plus de dix ans que je suis sur sc\u00e8ne, c\u2019est la premi\u00e8re fois que \u00e7a m\u2019arrive.\u00bb<\/p>\n<p class=\"sc-ksZaOG ehjQrN text-element\">La chanteuse de Lulu Van Trapp, remont\u00e9e sur sc\u00e8ne, a alors enlev\u00e9 son tee-shirt : \u00abJe resterai seins nus jusqu\u2019\u00e0 ce que \u00e7a soit normal, [\u2026] que vos cerveaux se soient habitu\u00e9s \u00e0 ce que ce ne soit pas sexuel\u00bb, a-t-elle lanc\u00e9 au micro. Trois femmes au premier rang, en soutien, se sont aussit\u00f4t mises torse nu mais l\u2019une d\u2019entre elles aurait \u00e9t\u00e9 somm\u00e9e, par un vigile, de se rhabiller par crainte de \u00abse faire agresser\u00bb.<\/p>\n<p class=\"sc-ksZaOG ehjQrN text-element\">Rebecca Baby d\u00e9crit la violence de cette attaque : la main qu\u2019elle semble encore sentir, \u00abcomme une br\u00fblure\u00bb, sous son tee-shirt et sa sid\u00e9ration. Elle t\u00e9moigne : \u00abJe tremble, je flotte, mais l\u2019instinct de ne pas laisser faire et de mettre sous les spotlights cet acte est plus fort que tout.\u00bb L\u2019artiste insiste que cette agression n\u2019a rien \u00e0 voir avec les habits qu\u2019elle portait en accusant \u00abla fr\u00e9n\u00e9sie de possession et de destruction\u00bb de ses agresseurs.<\/p>\n<p class=\"sc-ksZaOG ehjQrN text-element\">Lulu Van Trapp salue le festival Cri de la goutte pour leur r\u00e9action en ayant permis \u00e0 la chanteuse d\u2019\u00eatre extirp\u00e9 de ce qu\u2019elle d\u00e9crit comme une \u00abfosse des enfers\u00bb. Les organisateurs de l\u2019\u00e9v\u00e9nement, eux, ont r\u00e9agi en soutien \u00e0 l\u2019artiste : \u00abCe comportement est inacceptable. Il est en totale contradiction avec les valeurs du Cri de la goutte : respect, bienveillance, inclusion, s\u00e9curit\u00e9 pour toutes et tous.\u00bb Rebecca Baby esp\u00e8re donner l\u2019impulsion \u00e0 tous les festivals de \u00abformer les \u00e9quipes de s\u00e9curit\u00e9 et autre encadrant\u00bb \u00e0 prot\u00e9ger le public et les artistes ainsi qu\u2019\u00e0 prendre en consid\u00e9ration leur plainte.<\/p>\n<p class=\"sc-ksZaOG ehjQrN text-element\">Le quatuor Lulu Van Trapp d\u00e9clare faire \u00abune musique de lib\u00e9ration\u00bb qui doit permettre aux artistes de se r\u00e9approprier l\u2019espace sur sc\u00e8ne comme dans la foule. Les Parisiens reconnaissent que ce changement n\u2019est pas \u00e9vident. Le groupe constate <a href=\"https:\/\/www.liberation.fr\/culture\/musique\/je-croyais-parler-a-des-allies-face-aux-violences-sexuelles-les-festivals-de-metal-restent-durs-doreille-20240816_KFZZ67F55JFENMCQS2Y66DUI7Q\/\" target=\"_blank\" rel=\"nofollow noopener\" title=\"https:\/\/www.liberation.fr\/culture\/musique\/je-croyais-parler-a-des-allies-face-aux-violences-sexuelles-les-festivals-de-metal-restent-durs-doreille-20240816_KFZZ67F55JFENMCQS2Y66DUI7Q\/\">un \u00abretard\u00bb post #Metoo, particuli\u00e8rement dans le milieu du rock<\/a>. Les violences sexistes et sexuelles dans le milieu musical ne se cantonnent pas \u00e0 ce genre pr\u00e9cis et se retrouvent dans de nombreux \u00e9v\u00e9nements festifs. Selon un sondage Safer (1), 75 % des femmes consid\u00e8rent les remarques sexistes, les harc\u00e8lements et agressions sexuelles fr\u00e9quentes en festival. Quant \u00e0 la suppression du post Instagram, Rebecca Baby l\u2019a d\u00e9nonc\u00e9 comme \u00abune censure honteuse\u00bb : \u00abCe post, c\u2019\u00e9tait une source de r\u00e9confort infini.\u00bb<\/p>\n","protected":false},"excerpt":{"rendered":"La soliste Rebecca Baby de Lulu Van Trapp, un quatuor rock, a d\u00e9nonc\u00e9 lundi 28 juillet dans un&hellip;\n","protected":false},"author":2,"featured_media":282588,"comment_status":"","ping_status":"","sticky":false,"template":"","format":"standard","meta":{"footnotes":""},"categories":[8],"tags":[58,59,1011,27,6758,25143,7040],"class_list":{"0":"post-282587","1":"post","2":"type-post","3":"status-publish","4":"format-standard","5":"has-post-thumbnail","7":"category-divertissement","8":"tag-divertissement","9":"tag-entertainment","10":"tag-fr","11":"tag-france","12":"tag-me-too","13":"tag-musiques-electroniques","14":"tag-rock"},"share_on_mastodon":{"url":"https:\/\/pubeurope.com\/@fr\/114938146108160317","error":""},"_links":{"self":[{"href":"https:\/\/www.europesays.com\/fr\/wp-json\/wp\/v2\/posts\/282587","targetHints":{"allow":["GET"]}}],"collection":[{"href":"https:\/\/www.europesays.com\/fr\/wp-json\/wp\/v2\/posts"}],"about":[{"href":"https:\/\/www.europesays.com\/fr\/wp-json\/wp\/v2\/types\/post"}],"author":[{"embeddable":true,"href":"https:\/\/www.europesays.com\/fr\/wp-json\/wp\/v2\/users\/2"}],"replies":[{"embeddable":true,"href":"https:\/\/www.europesays.com\/fr\/wp-json\/wp\/v2\/comments?post=282587"}],"version-history":[{"count":0,"href":"https:\/\/www.europesays.com\/fr\/wp-json\/wp\/v2\/posts\/282587\/revisions"}],"wp:featuredmedia":[{"embeddable":true,"href":"https:\/\/www.europesays.com\/fr\/wp-json\/wp\/v2\/media\/282588"}],"wp:attachment":[{"href":"https:\/\/www.europesays.com\/fr\/wp-json\/wp\/v2\/media?parent=282587"}],"wp:term":[{"taxonomy":"category","embeddable":true,"href":"https:\/\/www.europesays.com\/fr\/wp-json\/wp\/v2\/categories?post=282587"},{"taxonomy":"post_tag","embeddable":true,"href":"https:\/\/www.europesays.com\/fr\/wp-json\/wp\/v2\/tags?post=282587"}],"curies":[{"name":"wp","href":"https:\/\/api.w.org\/{rel}","templated":true}]}}