{"id":282600,"date":"2025-07-29T19:27:11","date_gmt":"2025-07-29T19:27:11","guid":{"rendered":"https:\/\/www.europesays.com\/fr\/282600\/"},"modified":"2025-07-29T19:27:11","modified_gmt":"2025-07-29T19:27:11","slug":"saint-etienne-terrenoire-le-pont-sur-la-voie-rapide-renove","status":"publish","type":"post","link":"https:\/\/www.europesays.com\/fr\/282600\/","title":{"rendered":"Saint-\u00c9tienne \/ TERRENOIRE. Le pont sur la voie rapide r\u00e9nov\u00e9"},"content":{"rendered":"<p>Enjambant la nationale 88, le pont de la rue Fr\u00e9d\u00e9ric-Ba\u00eft vient d\u2019\u00eatre r\u00e9nov\u00e9. Apr\u00e8s le remplacement complet des garde-corps qui avaient vieilli et subi des d\u00e9formations, le rev\u00eatement de la chauss\u00e9e a \u00e9t\u00e9 renouvel\u00e9 et les trottoirs r\u00e9nov\u00e9s et abaiss\u00e9s au droit des passages pi\u00e9tons. Reliant Terrenoire au quartier de Montplaisir, \u00e0 la bretelle d\u2019acc\u00e8s \u00e0 la voie rapide, et au parc du Bois d\u2019Avaize pour les pi\u00e9tons, ce pont est tr\u00e8s fr\u00e9quent\u00e9 au quotidien.<\/p>\n","protected":false},"excerpt":{"rendered":"Enjambant la nationale 88, le pont de la rue Fr\u00e9d\u00e9ric-Ba\u00eft vient d\u2019\u00eatre r\u00e9nov\u00e9. Apr\u00e8s le remplacement complet des&hellip;\n","protected":false},"author":2,"featured_media":282601,"comment_status":"","ping_status":"","sticky":false,"template":"","format":"standard","meta":{"footnotes":""},"categories":[9653],"tags":[1111,11,2430,3542,7539,1777,674,1011,27,12,25,4001,7538,2803],"class_list":{"0":"post-282600","1":"post","2":"type-post","3":"status-publish","4":"format-standard","5":"has-post-thumbnail","7":"category-saint-etienne","8":"tag-actu","9":"tag-actualites","10":"tag-auvergne-rhone-alpes","11":"tag-circulation","12":"tag-edition-loire-sud","13":"tag-eu","14":"tag-europe","15":"tag-fr","16":"tag-france","17":"tag-news","18":"tag-republique-francaise","19":"tag-saint-etienne","20":"tag-saint-etienne-ville","21":"tag-transport"},"share_on_mastodon":{"url":"https:\/\/pubeurope.com\/@fr\/114938173516143802","error":""},"_links":{"self":[{"href":"https:\/\/www.europesays.com\/fr\/wp-json\/wp\/v2\/posts\/282600","targetHints":{"allow":["GET"]}}],"collection":[{"href":"https:\/\/www.europesays.com\/fr\/wp-json\/wp\/v2\/posts"}],"about":[{"href":"https:\/\/www.europesays.com\/fr\/wp-json\/wp\/v2\/types\/post"}],"author":[{"embeddable":true,"href":"https:\/\/www.europesays.com\/fr\/wp-json\/wp\/v2\/users\/2"}],"replies":[{"embeddable":true,"href":"https:\/\/www.europesays.com\/fr\/wp-json\/wp\/v2\/comments?post=282600"}],"version-history":[{"count":0,"href":"https:\/\/www.europesays.com\/fr\/wp-json\/wp\/v2\/posts\/282600\/revisions"}],"wp:featuredmedia":[{"embeddable":true,"href":"https:\/\/www.europesays.com\/fr\/wp-json\/wp\/v2\/media\/282601"}],"wp:attachment":[{"href":"https:\/\/www.europesays.com\/fr\/wp-json\/wp\/v2\/media?parent=282600"}],"wp:term":[{"taxonomy":"category","embeddable":true,"href":"https:\/\/www.europesays.com\/fr\/wp-json\/wp\/v2\/categories?post=282600"},{"taxonomy":"post_tag","embeddable":true,"href":"https:\/\/www.europesays.com\/fr\/wp-json\/wp\/v2\/tags?post=282600"}],"curies":[{"name":"wp","href":"https:\/\/api.w.org\/{rel}","templated":true}]}}