{"id":282606,"date":"2025-07-29T19:30:17","date_gmt":"2025-07-29T19:30:17","guid":{"rendered":"https:\/\/www.europesays.com\/fr\/282606\/"},"modified":"2025-07-29T19:30:17","modified_gmt":"2025-07-29T19:30:17","slug":"fatal-bazooka-l5-tragedie-gilbert-montagne-boney-m-ils-vont-mettre-le-feu-a-la-seyne-lors-de-la-kermesse-festival","status":"publish","type":"post","link":"https:\/\/www.europesays.com\/fr\/282606\/","title":{"rendered":"Fatal Bazooka, L5, Trag\u00e9die, Gilbert Montagn\u00e9, Boney M&#8230; Ils vont mettre le feu \u00e0 La Seyne lors de La Kermesse Festival"},"content":{"rendered":"<p>D\u00e8s ce <strong>vendredi soir et jusqu\u2019\u00e0 dimanche<\/strong>, <strong>pr\u00e8s de 60.000 personnes sont attendues<\/strong> pour assister \u00e0 <strong>La Kermesse Festival<\/strong>. L\u2019\u00e9v\u00e9nement, qui revient pour une troisi\u00e8me \u00e9dition <strong>au parc de la Navale \u00e0 La Seyne<\/strong>, a su se faire une place gr\u00e2ce \u00e0 une programmation musicale qui replonge les plus nostalgiques dans les ann\u00e9es 2000, voire m\u00eame un peu avant. Pour preuve, il a doubl\u00e9 sa capacit\u00e9 de spectateurs passant de 30.000 \u00e0 60.000.<\/p>\n<p>Tout au long du week-end, <strong>31 artistes performeront sur sc\u00e8ne<\/strong> en reprenant leurs tubes les plus c\u00e9l\u00e8bres. Pour la soir\u00e9e d\u2019ouverture de l\u2019\u00e9dition 2025, on retrouvera l\u2019interpr\u00e8te de Dieu m\u2019a donn\u00e9 la foi, <strong>Oph\u00e9lie Winter<\/strong>. Des \u00ab\u00a0habitu\u00e9s\u00a0\u00bb de l\u2019\u00e9v\u00e9nement seront \u00e9galement de la partie avec les <strong>L5, Kenza Farah<\/strong> ou encore le groupe allemand <strong>Boney M<\/strong>.<\/p>\n<p>Le samedi, ce sont entre autres, <strong>Shy\u2019m, Gilbert Montagn\u00e9<\/strong> ou encore la Roumaine <strong>Inna<\/strong> qui feront vibrer les milliers de spectateurs. Enfin, le final promet d\u2019\u00eatre m\u00e9morable avec <strong>Factor X, PZK<\/strong>, mais surtout <strong>Fatal Bazooka<\/strong> qui viendront mettre le feu sur sc\u00e8ne.<\/p>\n<p>Alors avant de vous replonger dans les hits qui ont marqu\u00e9 plusieurs g\u00e9n\u00e9rations, le producteur de musique et organisateur du festival, Pierre Abbate nous d\u00e9voile tout ce qu\u2019il faut savoir.<\/p>\n","protected":false},"excerpt":{"rendered":"D\u00e8s ce vendredi soir et jusqu\u2019\u00e0 dimanche, pr\u00e8s de 60.000 personnes sont attendues pour assister \u00e0 La Kermesse&hellip;\n","protected":false},"author":2,"featured_media":282607,"comment_status":"","ping_status":"","sticky":false,"template":"","format":"standard","meta":{"footnotes":""},"categories":[9619],"tags":[1111,11,4156,251,1777,674,1011,27,12,882,25,2310],"class_list":{"0":"post-282606","1":"post","2":"type-post","3":"status-publish","4":"format-standard","5":"has-post-thumbnail","7":"category-toulon","8":"tag-actu","9":"tag-actualites","10":"tag-concerts","11":"tag-culture","12":"tag-eu","13":"tag-europe","14":"tag-fr","15":"tag-france","16":"tag-news","17":"tag-provence-alpes-cote-dazur","18":"tag-republique-francaise","19":"tag-toulon"},"share_on_mastodon":{"url":"https:\/\/pubeurope.com\/@fr\/114938185361547057","error":""},"_links":{"self":[{"href":"https:\/\/www.europesays.com\/fr\/wp-json\/wp\/v2\/posts\/282606","targetHints":{"allow":["GET"]}}],"collection":[{"href":"https:\/\/www.europesays.com\/fr\/wp-json\/wp\/v2\/posts"}],"about":[{"href":"https:\/\/www.europesays.com\/fr\/wp-json\/wp\/v2\/types\/post"}],"author":[{"embeddable":true,"href":"https:\/\/www.europesays.com\/fr\/wp-json\/wp\/v2\/users\/2"}],"replies":[{"embeddable":true,"href":"https:\/\/www.europesays.com\/fr\/wp-json\/wp\/v2\/comments?post=282606"}],"version-history":[{"count":0,"href":"https:\/\/www.europesays.com\/fr\/wp-json\/wp\/v2\/posts\/282606\/revisions"}],"wp:featuredmedia":[{"embeddable":true,"href":"https:\/\/www.europesays.com\/fr\/wp-json\/wp\/v2\/media\/282607"}],"wp:attachment":[{"href":"https:\/\/www.europesays.com\/fr\/wp-json\/wp\/v2\/media?parent=282606"}],"wp:term":[{"taxonomy":"category","embeddable":true,"href":"https:\/\/www.europesays.com\/fr\/wp-json\/wp\/v2\/categories?post=282606"},{"taxonomy":"post_tag","embeddable":true,"href":"https:\/\/www.europesays.com\/fr\/wp-json\/wp\/v2\/tags?post=282606"}],"curies":[{"name":"wp","href":"https:\/\/api.w.org\/{rel}","templated":true}]}}