{"id":282608,"date":"2025-07-29T19:31:13","date_gmt":"2025-07-29T19:31:13","guid":{"rendered":"https:\/\/www.europesays.com\/fr\/282608\/"},"modified":"2025-07-29T19:31:13","modified_gmt":"2025-07-29T19:31:13","slug":"la-fco-cest-quoi-cette-maladie-qui-frappe-les-elevages","status":"publish","type":"post","link":"https:\/\/www.europesays.com\/fr\/282608\/","title":{"rendered":"La \u00ab FCO \u00bb : c\u2019est quoi cette maladie qui frappe les \u00e9levages\u00a0?"},"content":{"rendered":"<p>La fi\u00e8vre catarrhale ovine (FCO), \u00e9galement appel\u00e9e \u00ab\u00a0maladie de langue bleue\u00a0\u00bb, fait \u00e0 nouveau parler d\u2019elle. Depuis son apparition il y a un an sur le sol fran\u00e7ais, principalement dans le nord et le sud de la France, les autorit\u00e9s sanitaires avaient lanc\u00e9 une campagne de vaccination au plan national. Mais l\u2019on assiste ces derni\u00e8res semaines \u00e0 un regain de l\u2019\u00e9pizootie, particuli\u00e8rement en Bretagne.<\/p>\n<p><strong>Lire aussi :<\/strong>\u00a0<a href=\"https:\/\/www.ouest-france.fr\/economie\/agriculture\/en-bretagne-la-fievre-catarrhale-ovine-inquiete-les-eleveurs-b1a098f0-6bd5-11f0-b8dc-7402ea9fbf6c#:~:text=Le%2520nombre%2520d&#039;%25C3%25A9levages%2520bovins,six%2520brebis%2520en%2520quelques%2520jours.\" target=\"_self\" rel=\"noopener\">En Bretagne, la fi\u00e8vre catarrhale ovine inqui\u00e8te les \u00e9leveurs<\/a><\/p>\n<p>Qu\u2019est ce que la fi\u00e8vre catarrhale ovine\u00a0?<\/p>\n<p>C\u2019est <a href=\"https:\/\/rennes.maville.com\/actu\/actudet_-mhe-fco...-pourquoi-ces-maladies-apparaissent-elles-en-france-_53511-6259710_actu.Htm\" target=\"_self\" rel=\"noopener\">une maladie vectorielle<\/a> transmise par les piq\u00fbres de moucherons culico\u00efdes et qui touche les ruminants (bovins, ovins, caprins). Actuellement, deux souches principales circulent, \u00e0 savoir le s\u00e9rotype 3\u00a0arriv\u00e9 il y a un an par le nord-est de la France et le s\u00e9rotype 8\u00a0qui a fait son apparition dans le sud-est du pays en 2023. Ces virus particuli\u00e8rement virulents provoquent des avortements, des pertes de production laiti\u00e8re et de la mortalit\u00e9 surtout pour les ovins (plus de 30\u00a0%) mais aussi chez les bovins (de 1 \u00e0 3\u00a0%).\u00a0Les signes cliniques se manifestent par l\u2019apparition de l\u00e9sions sur le mufle, la langue, les gencives et les pattes. Elle n\u2019est pas transmissible \u00e0 l\u2019homme.<\/p>\n<\/p>\n<p>Comment expliquer le regain de l\u2019\u00e9pid\u00e9mie en Bretagne\u00a0?<\/p>\n<p><strong>\u00ab\u00a0Les fortes chaleurs de la fin juin, conjugu\u00e9es \u00e0 l\u2019humidit\u00e9 (plans d\u2019eau, rigoles\u2026) ont pu favoriser l\u2019apparition des moucherons culico\u00efdes\u00a0\u00bb,<\/strong> selon Gr\u00e9goire Kuntz, v\u00e9t\u00e9rinaire conseil au <a href=\"https:\/\/rennes.maville.com\/actu\/actudet_-en-bretagne-les-elevages-souffrent-d-une-recrudescence-des-cas-de-fievre-catarrhale-ovine-_5-6913594_actu.Htm\" target=\"_self\" rel=\"noopener\">Groupement de d\u00e9fense sanitaire (GDS Bretagne)<\/a>. <strong>D\u2019autant que le stress thermique a pu contribuer \u00e0 affaiblir les d\u00e9fenses immunitaires des animaux.\u00a0\u00bb<\/strong> Pour Julien Hamon, r\u00e9f\u00e9rent sanitaire \u00e0 la Conf\u00e9d\u00e9ration paysanne de Bretagne, c\u2019est la traduction concr\u00e8te du r\u00e9chauffement climatique et de la perte de biodiversit\u00e9. <strong>\u00ab\u00a0Les populations de chauve-souris et d\u2019hirondelles, qui sont les pr\u00e9datrices des moucherons, ont beaucoup diminu\u00e9.\u00a0\u00bb<\/strong><\/p>\n<\/p>\n<p>Quelle strat\u00e9gie contre le virus\u00a0?<\/p>\n<p>Le GDS recommande de <strong>\u00ab\u00a0vacciner massivement\u00a0\u00bb.<\/strong> La couverture vaccinale atteint aujourd\u2019hui 10\u00a0%. <strong>\u00ab\u00a0Il faudrait atteindre les 80\u00a0% pour bloquer la circulation du virus\u00a0\u00bb,<\/strong> souligne Gr\u00e9goire Kuntz. Chaque s\u00e9rotype n\u00e9cessite un vaccin sp\u00e9cifique, administr\u00e9 le plus souvent en deux doses \u00e0 trois semaines d\u2019intervalle (il existe aussi des formules de vaccins en une seule dose). L\u2019animal est prot\u00e9g\u00e9 pendant un an. Le vaccin (4 \u00e0 5 euros) est \u00e0 la charge des \u00e9leveurs. En cas d\u2019apparition de sympt\u00f4mes, l\u2019\u00e9leveur doit contacter son v\u00e9t\u00e9rinaire pour effectuer des analyses et confirmer ou non la pr\u00e9sence du virus.<\/p>\n<p>Comices, concours, rassemblements d\u2019animaux\u00a0: quelles recommandations\u00a0?<\/p>\n<p><strong>\u00ab\u00a0Le risque de diffusion de la maladie est important lors des rassemblements et des mouvements de bovins\u00a0\u00bb,<\/strong> alerte le GDS Bretagne. Qui recommande la vaccination pr\u00e9alable des ruminants, la d\u00e9sinsectisation des animaux et des moyens de transport (camions et b\u00e9taill\u00e8res). Un \u00e9levage reconnu <strong>\u00ab\u00a0foyer FCO\u00a0\u00bb<\/strong> ne peut plus participer \u00e0 un rassemblement pendant au moins trente jours. Chaque participant doit fournir un certificat sanitaire.<\/p>\n<p>\u00a0<\/p>\n","protected":false},"excerpt":{"rendered":"La fi\u00e8vre catarrhale ovine (FCO), \u00e9galement appel\u00e9e \u00ab\u00a0maladie de langue bleue\u00a0\u00bb, fait \u00e0 nouveau parler d\u2019elle. Depuis son&hellip;\n","protected":false},"author":2,"featured_media":282609,"comment_status":"","ping_status":"","sticky":false,"template":"","format":"standard","meta":{"footnotes":""},"categories":[9619],"tags":[1111,11,42171,1777,674,42170,1011,27,11731,226,12,882,25,2310],"class_list":{"0":"post-282608","1":"post","2":"type-post","3":"status-publish","4":"format-standard","5":"has-post-thumbnail","7":"category-toulon","8":"tag-actu","9":"tag-actualites","10":"tag-elevages","11":"tag-eu","12":"tag-europe","13":"tag-fco","14":"tag-fr","15":"tag-france","16":"tag-frappe","17":"tag-maladie","18":"tag-news","19":"tag-provence-alpes-cote-dazur","20":"tag-republique-francaise","21":"tag-toulon"},"share_on_mastodon":{"url":"https:\/\/pubeurope.com\/@fr\/114938189279184409","error":""},"_links":{"self":[{"href":"https:\/\/www.europesays.com\/fr\/wp-json\/wp\/v2\/posts\/282608","targetHints":{"allow":["GET"]}}],"collection":[{"href":"https:\/\/www.europesays.com\/fr\/wp-json\/wp\/v2\/posts"}],"about":[{"href":"https:\/\/www.europesays.com\/fr\/wp-json\/wp\/v2\/types\/post"}],"author":[{"embeddable":true,"href":"https:\/\/www.europesays.com\/fr\/wp-json\/wp\/v2\/users\/2"}],"replies":[{"embeddable":true,"href":"https:\/\/www.europesays.com\/fr\/wp-json\/wp\/v2\/comments?post=282608"}],"version-history":[{"count":0,"href":"https:\/\/www.europesays.com\/fr\/wp-json\/wp\/v2\/posts\/282608\/revisions"}],"wp:featuredmedia":[{"embeddable":true,"href":"https:\/\/www.europesays.com\/fr\/wp-json\/wp\/v2\/media\/282609"}],"wp:attachment":[{"href":"https:\/\/www.europesays.com\/fr\/wp-json\/wp\/v2\/media?parent=282608"}],"wp:term":[{"taxonomy":"category","embeddable":true,"href":"https:\/\/www.europesays.com\/fr\/wp-json\/wp\/v2\/categories?post=282608"},{"taxonomy":"post_tag","embeddable":true,"href":"https:\/\/www.europesays.com\/fr\/wp-json\/wp\/v2\/tags?post=282608"}],"curies":[{"name":"wp","href":"https:\/\/api.w.org\/{rel}","templated":true}]}}