{"id":282614,"date":"2025-07-29T19:34:09","date_gmt":"2025-07-29T19:34:09","guid":{"rendered":"https:\/\/www.europesays.com\/fr\/282614\/"},"modified":"2025-07-29T19:34:09","modified_gmt":"2025-07-29T19:34:09","slug":"il-y-avait-deja-eu-des-signalements","status":"publish","type":"post","link":"https:\/\/www.europesays.com\/fr\/282614\/","title":{"rendered":"il y avait d\u00e9j\u00e0 eu des signalements"},"content":{"rendered":"<p>            Par<br \/>\n        <strong><br \/>\n            <a href=\"https:\/\/actu.fr\/auteur\/emilien-jacques\" title=\"Consulter tous les articles de Emilien Jacques\" target=\"_blank\" rel=\"noopener\">Emilien Jacques<\/a><br \/>\n        <\/strong><\/p>\n<p>        Publi\u00e9 le<\/p>\n<p>            29 juil. 2025 \u00e0 20h40        <\/p>\n<p>Le 17 juillet 2025, les services de l\u2019\u00c9tat ont ordonn\u00e9 <a href=\"https:\/\/actu.fr\/normandie\/bihorel_76095\/des-enfants-en-danger-la-prefecture-ordonne-la-fermeture-d-une-creche-pres-de-rouen_62926690.html\" target=\"_blank\" rel=\"noopener\">la fermeture administrative d\u2019une cr\u00e8che de Bihorel<\/a>, dans l\u2019agglom\u00e9ration de Rouen. L\u2019\u00e9tablissement Montessori Le Globe Color\u00e9 cumulait, selon l\u2019arr\u00eat\u00e9 publi\u00e9, plusieurs griefs :<strong> temp\u00e9rature trop \u00e9lev\u00e9e, risque d\u2019intrusion, hygi\u00e8ne\u2026<\/strong> Et ce n\u2019\u00e9tait pas la premi\u00e8re fois que la cr\u00e8che faisait parler d\u2019elle.<\/p>\n<p>Non-respect des normes d\u2019hygi\u00e8ne et de s\u00e9curit\u00e9<\/p>\n<p class=\" wall-content\">Dans l\u2019arr\u00eat\u00e9 prononc\u00e9 par la pr\u00e9fecture, on apprend notamment que \u00ab les temp\u00e9ratures relev\u00e9es dans les espaces de sommeil ne permettent pas d\u2019assurer la pr\u00e9vention de la mort inattendue du nourrisson \u00bb, ou encore que \u00ab l\u2019acc\u00e8s libre et non contr\u00f4l\u00e9, au deuxi\u00e8me \u00e9tage, de la micro-cr\u00e8che et de sa porte d\u2019entr\u00e9e comporte un risque majeur d\u2019intrusion de toute personne au sein de la structure \u00bb, sans oublier l\u2019absence de syst\u00e8me d\u2019alarme incendie.<\/p>\n<p class=\" wall-content\">Si la s\u00e9curit\u00e9 semble pouvoir \u00eatre am\u00e9lior\u00e9e, il appara\u00eet que l\u2019hygi\u00e8ne est aussi point\u00e9e du doigt par les services de l\u2019\u00c9tat. \u00ab Le non-respect de relev\u00e9s bi-quotidiens de temp\u00e9rature du r\u00e9frig\u00e9rateur accueillant les repas des enfants constitue un risque de rupture de la cha\u00eene du froid, de conservation desdits repas et a fortiori pour la sant\u00e9 des enfants \u00bb, et de pr\u00e9ciser que \u00ab les r\u00e8gles d\u2019hygi\u00e8ne et de s\u00e9curit\u00e9 sont entrav\u00e9es en raison de normes de qualification des professionnelles non respect\u00e9es \u00bb.<\/p>\n<p>De \u00ab fausses d\u00e9clarations de la directrice g\u00e9n\u00e9rale \u00bb<\/p>\n<p class=\" wall-content\">L\u2019arr\u00eat\u00e9 \u00e9voque aussi un manque de communication avec les autorit\u00e9s comp\u00e9tentes ainsi que les \u00ab fausses d\u00e9clarations de la directrice g\u00e9n\u00e9rale [qui sont] susceptibles de compromettre la s\u00e9curit\u00e9 physique et le bien-\u00eatre des jeunes enfants \u00bb. Une multitude de raisons, <strong>\u00ab qui mettent en danger les enfants accueillis \u00bb<\/strong> et qui poussent donc la pr\u00e9fecture \u00e0 fermer l\u2019\u00e9tablissement pour trois mois. Une fermeture qui doit permettre au Globe Color\u00e9 de se mettre aux normes.<\/p>\n<p class=\" wall-content\">\u00ab On va travailler en bonne intelligence avec les services de la pr\u00e9fecture pour rouvrir au plus vite \u00bb, nous indiquait la directrice H\u00e9l\u00e8ne Spinola qui pr\u00e9cise que<strong> l\u2019\u00e9tablissement ne fera pas appel de cet arr\u00eat\u00e9<\/strong>, mais qu\u2019une \u00ab demande de pr\u00e9cisions \u00bb sera tout de m\u00eame formul\u00e9e concernant les \u00ab fausses d\u00e9clarations \u00bb mises en exergue par les services de l\u2019\u00c9tat. \u00ab On ne voit pas \u00e0 quoi cela fait r\u00e9f\u00e9rence \u00bb, assure-t-elle.<\/p>\n<p>Des premiers signalements d\u00e8s 2024<\/p>\n<p class=\" wall-content\">Pourtant, la cr\u00e8che Le Globe Color\u00e9 avait d\u00e9j\u00e0 attir\u00e9 l\u2019attention des services de l\u2019\u00c9tat<strong> il y a un an<\/strong>, \u00e0 en croire le Directeur G\u00e9n\u00e9ral des Services de la ville de Bihorel, Jean-Baptiste Leclerc : \u00ab Il est vrai que nous avions d\u00e9j\u00e0 eu, l\u2019ann\u00e9e derni\u00e8re, des signalements par le Rectorat. Nous avions fait une mise en demeure en avril 2024 rest\u00e9e lettre morte \u00bb.<\/p>\n<blockquote class=\"ac-article-quote wall-content\">\n<p>Ils n\u2019ont jamais r\u00e9pondu \u00e0 nos sollicitations. [\u2026] Nous n\u2019avons aucun contact.<\/p>\n<p>Jean-Baptiste Leclerc, Directeur G\u00e9n\u00e9ral des services de la ville de Bihorel<\/p><\/blockquote>\n<p class=\" wall-content\"><strong>Il d\u00e9plore l\u2019absence de communication avec l\u2019\u00e9tablissement<\/strong> : \u00ab Ils n\u2019ont jamais r\u00e9pondu \u00e0 nos sollicitations. C\u2019est vraiment un \u00e9tablissement priv\u00e9 et nous n\u2019avons aucun contact. \u00bb Il fait part \u00e9galement de sa volont\u00e9 de voir rouvrir cette cr\u00e8che au plus vite : \u00ab Aujourd\u2019hui, notre position est que nous souhaitons absolument que les responsables <strong>prennent les mesures n\u00e9cessaires<\/strong> pour que la micro-cr\u00e8che rouvre. Elle a une client\u00e8le et une raison d\u2019\u00eatre \u00bb, estime-t-il.<\/p>\n<p>L\u2019\u00e9cole aussi montre \u00ab des dysfonctionnements \u00bb<\/p>\n<p class=\" wall-content\">Autre r\u00e9action, celle de Nathalie Lecordier, premi\u00e8re adjointe et vice-pr\u00e9sidente du D\u00e9partement de Seine-Maritime en charge de l\u2019Enfance, de la Famille, de la Sant\u00e9 et de l\u2019\u00c9galit\u00e9 des droits, qui r\u00e9v\u00e8le <strong>de nouveaux signalements survenus en mars dernier<\/strong>, de la part des parents cette fois : \u00ab La cr\u00e8che Le Globe Color\u00e9 a fait aussi l\u2019objet d\u2019une visite inopin\u00e9e en mars\u00a02025 suite \u00e0 la plainte de parents portant sur des notions de s\u00e9curit\u00e9. Cette visite a mis en \u00e9vidence un non-respect des normes de qualification du personnel, avec un courrier de mise en demeure \u00bb. <strong>Mise en demeure lev\u00e9e en mai<\/strong> apr\u00e8s la mise en conformit\u00e9 de l\u2019\u00e9tablissement.<\/p>\n<p class=\" wall-content\">Cependant, la micro-cr\u00e8che n\u2019est pas la seule structure a suscit\u00e9 la pr\u00e9occupation de Nathalie Lecordier : \u00ab Elle est d\u2019ailleurs rattach\u00e9e \u00e0 une \u00e9cole type Montessori <strong>qui montre aussi des dysfonctionnements<\/strong> \u00bb, annonce-t-elle.<\/p>\n<p>Assurer la continuit\u00e9 de l\u2019accueil des enfants<\/p>\n<p class=\" wall-content\">De son c\u00f4t\u00e9, la pr\u00e9fecture pr\u00e9cise que \u00ab les services de la Caisse d\u2019Allocations familiales (Caf) et de la Ville de Bihorel ont \u00e9t\u00e9 imm\u00e9diatement inform\u00e9s et se sont engag\u00e9s aux c\u00f4t\u00e9s des services de l\u2019\u00c9tat pour accompagner les familles concern\u00e9es et<strong> proposer des solutions de relogement des enfants<\/strong>, dans des conditions optimales de s\u00e9curit\u00e9 et de qualit\u00e9 \u00e9ducative \u00bb.<\/p>\n<p class=\" wall-content\">Elle assure que \u00ab le soutien et la coop\u00e9ration de la communaut\u00e9 \u00e9ducative et des relais petite enfance sont \u00e9galement sollicit\u00e9s pour assurer la continuit\u00e9 de l\u2019accueil de ces enfants et minimiser l\u2019impact de cette fermeture sur les familles \u00bb.<\/p>\n<p>Suivez l\u2019actualit\u00e9 de Rouen <a href=\"https:\/\/www.whatsapp.com\/channel\/0029VaKfnf99hXF2ddApFB1D\" target=\"_blank\" rel=\"noopener\">sur notre cha\u00eene WhatsApp<\/a> et <a href=\"https:\/\/www.tiktok.com\/@76actu.fr?lang=fr\" target=\"_blank\" rel=\"noopener\">sur notre compte TikTok<\/a><\/p>\n<p class=\" wall-content\">Suivez toute l\u2019actualit\u00e9 de vos villes et m\u00e9dias favoris en vous inscrivant \u00e0 <a href=\"https:\/\/moncompte.actu.fr\" title=\"D\u00e9couvez Mon Actu\" rel=\"nofollow noopener\" data-trk=\"{&quot;cta&quot;:{&quot;action&quot;:&quot;https:\\\/\\\/moncompte.actu.fr&quot;,&quot;category&quot;:&quot;mon compte&quot;,&quot;from&quot;:&quot;article footer&quot;,&quot;name&quot;:&quot;Mon actu&quot;,&quot;type&quot;:&quot;cta&quot;}}\" target=\"_blank\">Mon Actu<\/a>.<\/p>\n<ul class=\"ac-article-tag wall-content\">\n<li><a href=\"https:\/\/actu.fr\/tag\/garde-d-enfants\" data-trk=\"{&quot;cta&quot;:{&quot;action&quot;:&quot;Garde d&#039;enfants&quot;,&quot;category&quot;:&quot;tag&quot;,&quot;from&quot;:&quot;article footer&quot;,&quot;name&quot;:&quot;Garde d&#039;enfants&quot;,&quot;type&quot;:&quot;cta&quot;}}\" target=\"_blank\" rel=\"noopener\">#Garde d&rsquo;enfants<\/a><\/li>\n<li><a href=\"https:\/\/actu.fr\/tag\/petite-enfance\" data-trk=\"{&quot;cta&quot;:{&quot;action&quot;:&quot;Petite enfance&quot;,&quot;category&quot;:&quot;tag&quot;,&quot;from&quot;:&quot;article footer&quot;,&quot;name&quot;:&quot;Petite enfance&quot;,&quot;type&quot;:&quot;cta&quot;}}\" target=\"_blank\" rel=\"noopener\">#Petite enfance<\/a><\/li>\n<\/ul>\n<p>                    <script async src=\"\/\/www.tiktok.com\/embed.js\"><\/script><\/p>\n","protected":false},"excerpt":{"rendered":"Par Emilien Jacques Publi\u00e9 le 29 juil. 2025 \u00e0 20h40 Le 17 juillet 2025, les services de l\u2019\u00c9tat&hellip;\n","protected":false},"author":2,"featured_media":282615,"comment_status":"","ping_status":"","sticky":false,"template":"","format":"standard","meta":{"footnotes":""},"categories":[9587],"tags":[1111,11,1777,674,118,1011,27,17309,12,5161,10585,25,9590],"class_list":{"0":"post-282614","1":"post","2":"type-post","3":"status-publish","4":"format-standard","5":"has-post-thumbnail","7":"category-rouen","8":"tag-actu","9":"tag-actualites","10":"tag-eu","11":"tag-europe","12":"tag-faits-divers","13":"tag-fr","14":"tag-france","15":"tag-garde-denfants","16":"tag-news","17":"tag-normandie","18":"tag-petite-enfance","19":"tag-republique-francaise","20":"tag-rouen"},"share_on_mastodon":{"url":"https:\/\/pubeurope.com\/@fr\/114938201068491755","error":""},"_links":{"self":[{"href":"https:\/\/www.europesays.com\/fr\/wp-json\/wp\/v2\/posts\/282614","targetHints":{"allow":["GET"]}}],"collection":[{"href":"https:\/\/www.europesays.com\/fr\/wp-json\/wp\/v2\/posts"}],"about":[{"href":"https:\/\/www.europesays.com\/fr\/wp-json\/wp\/v2\/types\/post"}],"author":[{"embeddable":true,"href":"https:\/\/www.europesays.com\/fr\/wp-json\/wp\/v2\/users\/2"}],"replies":[{"embeddable":true,"href":"https:\/\/www.europesays.com\/fr\/wp-json\/wp\/v2\/comments?post=282614"}],"version-history":[{"count":0,"href":"https:\/\/www.europesays.com\/fr\/wp-json\/wp\/v2\/posts\/282614\/revisions"}],"wp:featuredmedia":[{"embeddable":true,"href":"https:\/\/www.europesays.com\/fr\/wp-json\/wp\/v2\/media\/282615"}],"wp:attachment":[{"href":"https:\/\/www.europesays.com\/fr\/wp-json\/wp\/v2\/media?parent=282614"}],"wp:term":[{"taxonomy":"category","embeddable":true,"href":"https:\/\/www.europesays.com\/fr\/wp-json\/wp\/v2\/categories?post=282614"},{"taxonomy":"post_tag","embeddable":true,"href":"https:\/\/www.europesays.com\/fr\/wp-json\/wp\/v2\/tags?post=282614"}],"curies":[{"name":"wp","href":"https:\/\/api.w.org\/{rel}","templated":true}]}}