{"id":282616,"date":"2025-07-29T19:35:36","date_gmt":"2025-07-29T19:35:36","guid":{"rendered":"https:\/\/www.europesays.com\/fr\/282616\/"},"modified":"2025-07-29T19:35:36","modified_gmt":"2025-07-29T19:35:36","slug":"victor-dermo-en-dedicace-manga-a-la-fnac-rouen-et-caen","status":"publish","type":"post","link":"https:\/\/www.europesays.com\/fr\/282616\/","title":{"rendered":"Victor Dermo en d\u00e9dicace Manga \u00e0 la Fnac Rouen et Caen"},"content":{"rendered":"<p>L\u2019auteur et illustrateur viendra d\u00e9dicacer le tome 1 de son premier manga fury\u00f4 : \u00ab Diamond Little Boy \u00bb (\u00c9d. Vega, juin 2025)<\/p>\n<p><strong>Victor Dermo<\/strong> est un mangaka caennais. Son premier manga,\u00a0Diamond Little Boy, qui s\u2019inspire\u00a0de son adolescence \u00e0 Caen et dans les quartiers alentours, est sorti en France et au Japon.<\/p>\n<p><a href=\"https:\/\/www.fnac.com\/a21397312\/Diamond-Little-Boy-Diamond-Little-Boy-Tome-1-Victor-Dermo\" target=\"_blank\" rel=\"noopener nofollow\"><img decoding=\"async\" class=\"floatl\" style=\"width: 145px; height: 202px; padding-right: 10px;\" src=\"https:\/\/www.europesays.com\/fr\/wp-content\/uploads\/2025\/07\/2486437.jpg\" alt=\"Couv Diamond Little Boy\"\/><\/a>Diamond Little Boy suit l\u2019alter ego de Victor Dermo et sa jeunesse dans une cit\u00e9 de Caen. La qu\u00eate d\u2019un jeune homme qui cherche \u00e0 exister malgr\u00e9 ses drames personnels et l\u2019engrenage de la d\u00e9linquance.<\/p>\n<p>Victor grandit dans une cit\u00e9 caennaise dans les ann\u00e9es 2000. Il passe une grande partie de sa scolarit\u00e9 \u00e0 dessiner dans les marges de ses cahiers, puis arr\u00eate l\u2019\u00e9cole en troisi\u00e8me. Il tombe alors dans la d\u00e9linquance et les petits trafics de stup\u00e9fiants, puis s\u2019approche du crime organis\u00e9, avant d\u2019\u00eatre condamn\u00e9 par la justice. Sa minorit\u00e9 lui \u00e9vite la d\u00e9tention et lui donne l\u2019occasion de remonter la pente.<br \/>L\u2019histoire de Victor, c\u2019est celle de Victor Dermo, qui via cet alter ego peut raconter son histoire dans le support qui a berc\u00e9 son enfance : le manga.<\/p>\n<p style=\"text-align: center;\">*\u00c9v\u00e9nement gratuit, acc\u00e8s dans la limite des places disponibles<\/p>\n<p>        <img decoding=\"async\" src=\"https:\/\/www.europesays.com\/fr\/wp-content\/uploads\/2025\/04\/logo-rse.png\" alt=\"Logo RSE\" loading=\"lazy\" width=\"84\" height=\"116\"\/><\/p>\n<p>\n        La Fnac s\u2019engage activement dans les initiatives de responsabilit\u00e9 soci\u00e9tale des entreprises (RSE).\n    <\/p>\n<p>\n        Aidez-nous en choisissant la mobilit\u00e9 douce en privil\u00e9giant par exemple le v\u00e9lo (pistes cyclables et stationnements \u00e0 disposition), les transports en commun ou le covoiturage pour nous rejoindre. Ainsi, vous contribuez \u00e0 r\u00e9duire les \u00e9missions de gaz \u00e0 effet de serre et \u00e0 am\u00e9liorer notre qualit\u00e9 de l\u2019air. Pour plus d\u2019information, consultez la fiche du magasin.<br \/>Tous nos \u00e9v\u00e8nements sont en acc\u00e8s gratuit, dans la limite des places disponibles.\n    <\/p>\n","protected":false},"excerpt":{"rendered":"L\u2019auteur et illustrateur viendra d\u00e9dicacer le tome 1 de son premier manga fury\u00f4 : \u00ab Diamond Little Boy&hellip;\n","protected":false},"author":2,"featured_media":282617,"comment_status":"","ping_status":"","sticky":false,"template":"","format":"standard","meta":{"footnotes":""},"categories":[9587],"tags":[1111,11,1777,674,9391,1011,27,42172,42173,12,5161,42174,42175,25,9590],"class_list":{"0":"post-282616","1":"post","2":"type-post","3":"status-publish","4":"format-standard","5":"has-post-thumbnail","7":"category-rouen","8":"tag-actu","9":"tag-actualites","10":"tag-eu","11":"tag-europe","12":"tag-evenement-fnac-gratuit","13":"tag-fr","14":"tag-france","15":"tag-furyo","16":"tag-manga-furyo","17":"tag-news","18":"tag-normandie","19":"tag-nouveaute-manga-2025","20":"tag-premier-manga","21":"tag-republique-francaise","22":"tag-rouen"},"share_on_mastodon":{"url":"https:\/\/pubeurope.com\/@fr\/114938204986043444","error":""},"_links":{"self":[{"href":"https:\/\/www.europesays.com\/fr\/wp-json\/wp\/v2\/posts\/282616","targetHints":{"allow":["GET"]}}],"collection":[{"href":"https:\/\/www.europesays.com\/fr\/wp-json\/wp\/v2\/posts"}],"about":[{"href":"https:\/\/www.europesays.com\/fr\/wp-json\/wp\/v2\/types\/post"}],"author":[{"embeddable":true,"href":"https:\/\/www.europesays.com\/fr\/wp-json\/wp\/v2\/users\/2"}],"replies":[{"embeddable":true,"href":"https:\/\/www.europesays.com\/fr\/wp-json\/wp\/v2\/comments?post=282616"}],"version-history":[{"count":0,"href":"https:\/\/www.europesays.com\/fr\/wp-json\/wp\/v2\/posts\/282616\/revisions"}],"wp:featuredmedia":[{"embeddable":true,"href":"https:\/\/www.europesays.com\/fr\/wp-json\/wp\/v2\/media\/282617"}],"wp:attachment":[{"href":"https:\/\/www.europesays.com\/fr\/wp-json\/wp\/v2\/media?parent=282616"}],"wp:term":[{"taxonomy":"category","embeddable":true,"href":"https:\/\/www.europesays.com\/fr\/wp-json\/wp\/v2\/categories?post=282616"},{"taxonomy":"post_tag","embeddable":true,"href":"https:\/\/www.europesays.com\/fr\/wp-json\/wp\/v2\/tags?post=282616"}],"curies":[{"name":"wp","href":"https:\/\/api.w.org\/{rel}","templated":true}]}}