{"id":282620,"date":"2025-07-29T19:37:12","date_gmt":"2025-07-29T19:37:12","guid":{"rendered":"https:\/\/www.europesays.com\/fr\/282620\/"},"modified":"2025-07-29T19:37:12","modified_gmt":"2025-07-29T19:37:12","slug":"breve-pas-de-messe-traditionnelle-celebree-ce-dimanche-3-aout-a-grenoble","status":"publish","type":"post","link":"https:\/\/www.europesays.com\/fr\/282620\/","title":{"rendered":"[Br\u00e8ve] Pas de messe traditionnelle c\u00e9l\u00e9br\u00e9e ce dimanche 3 ao\u00fbt \u00e0 Grenoble"},"content":{"rendered":"<p style=\"text-align: justify;\">Un lecteur nous signale \u00e0 l\u2019intention des vacanciers qu\u2019<strong>il n\u2019y aura pas de messe traditionnelle c\u00e9l\u00e9br\u00e9e ce dimanche 3 ao\u00fbt en l\u2019\u00e9glise Saint-Andr\u00e9 de Grenoble.\u00a0\u00a0<\/strong><\/p>\n<p style=\"text-align: justify;\">Pas de messes \u00e0 Saint-Andr\u00e9 du lundi 28 juillet jusqu\u2019au samedi 9 ao\u00fbt (y compris le dimanche 3 ao\u00fbt).<br \/>Les dimanches 10 et 17 ao\u00fbt, il y aura une seule messe \u00e0 10h30.<br \/>Du lundi 11 jusqu\u2019au samedi 30 ao\u00fbt, messe \u00e0 18h30 seulement les lundis, mercredis et vendredis.<br \/>Vendredi 15 ao\u00fbt : messe de l\u2019Assomption de la Vierge Marie \u00e0 10h30, suivie de la procession.<\/p>\n<p style=\"text-align: justify;\"><a href=\"https:\/\/collegiale-saint-andre.fr\" target=\"_blank\" rel=\"noopener nofollow\">Coll\u00e9giale Saint-Andr\u00e9 (Grenoble)<\/a><\/p>\n<p>NB : Il n\u2019y a par ailleurs aucune messe traditionnelle non plus \u00e0 Vienne pendant l\u2019\u00e9t\u00e9 (Juillet \/ Ao\u00fbt 2025)<\/p>\n","protected":false},"excerpt":{"rendered":"Un lecteur nous signale \u00e0 l\u2019intention des vacanciers qu\u2019il n\u2019y aura pas de messe traditionnelle c\u00e9l\u00e9br\u00e9e ce dimanche&hellip;\n","protected":false},"author":2,"featured_media":282621,"comment_status":"","ping_status":"","sticky":false,"template":"","format":"standard","meta":{"footnotes":""},"categories":[9566],"tags":[1111,11,2430,42176,37653,1777,674,1011,27,2731,42177,12,25],"class_list":{"0":"post-282620","1":"post","2":"type-post","3":"status-publish","4":"format-standard","5":"has-post-thumbnail","7":"category-grenoble","8":"tag-actu","9":"tag-actualites","10":"tag-auvergne-rhone-alpes","11":"tag-collegiale-saint-andre-grenoble","12":"tag-diocese-de-grenoble-vienne","13":"tag-eu","14":"tag-europe","15":"tag-fr","16":"tag-france","17":"tag-grenoble","18":"tag-messe-traditionnelle","19":"tag-news","20":"tag-republique-francaise"},"share_on_mastodon":{"url":"https:\/\/pubeurope.com\/@fr\/114938213013666808","error":""},"_links":{"self":[{"href":"https:\/\/www.europesays.com\/fr\/wp-json\/wp\/v2\/posts\/282620","targetHints":{"allow":["GET"]}}],"collection":[{"href":"https:\/\/www.europesays.com\/fr\/wp-json\/wp\/v2\/posts"}],"about":[{"href":"https:\/\/www.europesays.com\/fr\/wp-json\/wp\/v2\/types\/post"}],"author":[{"embeddable":true,"href":"https:\/\/www.europesays.com\/fr\/wp-json\/wp\/v2\/users\/2"}],"replies":[{"embeddable":true,"href":"https:\/\/www.europesays.com\/fr\/wp-json\/wp\/v2\/comments?post=282620"}],"version-history":[{"count":0,"href":"https:\/\/www.europesays.com\/fr\/wp-json\/wp\/v2\/posts\/282620\/revisions"}],"wp:featuredmedia":[{"embeddable":true,"href":"https:\/\/www.europesays.com\/fr\/wp-json\/wp\/v2\/media\/282621"}],"wp:attachment":[{"href":"https:\/\/www.europesays.com\/fr\/wp-json\/wp\/v2\/media?parent=282620"}],"wp:term":[{"taxonomy":"category","embeddable":true,"href":"https:\/\/www.europesays.com\/fr\/wp-json\/wp\/v2\/categories?post=282620"},{"taxonomy":"post_tag","embeddable":true,"href":"https:\/\/www.europesays.com\/fr\/wp-json\/wp\/v2\/tags?post=282620"}],"curies":[{"name":"wp","href":"https:\/\/api.w.org\/{rel}","templated":true}]}}