{"id":282625,"date":"2025-07-29T19:40:16","date_gmt":"2025-07-29T19:40:16","guid":{"rendered":"https:\/\/www.europesays.com\/fr\/282625\/"},"modified":"2025-07-29T19:40:16","modified_gmt":"2025-07-29T19:40:16","slug":"sciences-des-chercheurs-de-strasbourg-testent-la-stimulation-lumineuse-contre-la-maladie-dalzheimer","status":"publish","type":"post","link":"https:\/\/www.europesays.com\/fr\/282625\/","title":{"rendered":"Sciences. Des chercheurs de Strasbourg\u00a0testent la stimulation lumineuse contre la maladie d\u2019Alzheimer"},"content":{"rendered":"<p>Dans le laboratoire de neurosciences cognitives et adaptatives de Strasbourg, plong\u00e9es dans une salle noire, une quarantaine de souris ont \u00e9t\u00e9 soumises, chaque jour pendant une heure, \u00e0 une stimulation lumineuse \u00e0 40 hertz. Pr\u00e8s de la moiti\u00e9 d\u2019entre elles \u00e9taient atteintes d\u2019une forme pr\u00e9coce d\u2019Alzheimer. R\u00e9sultat\u00a0? Apr\u00e8s deux semaines, les souris malades avaient retrouv\u00e9 une meilleure fluidit\u00e9 c\u00e9r\u00e9brale et de meilleures capacit\u00e9s de m\u00e9moire.<\/p>\n<p>\u00ab\u00a0On a eu du mal \u00e0 y croire, c\u2019\u00e9tait trop beau pour \u00eatre vrai, raconte Romain Goutagny, directeur de recherche au CNRS. Surtout, un mois plus&#8230;<\/p>\n","protected":false},"excerpt":{"rendered":"Dans le laboratoire de neurosciences cognitives et adaptatives de Strasbourg, plong\u00e9es dans une salle noire, une quarantaine de&hellip;\n","protected":false},"author":2,"featured_media":282626,"comment_status":"","ping_status":"","sticky":false,"template":"","format":"standard","meta":{"footnotes":""},"categories":[2820],"tags":[1111,11,2389,2649,2880,1777,674,107,1011,27,775,12,25,71,767,640,2879],"class_list":{"0":"post-282625","1":"post","2":"type-post","3":"status-publish","4":"format-standard","5":"has-post-thumbnail","7":"category-strasbourg","8":"tag-actu","9":"tag-actualites","10":"tag-alsace","11":"tag-bas-rhin","12":"tag-edition-strasbourg","13":"tag-eu","14":"tag-europe","15":"tag-fil-info","16":"tag-fr","17":"tag-france","18":"tag-grand-est","19":"tag-news","20":"tag-republique-francaise","21":"tag-sante","22":"tag-science-et-technologie","23":"tag-strasbourg","24":"tag-strasbourg-ville"},"share_on_mastodon":{"url":"https:\/\/pubeurope.com\/@fr\/114938224825043302","error":""},"_links":{"self":[{"href":"https:\/\/www.europesays.com\/fr\/wp-json\/wp\/v2\/posts\/282625","targetHints":{"allow":["GET"]}}],"collection":[{"href":"https:\/\/www.europesays.com\/fr\/wp-json\/wp\/v2\/posts"}],"about":[{"href":"https:\/\/www.europesays.com\/fr\/wp-json\/wp\/v2\/types\/post"}],"author":[{"embeddable":true,"href":"https:\/\/www.europesays.com\/fr\/wp-json\/wp\/v2\/users\/2"}],"replies":[{"embeddable":true,"href":"https:\/\/www.europesays.com\/fr\/wp-json\/wp\/v2\/comments?post=282625"}],"version-history":[{"count":0,"href":"https:\/\/www.europesays.com\/fr\/wp-json\/wp\/v2\/posts\/282625\/revisions"}],"wp:featuredmedia":[{"embeddable":true,"href":"https:\/\/www.europesays.com\/fr\/wp-json\/wp\/v2\/media\/282626"}],"wp:attachment":[{"href":"https:\/\/www.europesays.com\/fr\/wp-json\/wp\/v2\/media?parent=282625"}],"wp:term":[{"taxonomy":"category","embeddable":true,"href":"https:\/\/www.europesays.com\/fr\/wp-json\/wp\/v2\/categories?post=282625"},{"taxonomy":"post_tag","embeddable":true,"href":"https:\/\/www.europesays.com\/fr\/wp-json\/wp\/v2\/tags?post=282625"}],"curies":[{"name":"wp","href":"https:\/\/api.w.org\/{rel}","templated":true}]}}