{"id":282627,"date":"2025-07-29T19:41:41","date_gmt":"2025-07-29T19:41:41","guid":{"rendered":"https:\/\/www.europesays.com\/fr\/282627\/"},"modified":"2025-07-29T19:41:41","modified_gmt":"2025-07-29T19:41:41","slug":"a-strasbourg-10-faits-a-connaitre-sur-les-moustiques","status":"publish","type":"post","link":"https:\/\/www.europesays.com\/fr\/282627\/","title":{"rendered":"\u00e0 Strasbourg, 10 faits \u00e0 conna\u00eetre sur les moustiques !"},"content":{"rendered":"<p><strong>On en a d\u00e9j\u00e0 entendu parler de toutes les mani\u00e8res, certaines affirmations fr\u00f4lant parfois le statut de mythes et l\u00e9gendes. Au moment de lire ces lignes, vous \u00eates peut-\u00eatre m\u00eame en train de vous gratter irr\u00e9sistiblement. Pour vous accompagner dans ces d\u00e9mangeaisons, on vous propose d\u2019en apprendre plus sur l\u2019un des insectes les plus relous du moment, avec des questions-r\u00e9ponses et un sp\u00e9cialiste \u00e0 Strasbourg : \u00c9ric Marois.<\/strong><\/p>\n<p>C\u2019est reparti. <strong>Comme tous les \u00e9t\u00e9s, c\u2019est la m\u00eame gal\u00e8re.<\/strong> D\u00e8s qu\u2019on met un pied dehors, qu\u2019on profite d\u2019un barbecue entre potes, qu\u2019on admire un coucher de soleil ou qu\u2019on se blottit simplement dans un plaid,<strong> les Alsacien(ne)s ont un ennemi commun : les moustiques. <\/strong><\/p>\n<p><strong>Depuis quelques ann\u00e9es, c\u2019est m\u00eame le moustique tigre, le plus vicieux, qui vient plomber l\u2019ambiance estivale.<\/strong> Les bombes antimoustiques et les bougies \u00e0 la citronnelle font rapidement office de stars de l\u2019\u00e9t\u00e9 et ces moments laissent place \u00e0 toutes les discussions sur ce petit insecte assoiff\u00e9 de sang. D\u2019ailleurs, <strong>une op\u00e9ration de d\u00e9moustication a eu lieu<\/strong> dans la nuit du 29 au 30 juillet \u00e0 Strasbourg et Truchtersheim apr\u00e8s la d\u00e9couverte d\u2019un cas de Zika.\u00a0<\/p>\n<p>    <img width=\"800\" height=\"533\" src=\"https:\/\/www.europesays.com\/fr\/wp-content\/uploads\/2025\/07\/dsc09863.jpg\" class=\"attachment-image-size-L size-image-size-L\" alt=\"strasbourg nuit ill quai\" decoding=\"async\" loading=\"lazy\"  \/>         \u00a9 Hugo Favre &#8211; Napoli \/ Pokaa  <\/p>\n<p>\u00ab \u00c9teignez les lumi\u00e8res \u00bb, <strong>\u00ab <\/strong><strong>Moi je pense que c\u2019est parce que j\u2019ai le sang sucr\u00e9<\/strong><strong> \u00bb<\/strong>, \u00ab J\u2019ai lu quelque part que c\u2019\u00e9taient juste les femelles qui piquaient \u00bb\u2026 <strong>Finalement, on en sait souvent assez peu sur les moustiques. <\/strong><\/p>\n<p>Alors, pour briller lors de vos prochaines soir\u00e9es, <strong>on est all\u00e9 solliciter l\u2019aide d\u2019un expert de la question, le chercheur \u00c9ric Marois,<\/strong> sp\u00e9cialis\u00e9 dans l\u2019\u00e9tude du moustique. Il est charg\u00e9 de recherche \u00e0 l\u2019Inserm (Institut national de la sant\u00e9 et de la recherche m\u00e9dicale) et travaille \u00e0 l\u2019IBMC (Institut de biologie mol\u00e9culaire et cellulaire \u00e0 Strasbourg). <strong>Il \u00e9tudie les relations entre les moustiques et les pathog\u00e8nes<\/strong> qu\u2019ils transmettent aux humains, notamment dans l\u2019optique de lutter contre ces maladies. <\/p>\n<p><strong>C\u2019est parti pour le questions-r\u00e9ponses !\u00a0<\/strong><\/p>\n<p>    <img width=\"800\" height=\"533\" src=\"https:\/\/www.europesays.com\/fr\/wp-content\/uploads\/2025\/07\/insectarium2-800x533.jpg\" class=\"attachment-image-size-L size-image-size-L\" alt=\"\u00c9ric Marois\" decoding=\"async\" loading=\"lazy\"  \/>         \u00c9ric Marois. \u00a9 C. Schr\u00f6der &#8211; Unistra \/ Capture d&rsquo;\u00e9cran <\/p>\n<p>1. Est-ce que le moustique est une esp\u00e8ce invasive ? <\/p>\n<p>Pour commencer, <strong>quand on parle \u00ab du \u00bb moustique, on fait une grossi\u00e8re simplification parce qu\u2019il y a 3 729 esp\u00e8ces<\/strong> d\u00e9crites par la science et toutes ne sont \u00e9videmment pas invasives. Donc quand on pose cette question, on pense plut\u00f4t \u00e0 l\u2019aedes albopictus, le moustique tigre, qui est bien s\u00fbr une esp\u00e8ce extr\u00eamement invasive puisqu\u2019il est originaire d\u2019Asie du Sud-Est. <\/p>\n<p><strong>\u00c0 la faveur des \u00e9changes commerciaux humains, il s\u2019est r\u00e9pandu \u00e0 la surface du globe,<\/strong> en \u00e9tant bien aid\u00e9 par le r\u00e9chauffement climatique qui le fait prolif\u00e9rer beaucoup plus rapidement.\u00a0<\/p>\n<p>    <img width=\"480\" height=\"480\" src=\"https:\/\/www.europesays.com\/fr\/wp-content\/uploads\/2025\/07\/12g40010.jpeg\" class=\"attachment-image-size-M size-image-size-M\" alt=\"moustique\" decoding=\"async\" loading=\"lazy\"  \/>         \u00a9 Institut de biologie mol\u00e9culaire et cellulaire de Strasbourg (IBMC) \/ Document remis <\/p>\n<p><strong>Les moustiques prennent le bus, le camion, les voitures et suivent les voies de circulation routi\u00e8re<\/strong> pour \u00e9migrer et fonder de nouvelles colonies. <strong>Leurs \u0153ufs voyagent dans des espaces qui ont pu contenir de l\u2019eau. <\/strong><\/p>\n<p>Il existe par exemple un trafic international de pneus usag\u00e9s, transport\u00e9s par bateau et souvent entrepos\u00e9s dans des espaces de stockage en plein air. Ils se remplissent d\u2019eau et les moustiques pondent dedans. Ils sont ensuite charg\u00e9s sur un bateau et arrivent dans de nouveaux pays.<\/p>\n<p>    <img width=\"800\" height=\"533\" src=\"https:\/\/www.europesays.com\/fr\/wp-content\/uploads\/2025\/07\/tires-used-tires-pfu-garbage-recycling-1174910jpgd-800x533.jpeg\" class=\"attachment-image-size-L size-image-size-L\" alt=\"pneu\" decoding=\"async\" loading=\"lazy\"  \/>         \u00a9 Pxhere \/ Photo d&rsquo;illustration <\/p>\n<p>2. Le moustique tigre va-t-il devenir l&rsquo;esp\u00e8ce pr\u00e9dominante en France ?<\/p>\n<p><strong>Pr\u00e9dominante, \u00e7a sera possible localement,<\/strong> dans des endroits qui lui sont particuli\u00e8rement favorables. Donc<strong> principalement en ville<\/strong> puisque c\u2019est un moustique qui aime bien les zones urbaines, au contact de l\u2019humain. Mais ce ne sera pas forc\u00e9ment le cas dans des milieux naturels ou autour des grandes villes.<\/p>\n<p>                <img width=\"375\" height=\"500\" src=\"https:\/\/www.europesays.com\/fr\/wp-content\/uploads\/2025\/07\/img-9432-375x500.jpeg\" class=\"attachment-gallery size-gallery\" alt=\"cath\u00e9drale\" data-full-url=\"https:\/\/pokaa.fr\/wp-content\/uploads\/2025\/06\/25\/img-9432.jpeg\" decoding=\"async\" loading=\"lazy\"  \/>            <\/p>\n<p>                <img width=\"667\" height=\"500\" src=\"https:\/\/www.europesays.com\/fr\/wp-content\/uploads\/2025\/07\/448798524-490778406840920-5864115830624048103-n-667x500.jpg\" class=\"attachment-gallery size-gallery\" alt=\"poteries immeuble\" data-full-url=\"https:\/\/pokaa.fr\/wp-content\/uploads\/2024\/06\/28\/448798524-490778406840920-5864115830624048103-n.jpg\" decoding=\"async\" loading=\"lazy\"  \/>            <\/p>\n<p>                    1. \u00a9 Anthony Jilli \/ Pokaa ; 2. \u00a9\u00a0Nicolas Kaspar \/ Pokaa<\/p>\n<p>3. C&rsquo;est vrai que certaines personnes se font plus piquer que d\u2019autres ? <\/p>\n<p>Oui, c\u2019est reconnu.<strong> Par contre, \u00e7a ne d\u00e9pend pas forc\u00e9ment de la composition du sang, mais plut\u00f4t de l\u2019odeur corporelle,<\/strong> qui elle-m\u00eame d\u00e9pend des microbes pr\u00e9sents sur notre peau. C\u2019est ce qu\u2019on appelle le microbiote cutan\u00e9. <\/p>\n<p><strong>Certains microbes vont \u00e9mettre des compos\u00e9s volatiles qui sont plus ou moins attractifs pour les moustiques.<\/strong> Et selon ces microbes, les odeurs vont \u00eatre diff\u00e9rentes et plus ou moins attractives pour les moustiques.<\/p>\n<p>    <img width=\"700\" height=\"458\" src=\"https:\/\/www.europesays.com\/fr\/wp-content\/uploads\/2025\/07\/anophelesgambiae-moustique.jpg\" class=\"attachment-image-size-L size-image-size-L\" alt=\"AnophelesGambiae moustique\" decoding=\"async\" loading=\"lazy\"  \/>         \u00a9 Domaine public &#8211; Wikip\u00e9dia \/ Capture d&rsquo;\u00e9cran <\/p>\n<p>4. Ce ne sont que les femelles qui piquent ?<\/p>\n<p><strong>Oui, c\u2019est vrai.<\/strong> Elles ont besoin de cette \u00e9nergie et des nutriments contenus dans le sang pour approvisionner leurs \u0153ufs en d\u00e9veloppement dans leurs ovaires. <\/p>\n<p><strong>Quand elles n\u2019ont pas besoin de pondre, elles se contentent de consommer le nectar des fleurs<\/strong> ou les liquides sucr\u00e9s qui peuvent suinter de la v\u00e9g\u00e9tation, exactement comme les m\u00e2les.<\/p>\n<p>    <img width=\"800\" height=\"533\" src=\"https:\/\/www.europesays.com\/fr\/wp-content\/uploads\/2025\/07\/parc-orangerie-verdure-vegetal-plantes-nature-77-800x533.jpg\" class=\"attachment-image-size-L size-image-size-L\" alt=\"fleurs Parc Orangerie verdure v\u00e9g\u00e9tal plantes nature (77)\" decoding=\"async\" loading=\"lazy\"  \/>         \u00a9 Marie Goehner-David \/ Pokaa <\/p>\n<p>5. C&rsquo;est vrai que moustique est l&rsquo;esp\u00e8ce animale la plus mortelle dans le monde ? <\/p>\n<p>Encore une fois, <strong>il faut faire preuve de nuance<\/strong> quand on parle du moustique puisqu\u2019il y a beaucoup d\u2019esp\u00e8ces. <strong>C\u2019est un ensemble d\u2019esp\u00e8ces qui est responsable de pr\u00e8s de 750 000 morts par an. <\/strong><\/p>\n<p>Effectivement, c\u2019est plus que tout autre animal, y compris l\u2019humain lui-m\u00eame qui ne tue \u00ab que \u00bb 400 000 de ses semblables chaque ann\u00e9e. <strong>Par contre, ce n\u2019est pas le moustique directement qui tue,<\/strong> il le fait en transmettant des virus et des parasites. Le pire parasite aujourd\u2019hui, celui qui fait le plus de morts, c\u2019est le paludisme, qui touche toute la zone intertropicale et surtout l\u2019Afrique subsaharienne.<\/p>\n<p>    <img width=\"518\" height=\"480\" src=\"https:\/\/www.europesays.com\/fr\/wp-content\/uploads\/2025\/07\/albo-12g4-female-and-fluo-male.png\" class=\"attachment-image-size-M size-image-size-M\" alt=\"moustique\" decoding=\"async\" loading=\"lazy\"  \/>         \u00a9\u00a0\u00c9ric Marois &#8211; Inserm \/ Document remis <\/p>\n<p>6. Des \u00e9pid\u00e9mies de chikungunya seront-elles possibles dans les prochaines ann\u00e9es en France ? <\/p>\n<p><strong>Oui, puisque le moustique tigre est bien install\u00e9 en France.<\/strong> Chaque ann\u00e9e, il y a plusieurs centaines de cas import\u00e9s, qui sont des personnes qui reviennent des tropiques avec le virus. Si elles se font piquer par un moustique tigre, il va ensuite pouvoir piquer une autre personne et transmettre le virus. <\/p>\n<p>    <img width=\"800\" height=\"529\" src=\"https:\/\/www.europesays.com\/fr\/wp-content\/uploads\/2025\/07\/moustique-tigre-pokaa.jpg\" class=\"attachment-image-size-L size-image-size-L\" alt=\"Moustique tigre pokaa\" decoding=\"async\" loading=\"lazy\"  \/>         Le moustique tigre. \u00a9 James Gathany &#8211; Wikip\u00e9dia \/ Capture d&rsquo;\u00e9cran <\/p>\n<p>Ces derni\u00e8res ann\u00e9es, <strong>il y a de plus en plus de cas autochtones,<\/strong> c\u2019est-\u00e0-dire des personnes qui n\u2019ont pas voyag\u00e9, mais qui ont \u00e9t\u00e9 piqu\u00e9es par un moustique contamin\u00e9.<\/p>\n<p>Cependant, <strong>ces \u00e9pid\u00e9mies ne pourraient jamais \u00eatre aussi terribles que dans les tropiques,<\/strong> puisqu\u2019en France m\u00e9tropolitaine, on a encore la chance d\u2019avoir une saison froide et pendant ce temps-l\u00e0, la transmission s\u2019arr\u00eate. Ce qui n\u2019est pas le cas dans les outre-mer, comme \u00e0 la R\u00e9union ou dans les Antilles.<\/p>\n<p>    <img width=\"800\" height=\"533\" src=\"https:\/\/www.europesays.com\/fr\/wp-content\/uploads\/2025\/07\/luggage-suitcases-baggage-bags-vacation-journey-trip-travel-849978jpgd-800x533.jpeg\" class=\"attachment-image-size-L size-image-size-L\" alt=\"valise\" decoding=\"async\" loading=\"lazy\"  \/>         \u00a9 Pxhere \/ Photo d&rsquo;illustration <\/p>\n<p>7. Un jour, gr\u00e2ce aux modifications g\u00e9n\u00e9tiques, les moustiques ne transmettront plus de maladies ?<\/p>\n<p><strong>C\u2019est ce qu\u2019on essaie de faire en tout cas, mais on ne peut pas pr\u00e9tendre que \u00e7a va marcher \u00e0 100%.<\/strong> On a bon espoir de mettre au point des outils qui bloqueraient certaines maladies comme le paludisme ou la dengue. Si on arrive aussi \u00e0 \u00e9radiquer certaines esp\u00e8ces de moustiques, les plus vectrices de maladies, on pourrait bloquer les contaminations. <strong>On est encore loin de la r\u00e9alisation de ces projets et \u00e7a risque d\u2019\u00eatre plus compliqu\u00e9 que sur le papier.<\/strong><\/p>\n<p>Aujourd\u2019hui, on travaille sur des m\u00e9thodes de lutte g\u00e9n\u00e9tique qui utilisent des moustiques OGM ou des moustiques st\u00e9rilis\u00e9s par des rayons X, pour rel\u00e2cher des m\u00e2les st\u00e9riles dans la nature. Ce sont des techniques qui commencent \u00e0 \u00eatre exp\u00e9riment\u00e9es en France m\u00e9tropolitaine depuis cette ann\u00e9e. <strong>C\u2019est le genre d\u2019intervention qui peut contrer un risque \u00e9pid\u00e9mique \u00e0 venir.\u00a0<\/strong><\/p>\n<p>    <img width=\"800\" height=\"533\" src=\"https:\/\/www.europesays.com\/fr\/wp-content\/uploads\/2025\/07\/parc-orangerie-verdure-vegetal-plantes-nature-89-800x533.jpg\" class=\"attachment-image-size-L size-image-size-L\" alt=\"\u00e9tang Parc Orangerie verdure v\u00e9g\u00e9tal plantes nature (89)\" decoding=\"async\" loading=\"lazy\"  \/>         \u00a9 Marie Goehner-David \/ Pokaa <\/p>\n<p>8. Est-ce que le moustique est un insecte inutile ? <\/p>\n<p>Faux, je ne dirais pas \u00e7a. <strong>Toute esp\u00e8ce a sa place dans l\u2019\u00e9cosyst\u00e8me.<\/strong> Les larves de moustiques filtrent l\u2019eau, elles participent \u00e0 sa purification, \u00e0 la rendre plus claire et donc plus favorable au d\u00e9veloppement de formes de vie. Elles servent aussi de nourriture \u00e0 des poissons, des insectes aquatiques comme les puces d\u2019eau, les noctuelles, etc. <strong>Les moustiques servent aussi de nourriture aux libellules, \u00e0 certains oiseaux, aux chauves-souris. C\u2019est un composant des cha\u00eenes alimentaires.\u00a0<\/strong><\/p>\n<p>Apr\u00e8s, il y a des milliers d\u2019esp\u00e8ces de moustiques et dans un p\u00e9rim\u00e8tre assez restreint, on peut en retrouver une centaine. Donc si on r\u00e9ussit \u00e0 supprimer les populations du moustique tigre, il y aura d\u2019autres esp\u00e8ces pour entretenir la cha\u00eene alimentaire. Surtout qu\u2019\u00e9tant une esp\u00e8ce invasive, elles n\u2019existaient pas dans l\u2019\u00e9cosyst\u00e8me fran\u00e7ais jusqu\u2019\u00e0 pr\u00e9sent. <strong>Sa disparition signifierait donc un retour \u00e0 l\u2019\u00e9tat initial de l\u2019\u00e9cosyst\u00e8me.<\/strong><\/p>\n<p>    <img width=\"800\" height=\"504\" src=\"https:\/\/www.europesays.com\/fr\/wp-content\/uploads\/2025\/07\/capture-decran-2024-05-15-234858-800x504.png\" class=\"attachment-image-size-L size-image-size-L\" alt=\"Libellule\" decoding=\"async\" loading=\"lazy\"  \/>         \u00a9 Marie Goehner-David \/ Pokaa <\/p>\n<p>9. En France m\u00e9tropolitaine, il ne faut pas c\u00e9der \u00e0 la panique face aux risques ? <\/p>\n<p>Oui, il ne faut pas paniquer. Vu le nombre de cas autochtones, <strong>on a quasiment une chance sur un million d\u2019attraper la dengue ou le chikungunya,<\/strong> m\u00eame si dans le futur cette probabilit\u00e9 pourrait augmenter. Mais 2025 est quand m\u00eame une ann\u00e9e \u00e0 risque, \u00e0 cause de l\u2019\u00e9pid\u00e9mie \u00e0 la R\u00e9union, o\u00f9 des pics de 10 000 contaminations par semaine ont \u00e9t\u00e9 atteints. <\/p>\n<p>Les voyageurs et voyageuses qui reviennent de la R\u00e9union ont donc une probabilit\u00e9 accrue de ramener le virus. <strong>Donc cette ann\u00e9e, il y aura peut-\u00eatre un risque un peu plus \u00e9lev\u00e9.<\/strong> Tomber malade reste assez peu fr\u00e9quent et peu probable, mais il vaut mieux se prot\u00e9ger des piq\u00fbres de moustiques.<\/p>\n<p>    <img width=\"800\" height=\"450\" src=\"https:\/\/www.europesays.com\/fr\/wp-content\/uploads\/2025\/07\/air-france-boeing-777-300er-f-gsqf-800x450.jpg\" class=\"attachment-image-size-L size-image-size-L\" alt=\"Air France avion\" decoding=\"async\" loading=\"lazy\"  \/>         \u00a9 JacobAviation &#8211; Wikip\u00e9dia \/ Capture d&rsquo;\u00e9cran <\/p>\n<p>10. Pour finir, un conseil \u00e0 partager ?<\/p>\n<p><strong>Il faut \u00e9viter d\u2019avoir de l\u2019eau stagnante chez soi,<\/strong> dans un arrosoir oubli\u00e9 dans un coin du jardin, dans un r\u00e9cup\u00e9rateur d\u2019eau non prot\u00e9g\u00e9 sans moustiquaire, sur les b\u00e2ches des piscines, etc.<\/p>\n<p><strong>Ces points d\u2019eau font prolif\u00e9rer les moustiques.<\/strong> D\u2019autant que le moustique tigre adulte se d\u00e9place dans un rayon d\u2019une centaine de m\u00e8tres. La plupart du temps, quand on se fait piquer chez soi, c\u2019est que le moustique est n\u00e9 sur son propre terrain.<\/p>\n<p style=\"text-align: right;\">Journaliste : Jules Scheuer<\/p>\n","protected":false},"excerpt":{"rendered":"On en a d\u00e9j\u00e0 entendu parler de toutes les mani\u00e8res, certaines affirmations fr\u00f4lant parfois le statut de mythes&hellip;\n","protected":false},"author":2,"featured_media":282628,"comment_status":"","ping_status":"","sticky":false,"template":"","format":"standard","meta":{"footnotes":""},"categories":[2820],"tags":[1111,11,42178,42179,1777,674,1011,27,775,511,12,25,640],"class_list":{"0":"post-282627","1":"post","2":"type-post","3":"status-publish","4":"format-standard","5":"has-post-thumbnail","7":"category-strasbourg","8":"tag-actu","9":"tag-actualites","10":"tag-demoustication","11":"tag-eric-marois","12":"tag-eu","13":"tag-europe","14":"tag-fr","15":"tag-france","16":"tag-grand-est","17":"tag-moustique","18":"tag-news","19":"tag-republique-francaise","20":"tag-strasbourg"},"share_on_mastodon":{"url":"https:\/\/pubeurope.com\/@fr\/114938229051427435","error":""},"_links":{"self":[{"href":"https:\/\/www.europesays.com\/fr\/wp-json\/wp\/v2\/posts\/282627","targetHints":{"allow":["GET"]}}],"collection":[{"href":"https:\/\/www.europesays.com\/fr\/wp-json\/wp\/v2\/posts"}],"about":[{"href":"https:\/\/www.europesays.com\/fr\/wp-json\/wp\/v2\/types\/post"}],"author":[{"embeddable":true,"href":"https:\/\/www.europesays.com\/fr\/wp-json\/wp\/v2\/users\/2"}],"replies":[{"embeddable":true,"href":"https:\/\/www.europesays.com\/fr\/wp-json\/wp\/v2\/comments?post=282627"}],"version-history":[{"count":0,"href":"https:\/\/www.europesays.com\/fr\/wp-json\/wp\/v2\/posts\/282627\/revisions"}],"wp:featuredmedia":[{"embeddable":true,"href":"https:\/\/www.europesays.com\/fr\/wp-json\/wp\/v2\/media\/282628"}],"wp:attachment":[{"href":"https:\/\/www.europesays.com\/fr\/wp-json\/wp\/v2\/media?parent=282627"}],"wp:term":[{"taxonomy":"category","embeddable":true,"href":"https:\/\/www.europesays.com\/fr\/wp-json\/wp\/v2\/categories?post=282627"},{"taxonomy":"post_tag","embeddable":true,"href":"https:\/\/www.europesays.com\/fr\/wp-json\/wp\/v2\/tags?post=282627"}],"curies":[{"name":"wp","href":"https:\/\/api.w.org\/{rel}","templated":true}]}}