{"id":282631,"date":"2025-07-29T19:43:11","date_gmt":"2025-07-29T19:43:11","guid":{"rendered":"https:\/\/www.europesays.com\/fr\/282631\/"},"modified":"2025-07-29T19:43:11","modified_gmt":"2025-07-29T19:43:11","slug":"a-nice-le-probleme-des-trottinettes-electriques-sur-les-voies-de-tramway-et-trottoirs","status":"publish","type":"post","link":"https:\/\/www.europesays.com\/fr\/282631\/","title":{"rendered":"\u00c0 Nice, le probl\u00e8me des trottinettes \u00e9lectriques sur les voies de tramway et trottoirs"},"content":{"rendered":"<p><strong>Ce 29 juillet, une op\u00e9ration de contr\u00f4le des trottinettes \u00e9lectriques a \u00e9t\u00e9 effectu\u00e9e par la police municipale. L\u2019objectif : sanctionner les usagers qui roulent sur la voie de tramway et sur les trottoirs et faire de la pr\u00e9vention. Une action qui a aussi pour but de rassurer les pi\u00e9tons.<\/strong><\/p>\n<p><strong>11 heures,<\/strong> ce 29 juillet, au croisement de l\u2019avenue de la R\u00e9publique et de la rue Barla. La <a href=\"https:\/\/www.nicepremium.fr\/actualite\/dispositif-de-securite-estivale-nice-renforce-ses-effectifs\/\" target=\"_blank\" data-type=\"link\" data-id=\"https:\/\/www.nicepremium.fr\/actualite\/dispositif-de-securite-estivale-nice-renforce-ses-effectifs\/\" rel=\"noreferrer noopener nofollow\">police municipale<\/a> est en place, sous le regard d\u2019<strong>Anthony Borr\u00e9<\/strong> et de <strong>Ga\u00ebl Nofri<\/strong>. Les premiers contr\u00f4les d\u2019usagers de <a href=\"https:\/\/www.nicepremium.fr\/societe\/quand-les-trottinettes-electriques-deviennent-un-veritable-fleau-pour-tout-le-monde\/\" target=\"_blank\" data-type=\"link\" data-id=\"https:\/\/www.nicepremium.fr\/societe\/quand-les-trottinettes-electriques-deviennent-un-veritable-fleau-pour-tout-le-monde\/\" rel=\"noreferrer noopener nofollow\"><strong>trottinettes \u00e9lectriques<\/strong><\/a> ont lieu. Les infractions sont sanctionn\u00e9es. \u00ab\u00a0Ah bon ? <strong>Depuis quand on ne peut pas circuler sur la voie de tramway<\/strong> ?\u00ab\u00a0, s\u2019\u00e9tonne un homme sur sa trottinette. Apr\u00e8s la surprise, la col\u00e8re de l\u2019amende. \u00ab\u00a0Je ne vais rien dire sinon je vais dire du mal de quelques personnes\u00ab\u00a0, d\u00e9clare une autre personne.<\/p>\n<p>Ils sont pourtant tous en <strong>infraction<\/strong>. En trottinette \u00e9lectrique, il est <strong>interdit<\/strong> de circuler sur la voie de tramway et les trottoirs. Cette op\u00e9ration de la police municipale a pour but de sanctionner les comportements d\u00e9lictueux tout en faisant de la pr\u00e9vention aupr\u00e8s des usagers. Parce que les risques sont pr\u00e9sents.<\/p>\n<p><strong>Un vrai risque pour les pi\u00e9tons<\/strong><\/p>\n<p>\u00ab\u00a0Moi j\u2019ai peur de la <strong>vitesse<\/strong>\u00ab\u00a0, clame une vieille dame \u00e0 Anthony Borr\u00e9, au sujet du passage des trottinettes \u00e9lectriques sur les trottoirs de l\u2019avenue de la R\u00e9publique. Une peur qui <strong>s\u2019est g\u00e9n\u00e9ralis\u00e9e<\/strong> du c\u00f4t\u00e9 des <strong>personnes \u00e2g\u00e9es<\/strong>, face \u00e0 la multiplication du nombre de trottinettes \u00e9lectriques, pouvant aller \u00e0 plus de <strong>25 kilom\u00e8tres par heure<\/strong> si elles sont d\u00e9brid\u00e9es. Une situation confirm\u00e9e par le premier adjoint au maire : \u00ab\u00a0Nous orientons ces op\u00e9rations en fonction des dol\u00e9ances qui nous sont faites. Et on rencontre beaucoup de personnes \u00e2g\u00e9es qui ont peur de sortir parce que des trottinettes les ont percut\u00e9es\u00a0\u00bb, explique Anthony Borr\u00e9.<\/p>\n<p>Un constat r\u00e9it\u00e9r\u00e9 par Ga\u00ebl Nofri. \u00ab\u00a0On a la chance d\u2019\u00eatre dans une ville avec une mobilit\u00e9 pi\u00e9tonne importante. Or les trottinettes et v\u00e9los <strong>participent au danger<\/strong> des pi\u00e9tons\u00ab\u00a0, explique-t-il. <\/p>\n<p><strong>Des contr\u00f4les renforc\u00e9s<\/strong><\/p>\n<p>Pour contrer le danger des trottinettes sur les voies pi\u00e9tonnes et celles du tramway, Nice a renforc\u00e9 son action. En 2024, il y a eu <strong>75 mises \u00e0 disposition \u00e0 l\u2019officier de police judiciaire pour d\u00e9faut d\u2019assurance<\/strong>. En clair, pour des trottinettes non-assur\u00e9es. La m\u00eame ann\u00e9e, <strong>519 verbalisations<\/strong> li\u00e9es \u00e0 la circulation avaient aussi \u00e9t\u00e9 effectu\u00e9es. Pour 2025, Anthony Borr\u00e9 l\u2019assure, l\u2019action s\u2019est nettement renforc\u00e9e : \u00ab\u00a0Du premier janvier au 28 juillet 2025, ce sont<strong> 80 mises \u00e0 dispositions<\/strong> \u00e0 l\u2019officier de police judiciaire pour d\u00e9faut d\u2019assurance. Et d\u00e9j\u00e0 <strong>332 verbalisations<\/strong>. On sera au-dessus des chiffres de 2024.\u00a0\u00bb<\/p>\n<p><strong>Deux fois<\/strong> par semaine, des contr\u00f4les de trottinettes sont effectu\u00e9s, comme celui de ce 29 juillet. L\u2019objectif est de sanctionner les comportements dangereux. \u00ab\u00a0Je ne veux pas stigmatiser un mode de transport en particulier mais les trottinettes sont plus nombreuses, moins encadr\u00e9es. C\u2019est plus difficile de les contr\u00f4ler, de les r\u00e9guler.\u00a0Notamment par rapport \u00e0 la vitesse et dans les endroits o\u00f9 elles peuvent aller\u00ab\u00a0, explique Anthony Borr\u00e9. Le probl\u00e8me des trottinettes \u00e9lectriques est d\u2019ailleurs omnipr\u00e9sent au niveau de la <a href=\"https:\/\/www.nicepremium.fr\/actualite\/securite-routiere-le-nouveau-radar-installe-sur-la-promenade-des-anglais-suscite-des-reactions\/\" target=\"_blank\" data-type=\"link\" data-id=\"https:\/\/www.nicepremium.fr\/actualite\/securite-routiere-le-nouveau-radar-installe-sur-la-promenade-des-anglais-suscite-des-reactions\/\" rel=\"noreferrer noopener nofollow\">promenade des Anglais<\/a>. <\/p>\n<p><strong>Des objectifs pour aider la police municipale<\/strong><\/p>\n<p>Cette matin\u00e9e de contr\u00f4le a \u00e9galement \u00e9t\u00e9 l\u2019occasion pour Anthony Borr\u00e9 et Ga\u00ebl Nofri de faire un point sur les <strong>objectifs<\/strong> pour mieux agir contre les mauvais comportements en trottinettes. \u00ab\u00a0Nous devons aller plus loin. Une<strong> immatriculation des trottinettes<\/strong> permettrait de simplifier l\u2019action de la police municipale\u00ab\u00a0, d\u00e9clare Ga\u00ebl Nofri. \u00ab\u00a0Rendre le <strong>port du casque obligatoire<\/strong>\u00ab\u00a0, lance Anthony Borr\u00e9, avant de continuer sur l\u2019aspect pr\u00e9ventif : \u00ab\u00a0On met en place une <strong>pr\u00e9vention<\/strong> au niveau des vendeurs de trottinettes, pour leur rappeler que les <strong>acheteurs doivent assurer<\/strong> leurs trottinettes.\u00a0\u00bb<\/p>\n<p>Pour rappel, \u00e0 Nice, il est interdit de circuler sur les trottoirs et voies de tramway en trottinettes et \u00e0 v\u00e9lo. Ce comportement est passible d\u2019une amende en cas de contr\u00f4le de police. <\/p>\n","protected":false},"excerpt":{"rendered":"Ce 29 juillet, une op\u00e9ration de contr\u00f4le des trottinettes \u00e9lectriques a \u00e9t\u00e9 effectu\u00e9e par la police municipale. L\u2019objectif&hellip;\n","protected":false},"author":2,"featured_media":282632,"comment_status":"","ping_status":"","sticky":false,"template":"","format":"standard","meta":{"footnotes":""},"categories":[2819],"tags":[1111,11,1777,674,1011,27,12,2401,882,25],"class_list":{"0":"post-282631","1":"post","2":"type-post","3":"status-publish","4":"format-standard","5":"has-post-thumbnail","7":"category-nice","8":"tag-actu","9":"tag-actualites","10":"tag-eu","11":"tag-europe","12":"tag-fr","13":"tag-france","14":"tag-news","15":"tag-nice","16":"tag-provence-alpes-cote-dazur","17":"tag-republique-francaise"},"share_on_mastodon":{"url":"https:\/\/pubeurope.com\/@fr\/114938236535869284","error":""},"_links":{"self":[{"href":"https:\/\/www.europesays.com\/fr\/wp-json\/wp\/v2\/posts\/282631","targetHints":{"allow":["GET"]}}],"collection":[{"href":"https:\/\/www.europesays.com\/fr\/wp-json\/wp\/v2\/posts"}],"about":[{"href":"https:\/\/www.europesays.com\/fr\/wp-json\/wp\/v2\/types\/post"}],"author":[{"embeddable":true,"href":"https:\/\/www.europesays.com\/fr\/wp-json\/wp\/v2\/users\/2"}],"replies":[{"embeddable":true,"href":"https:\/\/www.europesays.com\/fr\/wp-json\/wp\/v2\/comments?post=282631"}],"version-history":[{"count":0,"href":"https:\/\/www.europesays.com\/fr\/wp-json\/wp\/v2\/posts\/282631\/revisions"}],"wp:featuredmedia":[{"embeddable":true,"href":"https:\/\/www.europesays.com\/fr\/wp-json\/wp\/v2\/media\/282632"}],"wp:attachment":[{"href":"https:\/\/www.europesays.com\/fr\/wp-json\/wp\/v2\/media?parent=282631"}],"wp:term":[{"taxonomy":"category","embeddable":true,"href":"https:\/\/www.europesays.com\/fr\/wp-json\/wp\/v2\/categories?post=282631"},{"taxonomy":"post_tag","embeddable":true,"href":"https:\/\/www.europesays.com\/fr\/wp-json\/wp\/v2\/tags?post=282631"}],"curies":[{"name":"wp","href":"https:\/\/api.w.org\/{rel}","templated":true}]}}