{"id":282647,"date":"2025-07-29T19:52:10","date_gmt":"2025-07-29T19:52:10","guid":{"rendered":"https:\/\/www.europesays.com\/fr\/282647\/"},"modified":"2025-07-29T19:52:10","modified_gmt":"2025-07-29T19:52:10","slug":"le-directeur-general-de-lars-paca-yann-bubien-est-en-visite-a-digne-les-bains","status":"publish","type":"post","link":"https:\/\/www.europesays.com\/fr\/282647\/","title":{"rendered":"Le directeur g\u00e9n\u00e9ral de l&rsquo;ARS Paca Yann Bubien est en visite \u00e0 Digne-les-Bains"},"content":{"rendered":"<p>Alors que la gr\u00e8ve des <a href=\"https:\/\/www.laprovence.com\/article\/sante\/854572556418214\/les-agents-de-regulation-du-centre-15-des-alpes-de-haute-provence-tirent-la-sonnette-dalarme-et-menacent-de-faire-greve\" target=\"_blank\" rel=\"noopener\">agents de r\u00e9gulation m\u00e9dicale<\/a> du Samu 04 se poursuit, Yann Bubien, directeur g\u00e9n\u00e9ral de l&rsquo;Agence r\u00e9gionale de sant\u00e9 (ARS) de la r\u00e9gion Provence-Alpes-C\u00f4te d&rsquo;Azur, sera en d\u00e9placement ce jeudi 31 juillet 2025 dans la <a href=\"https:\/\/www.laprovence.com\/alpes-de-haute-provence\/digne-les-bains-04070\" target=\"_blank\" rel=\"noopener\">pr\u00e9fecture bas-alpine<\/a>.<\/p>\n<p>Il signera notamment la convention pour le lancement des travaux du contrat local de sant\u00e9 de Provence Alpes Agglom\u00e9ration, accompagn\u00e9 de la pr\u00e9sidente <a href=\"https:\/\/www.laprovence.com\/article\/politique\/104369363903414\/municipales-2026-a-digne-les-bains-le-mystere-plane-sur-la-candidature-de-patricia-granet-brunello\" target=\"_blank\" rel=\"noopener\">Patricia Granet-Brunello<\/a>.<\/p>\n<p>La venue de Yann Bubien sera-t-elle l&rsquo;occasion d&rsquo;annoncer des moyens suppl\u00e9mentaires face \u00e0 la crise des urgences ? Affaire \u00e0 suivre&#8230;<\/p>\n","protected":false},"excerpt":{"rendered":"Alors que la gr\u00e8ve des agents de r\u00e9gulation m\u00e9dicale du Samu 04 se poursuit, Yann Bubien, directeur g\u00e9n\u00e9ral&hellip;\n","protected":false},"author":2,"featured_media":282648,"comment_status":"","ping_status":"","sticky":false,"template":"","format":"standard","meta":{"footnotes":""},"categories":[2814],"tags":[17,1111,11,42181,7889,932,1777,674,1011,27,6556,32572,884,12,883,882,16,25,23638],"class_list":{"0":"post-282647","1":"post","2":"type-post","3":"status-publish","4":"format-standard","5":"has-post-thumbnail","7":"category-marseille","8":"tag-17","9":"tag-actu","10":"tag-actualites","11":"tag-bubien","12":"tag-directeur","13":"tag-est","14":"tag-eu","15":"tag-europe","16":"tag-fr","17":"tag-france","18":"tag-general","19":"tag-lars","20":"tag-marseille","21":"tag-news","22":"tag-paca","23":"tag-provence-alpes-cote-dazur","24":"tag-region","25":"tag-republique-francaise","26":"tag-yann"},"share_on_mastodon":{"url":"https:\/\/pubeurope.com\/@fr\/114938271962708102","error":""},"_links":{"self":[{"href":"https:\/\/www.europesays.com\/fr\/wp-json\/wp\/v2\/posts\/282647","targetHints":{"allow":["GET"]}}],"collection":[{"href":"https:\/\/www.europesays.com\/fr\/wp-json\/wp\/v2\/posts"}],"about":[{"href":"https:\/\/www.europesays.com\/fr\/wp-json\/wp\/v2\/types\/post"}],"author":[{"embeddable":true,"href":"https:\/\/www.europesays.com\/fr\/wp-json\/wp\/v2\/users\/2"}],"replies":[{"embeddable":true,"href":"https:\/\/www.europesays.com\/fr\/wp-json\/wp\/v2\/comments?post=282647"}],"version-history":[{"count":0,"href":"https:\/\/www.europesays.com\/fr\/wp-json\/wp\/v2\/posts\/282647\/revisions"}],"wp:featuredmedia":[{"embeddable":true,"href":"https:\/\/www.europesays.com\/fr\/wp-json\/wp\/v2\/media\/282648"}],"wp:attachment":[{"href":"https:\/\/www.europesays.com\/fr\/wp-json\/wp\/v2\/media?parent=282647"}],"wp:term":[{"taxonomy":"category","embeddable":true,"href":"https:\/\/www.europesays.com\/fr\/wp-json\/wp\/v2\/categories?post=282647"},{"taxonomy":"post_tag","embeddable":true,"href":"https:\/\/www.europesays.com\/fr\/wp-json\/wp\/v2\/tags?post=282647"}],"curies":[{"name":"wp","href":"https:\/\/api.w.org\/{rel}","templated":true}]}}