{"id":282649,"date":"2025-07-29T19:53:11","date_gmt":"2025-07-29T19:53:11","guid":{"rendered":"https:\/\/www.europesays.com\/fr\/282649\/"},"modified":"2025-07-29T19:53:11","modified_gmt":"2025-07-29T19:53:11","slug":"pres-de-marseille-les-locaux-confrontes-a-la-menace-permanente-des-incendies-liberation","status":"publish","type":"post","link":"https:\/\/www.europesays.com\/fr\/282649\/","title":{"rendered":"pr\u00e8s de Marseille, les locaux confront\u00e9s \u00e0 la menace permanente des incendies \u2013 Lib\u00e9ration"},"content":{"rendered":"<p class=\"sc-ksZaOG ehjQrN text-element\">Il touille nerveusement son caf\u00e9 du matin, tandis que les pompiers quittent peu \u00e0 peu ce mardi 29 juillet <a href=\"https:\/\/www.liberation.fr\/environnement\/climat\/un-incendie-paralyse-les-autoroutes-pendant-plusieurs-heures-au-nord-de-marseille-20250729_4XY6NFGM75DQVFW2GTF275C47M\/\" target=\"_blank\" rel=\"noreferrer noopener\" title=\"https:\/\/www.liberation.fr\/environnement\/climat\/un-incendie-paralyse-les-autoroutes-pendant-plusieurs-heures-au-nord-de-marseille-20250729_4XY6NFGM75DQVFW2GTF275C47M\/\">les lieux de l\u2019incendie qui a paralys\u00e9, durant plusieurs heures lundi,<\/a> les autoroutes au nord de Marseille. Fay\u00e7al fixe du regard les carcasses et les b\u00e2timents d\u00e9truits de la soci\u00e9t\u00e9 de caravaning, situ\u00e9e au bout de la rue de l\u2019Image, dans cette petite zone d\u2019activit\u00e9s de Sept\u00e8mes-les-Vallons, tout pr\u00e8s de l\u2019\u00e9changeur autoroutier d\u2019o\u00f9 est parti le feu de v\u00e9g\u00e9tation la veille, vers 16 h 40. Lui travaille dans une soci\u00e9t\u00e9 sp\u00e9cialis\u00e9e dans la bagagerie et les fournitures scolaires, en plein pr\u00e9paratifs de la rentr\u00e9e. Alert\u00e9 par un voisin, ils ont aussit\u00f4t \u00e9vacu\u00e9 face \u00e0 \u00abl\u2019alerte g\u00e9n\u00e9rale\u00bb. \u00abC\u2019\u00e9tait impressionnant de voir les flammes si proches, on a eu tr\u00e8s peur. En plus, on sait qu\u2019il y a des bonbonnes de gaz \u00e0 l\u2019int\u00e9rieur des camping-cars\u00bb, relate-t-il. Dans son t\u00e9l\u00e9phone, il a la vid\u00e9o <a href=\"https:\/\/www.liberation.fr\/checknews\/face-aux-incendies-ou-en-est-le-renouvellement-des-douze-canadair-vieillissants-promis-par-emmanuel-macron-20250709_BI7SK7BXTFCJ7NZILQ4ARPABBI\/\" target=\"_blank\" rel=\"noreferrer noopener\" title=\"https:\/\/www.liberation.fr\/checknews\/face-aux-incendies-ou-en-est-le-renouvellement-des-douze-canadair-vieillissants-promis-par-emmanuel-macron-20250709_BI7SK7BXTFCJ7NZILQ4ARPABBI\/\">d\u2019un Canadair<\/a> man\u0153uvrant au plus pr\u00e8s du b\u00e2timent en feu et de la ligne \u00e0 haute tension.<\/p>\n<p class=\"sc-ksZaOG ehjQrN text-element\">Face \u00e0 ce nouveau sinistre, apr\u00e8s <a href=\"https:\/\/www.liberation.fr\/societe\/incendie-a-marseille-des-centaines-de-pompiers-mobilises-pour-defendre-la-ville-20250708_ECGJOVKI6BDGDPXTHWSK6J6SQQ\/\" target=\"_blank\" rel=\"noreferrer noopener\" title=\"https:\/\/www.liberation.fr\/societe\/incendie-a-marseille-des-centaines-de-pompiers-mobilises-pour-defendre-la-ville-20250708_ECGJOVKI6BDGDPXTHWSK6J6SQQ\/\">celui du 8 juillet<\/a> qui a atteint le quartier de l\u2019Estaque \u00e0 Marseille, 400 pompiers ont \u00e9t\u00e9 mobilis\u00e9s, aid\u00e9s de 100 engins au sol et d\u2019importants moyens a\u00e9riens, avec quatre Canadair, deux avions Dash et deux h\u00e9licopt\u00e8res bombardiers d\u2019eau, selon la pr\u00e9fecture. Le feu a parcouru au total onze hectares. Un chiffre heureusement sans proportion avec <a href=\"https:\/\/www.liberation.fr\/societe\/incendie-a-marseille-trains-aeroport-autoroute-en-proie-aux-flammes-la-deuxieme-ville-de-france-coupee-du-monde-20250708_EVXYLZWBUZBRJBBO3YNAKYGSIA\/\" target=\"_blank\" rel=\"noreferrer noopener\" title=\"https:\/\/www.liberation.fr\/societe\/incendie-a-marseille-trains-aeroport-autoroute-en-proie-aux-flammes-la-deuxieme-ville-de-france-coupee-du-monde-20250708_EVXYLZWBUZBRJBBO3YNAKYGSIA\/\">celui parti d\u00e9but juillet des Pennes-Mirabeau,<\/a> apr\u00e8s qu\u2019une voiture avait pris feu sur l\u2019A55, qui avait lui parcouru 750 hectares de broussailles et de pin\u00e8des, ravageant une soixantaine de b\u00e2timents et habitations.<\/p>\n<p class=\"sc-ksZaOG ehjQrN text-element\">De la restanque, qui domine le feu \u00e0 pr\u00e9sent contenu, un groupe de volontaires du Comit\u00e9 communal des feux de for\u00eat continue d\u2019assurer la veille, en coordination avec les pompiers. Dans son uniforme orange, Laurent, 56 ans, pointe la colline de l\u2019autre c\u00f4t\u00e9 de l\u2019A7, o\u00f9 le trafic est de nouveau dense en direction de Marseille \u2013 la circulation a pu \u00eatre rouverte lundi vers 21h30 : \u00abL\u2019objectif \u00e9tait d\u2019\u00e9viter la propagation du feu vers le massif de l\u2019Etoile\u00bb, explique-t-il, en \u00e9cho aux pompiers. \u00abLes feux naissants, il faut les claquer tout de suite, avec tous les moyens du secteur\u00bb, poursuit Marc, 67 ans, qui a l\u00e2ch\u00e9 sa journ\u00e9e d\u2019anniversaire pour participer aux op\u00e9rations. Avec des rafales de vent \u00e0 90 km\/h, la journ\u00e9e de lundi \u00e9tait class\u00e9e rouge pour les risques incendie dans les Bouches-du-Rh\u00f4ne : outre Sept\u00e8mes-les-Vallons, des d\u00e9parts de feu ont aussi eu lieu \u00e0 Port-de-Bouc et Martigues, tous deux fix\u00e9s lundi en fin d\u2019apr\u00e8s-midi.<\/p>\n<p class=\"sc-ksZaOG ehjQrN text-element\">G\u00e9rante d\u2019une entreprise familiale cr\u00e9\u00e9e il y a quarante-cinq ans, situ\u00e9e tout \u00e0 c\u00f4t\u00e9 de la soci\u00e9t\u00e9 de caravaning qui a br\u00fbl\u00e9, Claire s\u2019est demand\u00e9 \u00absi elle allait aussi tout perdre\u00bb. Son p\u00e8re et son fr\u00e8re ont pass\u00e9 la nuit \u00e0 proximit\u00e9. Ce mardi, le \u00abcoup de stress\u00bb est encore l\u00e0, l\u2019odeur pr\u00e9gnante du br\u00fbl\u00e9 aussi. La proximit\u00e9 de l\u2019autoroute, jusqu\u2019\u00e0 pr\u00e9sent un \u00abatout\u00bb pour les livraisons, est teint\u00e9e d\u2019un autre regard. \u00abOn a un \u00e9changeur, la colline autour, forc\u00e9ment cela g\u00e9n\u00e8re des risques, mais pas de quoi d\u00e9m\u00e9nager pour autant\u00bb, temporise-t-elle, saluant le \u00abtravail remarquable\u00bb des pompiers, arriv\u00e9s rapidement sur les lieux et qui ont \u00abentour\u00e9 compl\u00e8tement les b\u00e2timents pour faire barri\u00e8re\u00bb. Le carnet de commandes ne se fait pas attendre non plus. \u00abOn fournit les tabac-presse en cartes postales et articles souvenirs, magnets et autres porte-cl\u00e9s, poursuit Claire. On fait sourire les touristes, logiquement\u2026 On a eu la bonne \u00e9toile, on va pouvoir continuer !\u00bb<\/p>\n","protected":false},"excerpt":{"rendered":"Il touille nerveusement son caf\u00e9 du matin, tandis que les pompiers quittent peu \u00e0 peu ce mardi 29&hellip;\n","protected":false},"author":2,"featured_media":282650,"comment_status":"","ping_status":"","sticky":false,"template":"","format":"standard","meta":{"footnotes":""},"categories":[2814],"tags":[1111,11,1777,674,1011,27,1310,884,12,882,17003,25],"class_list":{"0":"post-282649","1":"post","2":"type-post","3":"status-publish","4":"format-standard","5":"has-post-thumbnail","7":"category-marseille","8":"tag-actu","9":"tag-actualites","10":"tag-eu","11":"tag-europe","12":"tag-fr","13":"tag-france","14":"tag-incendie","15":"tag-marseille","16":"tag-news","17":"tag-provence-alpes-cote-dazur","18":"tag-provence-alpes-cote-d-azur","19":"tag-republique-francaise"},"share_on_mastodon":{"url":"https:\/\/pubeurope.com\/@fr\/114938275738409669","error":""},"_links":{"self":[{"href":"https:\/\/www.europesays.com\/fr\/wp-json\/wp\/v2\/posts\/282649","targetHints":{"allow":["GET"]}}],"collection":[{"href":"https:\/\/www.europesays.com\/fr\/wp-json\/wp\/v2\/posts"}],"about":[{"href":"https:\/\/www.europesays.com\/fr\/wp-json\/wp\/v2\/types\/post"}],"author":[{"embeddable":true,"href":"https:\/\/www.europesays.com\/fr\/wp-json\/wp\/v2\/users\/2"}],"replies":[{"embeddable":true,"href":"https:\/\/www.europesays.com\/fr\/wp-json\/wp\/v2\/comments?post=282649"}],"version-history":[{"count":0,"href":"https:\/\/www.europesays.com\/fr\/wp-json\/wp\/v2\/posts\/282649\/revisions"}],"wp:featuredmedia":[{"embeddable":true,"href":"https:\/\/www.europesays.com\/fr\/wp-json\/wp\/v2\/media\/282650"}],"wp:attachment":[{"href":"https:\/\/www.europesays.com\/fr\/wp-json\/wp\/v2\/media?parent=282649"}],"wp:term":[{"taxonomy":"category","embeddable":true,"href":"https:\/\/www.europesays.com\/fr\/wp-json\/wp\/v2\/categories?post=282649"},{"taxonomy":"post_tag","embeddable":true,"href":"https:\/\/www.europesays.com\/fr\/wp-json\/wp\/v2\/tags?post=282649"}],"curies":[{"name":"wp","href":"https:\/\/api.w.org\/{rel}","templated":true}]}}