{"id":282659,"date":"2025-07-29T19:59:12","date_gmt":"2025-07-29T19:59:12","guid":{"rendered":"https:\/\/www.europesays.com\/fr\/282659\/"},"modified":"2025-07-29T19:59:12","modified_gmt":"2025-07-29T19:59:12","slug":"paris-echoue-a-reconquerir-les-7900-pts-malgre-une-matinee-prometteuse-29-07-2025-a-1802","status":"publish","type":"post","link":"https:\/\/www.europesays.com\/fr\/282659\/","title":{"rendered":"Paris: \u00e9choue \u00e0 reconqu\u00e9rir les 7900 pts malgr\u00e9 une matin\u00e9e prometteuse &#8211; 29\/07\/2025 \u00e0 18:02"},"content":{"rendered":"<p>                                                                (Zonebourse.com) &#8211; Apr\u00e8s avoir progress\u00e9 jusqu&rsquo;\u00e0 1,6 % en milieu de s\u00e9ance, flirtant avec les 7925 points, la Bourse de Paris a r\u00e9duit ses gains dans l&rsquo;apr\u00e8s-midi. L&rsquo;indice CAC 40 termine n\u00e9anmoins sur une note honorable (+0,72 %, \u00e0 7857 points), soutenu par EssilorLuxottica (+6,9 %), Thales (+2,7 %) et Safran (+2,1 %).<\/p>\n<p>Les march\u00e9s dig\u00e8rent encore l&rsquo;accord commercial USA\/UE annonc\u00e9 hier, tandis que l&rsquo;attention se tourne vers la r\u00e9union de la Fed dont les conclusions seront connues demain. Un statu quo sur les taux est largement anticip\u00e9 (97 % de probabilit\u00e9 selon le FedWatch du CME), mais les investisseurs seront surtout attentifs \u00e0 la tonalit\u00e9 du discours de Jerome Powell.\n<\/p>\n<p>Dans un contexte politique tendu aux \u00c9tats-Unis, marqu\u00e9 par les pressions r\u00e9p\u00e9t\u00e9es de Donald Trump pour une baisse de taux, Jerome Powell \u00e9volue sous une pression accrue. Deux membres du FOMC, Christopher Waller (pressenti pour lui succ\u00e9der) et Michelle Bowman, pourraient d&rsquo;ailleurs s&rsquo;opposer au statu quo et plaider en faveur d&rsquo;un assouplissement.\n<\/p>\n<p>&lsquo;La Fed reste prudente et d\u00e9pendante des donn\u00e9es&rsquo;, rappelle Paolo Zanghieri, \u00e9conomiste senior chez Generali Investments, soulignant les signaux \u00e9conomiques mitig\u00e9s en provenance des \u00c9tats-Unis.\n<\/p>\n<p>La prudence domine \u00e9galement \u00e0 Wall Street : le S&amp;P 500 recule de 0,2 %, le Nasdaq de 0,3 % et le Dow Jones de 0,4 %. La saison des r\u00e9sultats du deuxi\u00e8me trimestre reste contrast\u00e9e en Europe, affect\u00e9e par la vigueur r\u00e9cente de l&rsquo;euro (malgr\u00e9 un repli de 0,5 % aujourd&rsquo;hui, \u00e0 1,153 $) et une dynamique de croissance atone.\n<\/p>\n<p>Notons le gros accident pour Novo Nordisk qui d\u00e9visse de -22,3 % apr\u00e8s un &lsquo;profit warning&rsquo; (le deuxi\u00e8me cette ann\u00e9e) et retombe sur ses niveaux du 24 octobre 2023.\n<\/p>\n<p>Sur le front des statistiques, la confiance du consommateur am\u00e9ricain s&rsquo;est un peu am\u00e9lior\u00e9e en juillet, selon l&rsquo;enqu\u00eate mensuelle du Conference Board, dont l&rsquo;indice est ressorti \u00e0 97,2 ce mois-ci contre 95,2 en juin (chiffre r\u00e9vis\u00e9 de 93 en estimation initiale).<br \/>\n<br \/>Toujours aux USA, le nombre des offres d&#8217;emploi et celui des recrutements ont baiss\u00e9 en juin, un signe suppl\u00e9mentaire de ralentissement du march\u00e9 du travail apr\u00e8s les signes de d\u00e9c\u00e9l\u00e9ration observ\u00e9s ces derniers mois.\n<\/p>\n<p>Le nombre d&rsquo;offres d&#8217;emploi, un bon indicateur de la demande sur le march\u00e9 du travail, a diminu\u00e9 de 275 000 pour revenir \u00e0 moins de 7,44 millions selon des donn\u00e9es provisoires, a annonc\u00e9 mardi le D\u00e9partement du Travail dans son rapport mensuel dit &lsquo;JOLTS&rsquo; (Job Openings and Labor Turnover Survey).<br \/>\n<br \/>Le consensus en anticipait, en comparaison, autour de 7,55 millions.<br \/>\n<br \/>Enfin, dans l&rsquo;Hexagone, France Travail annonce que 5 612 100 personnes \u00e9taient inscrites en cat\u00e9gories A, B, C en France hors Mayotte au 2e trimestre 2025, en baisse de 2,2 % sur trois mois (-126 000). En France m\u00e9tropolitaine, ce nombre atteint 5 328 400.<br \/>\n<br \/>La cat\u00e9gorie A (demandeurs d&#8217;emploi sans activit\u00e9) recule de 5,7 % ce trimestre (-195 700), mais progresse de 6,6 % sur un an.\n<\/p>\n<p>Sur le compartiment obligataire, les T-Bonds US \u00e0 10 ans \u00e9voluent \u00e0 4,347 % (-9,7 pts), le &rsquo;30 ans&rsquo; efface -8 pts (4,965 %) : peut-\u00eatre un d\u00e9but de &lsquo;risk-off&rsquo; \u00e0 Wall Street, ou le fol espoir d&rsquo;un discours plus &lsquo;colombe&rsquo; de J. Powell demain \u00e0 20h30.<br \/>\n<br \/>En Europe, le Bund se stabilise vers 2,6890 % et l&rsquo;OAT d\u00e9cale \u00e0 peine (-0,5 pt \u00e0 3,345 %).\n<\/p>\n<p>Dans l&rsquo;actualit\u00e9 des soci\u00e9t\u00e9s tricolores, EssilorLuxottica a enregistr\u00e9 un chiffre d&rsquo;affaires de 14 milliards d&rsquo;euros au premier semestre 2025, en hausse de 7,3 % \u00e0 taux de change constants par rapport \u00e0 l&rsquo;ann\u00e9e pr\u00e9c\u00e9dente. Le r\u00e9sultat net ajust\u00e9 part du groupe atteint 1,80 milliard d&rsquo;euros, en progression de 6,1 % \u00e0 taux de change constants.\n<\/p>\n<p>De son c\u00f4t\u00e9, Air Liquide publie un r\u00e9sultat net r\u00e9current part du groupe en hausse de 9,6 % \u00e0 1,84 milliard d&rsquo;euros (+10,3 % hors effet de change) pour le premier semestre 2025, et une marge op\u00e9rationnelle de 19,9 %, am\u00e9lior\u00e9e de 100 points de base hors effet \u00e9nergie.\n<\/p>\n<p>Sur le premier semestre, Orange affiche une perte nette part du groupe de 398 millions d&rsquo;euros, mais une croissance de l&rsquo;EBITDAaL de 3,8 % en comparable, \u00e0 plus de 5,67 milliards d&rsquo;euros, et une croissance du cash-flow organique de 7,7 % \u00e0 1,67 milliard.\n<\/p>\n<p>TF1 d\u00e9voile un r\u00e9sultat net part du groupe hors surtaxe exceptionnelle de 93 millions d&rsquo;euros pour les six premiers mois de 2025, proche de son niveau un an auparavant, avec une marge op\u00e9rationnelle courante des activit\u00e9s en hausse de 0,2 point \u00e0 11,9 %.<br \/>\n<br \/>Jefferies a annonc\u00e9 mardi avoir relev\u00e9 de 13,7 \u00e0 14,5 euros son objectif de cours sur Carrefour, tout en renouvelant sa recommandation d&rsquo;achat sur le titre suite \u00e0 la publication de r\u00e9sultats semestriels jug\u00e9s solides.<\/p>\n","protected":false},"excerpt":{"rendered":"(Zonebourse.com) &#8211; Apr\u00e8s avoir progress\u00e9 jusqu&rsquo;\u00e0 1,6 % en milieu de s\u00e9ance, flirtant avec les 7925 points, la&hellip;\n","protected":false},"author":2,"featured_media":9135,"comment_status":"","ping_status":"","sticky":false,"template":"","format":"standard","meta":{"footnotes":""},"categories":[1888],"tags":[400,1111,1928,11,1927,398,408,405,1777,674,1011,27,403,402,399,404,12,1926,626,1925,25,401,406,407],"class_list":{"0":"post-282659","1":"post","2":"type-post","3":"status-publish","4":"format-standard","5":"has-post-thumbnail","7":"category-paris","8":"tag-action-cac-40","9":"tag-actu","10":"tag-actu-paris","11":"tag-actualites","12":"tag-actualites-paris","13":"tag-bourse-de-paris","14":"tag-boursorama","15":"tag-cotations","16":"tag-eu","17":"tag-europe","18":"tag-fr","19":"tag-france","20":"tag-indices-devises","21":"tag-investir","22":"tag-investissement","23":"tag-marche-boursier","24":"tag-news","25":"tag-news-paris","26":"tag-paris","27":"tag-paris-news","28":"tag-republique-francaise","29":"tag-sicav","30":"tag-trackers","31":"tag-warrants"},"share_on_mastodon":{"url":"https:\/\/pubeurope.com\/@fr\/114938299284530373","error":""},"_links":{"self":[{"href":"https:\/\/www.europesays.com\/fr\/wp-json\/wp\/v2\/posts\/282659","targetHints":{"allow":["GET"]}}],"collection":[{"href":"https:\/\/www.europesays.com\/fr\/wp-json\/wp\/v2\/posts"}],"about":[{"href":"https:\/\/www.europesays.com\/fr\/wp-json\/wp\/v2\/types\/post"}],"author":[{"embeddable":true,"href":"https:\/\/www.europesays.com\/fr\/wp-json\/wp\/v2\/users\/2"}],"replies":[{"embeddable":true,"href":"https:\/\/www.europesays.com\/fr\/wp-json\/wp\/v2\/comments?post=282659"}],"version-history":[{"count":0,"href":"https:\/\/www.europesays.com\/fr\/wp-json\/wp\/v2\/posts\/282659\/revisions"}],"wp:featuredmedia":[{"embeddable":true,"href":"https:\/\/www.europesays.com\/fr\/wp-json\/wp\/v2\/media\/9135"}],"wp:attachment":[{"href":"https:\/\/www.europesays.com\/fr\/wp-json\/wp\/v2\/media?parent=282659"}],"wp:term":[{"taxonomy":"category","embeddable":true,"href":"https:\/\/www.europesays.com\/fr\/wp-json\/wp\/v2\/categories?post=282659"},{"taxonomy":"post_tag","embeddable":true,"href":"https:\/\/www.europesays.com\/fr\/wp-json\/wp\/v2\/tags?post=282659"}],"curies":[{"name":"wp","href":"https:\/\/api.w.org\/{rel}","templated":true}]}}