{"id":282664,"date":"2025-07-29T20:02:10","date_gmt":"2025-07-29T20:02:10","guid":{"rendered":"https:\/\/www.europesays.com\/fr\/282664\/"},"modified":"2025-07-29T20:02:10","modified_gmt":"2025-07-29T20:02:10","slug":"accords-ue-eu-et-russie-belarus-larc-en-ciel-comedie-tragique","status":"publish","type":"post","link":"https:\/\/www.europesays.com\/fr\/282664\/","title":{"rendered":"Accords UE-EU et Russie-Belarus\u00a0: l\u2019arc-en-ciel, com\u00e9die tragique"},"content":{"rendered":"<p><a href=\"https:\/\/www.europesays.com\/fr\/wp-content\/uploads\/2025\/07\/UE-EU-Russie-Belarus-arc-en-ciel-comedie-e1753807279700.jpg\"><img loading=\"lazy\" decoding=\"async\" class=\"aligncenter size-full wp-image-90682\" src=\"https:\/\/www.europesays.com\/fr\/wp-content\/uploads\/2025\/07\/UE-EU-Russie-Belarus-arc-en-ciel-comedie-e1753807279700.jpg\" alt=\"UE-EU Russie-Belarus arc-en-ciel com\u00e9die\" width=\"570\" height=\"380\"\/><\/a><br \/>\u00a0<\/p>\n<p>Ce mois de juillet a vu passer des accords aussi importants que ceux de Munich et le pacte germano-sovi\u00e9tique\u00a0: Ursula Von der Leyen au nom de l\u2019UE et <a href=\"https:\/\/reinformation.tv\/trump-syncretisme-religions-livre-vite\/\" target=\"_blank\" rel=\"noreferrer noopener nofollow\">Donald Trump<\/a> au nom des EU ont sign\u00e9 en Ecosse un \u00ab\u00a0paquet\u00a0\u00bb commercial hors du commun\u00a0; <a href=\"https:\/\/reinformation.tv\/poutine-racisme-intolerance-ethno-religieuse-vite\/\" target=\"_blank\" rel=\"noreferrer noopener nofollow\">Vladimir Poutine<\/a> pour la Russie et son homologue du Belarus Loukachenko ont d\u00e9cid\u00e9 que leurs citoyens respectifs \u00e9taient aussi citoyens de l\u2019autre partie contractante. Ce dernier accord revient, par-del\u00e0 l\u2019URSS, \u00e0 un (tr\u00e8s gros) embryon de l\u2019empire des Tsars, quand l\u2019accord UE-EU m\u00e8ne, lui, au-del\u00e0 de l\u2019alliance in\u00e9gale n\u00e9e dans la guerre froide, \u00e0 une inf\u00e9odation de fait de l\u2019Union europ\u00e9enne aux Etats-Unis. Ainsi Trump et Poutine, qui tous deux donnent la com\u00e9die de combattre la r\u00e9volution mondialiste arc-en-ciel en d\u00e9fendant qui le primat de la nation am\u00e9ricaine, qui le choix d\u2019un pluralisme international \u00e9quilibr\u00e9, jouent-ils en fait chacun son r\u00f4le dans la farce tragique qui promeut inexorablement la gouvernance globale r\u00e9volutionnaire.<\/p>\n<p>\u00a0<\/p>\n<p>Trump, chasseur d\u2019arc-en-ciel ou personnage de com\u00e9die\u00a0?<\/p>\n<p>Il est difficile de discerner \u00e0 coup s\u00fbr, dans le flux incessant de ses initiatives et d\u00e9clarations, la conviction profonde ni la strat\u00e9gie de Donald Trump. On a pu se f\u00e9liciter ici de son d\u00e9sir de paix, tant en Ukraine qu\u2019au Proche-Orient, ou s\u2019inqui\u00e9ter de ses contre-marches, brutalit\u00e9s et rodomontades\u00a0; saluer sa sortie de l\u2019accord de Paris, de l\u2019OMS et de l\u2019UNESCO, appr\u00e9cier sa politique en mati\u00e8re de genre et d\u2019immigration, ou en d\u00e9plorer les limites\u00a0; louer sa clairvoyance face aux Chinois ou noter que les r\u00e9sultats du DOGE devant la prolif\u00e9ration des fonctionnaires f\u00e9d\u00e9raux sont bien faibles\u00a0: mais on croyait avoir \u00e0 peu pr\u00e8s fermement compris son d\u00e9sir d\u2019en finir avec le libre-\u00e9change non ma\u00eetris\u00e9, au profit des \u00e9conomies nationales. En somme, son bilan face \u00e0 l\u2019arc-en-ciel pouvait para\u00eetre globalement positif. Mais l\u2019accord EU-UE qu\u2019il vient de signer avec Ursula Von der Leyen change la donne.<\/p>\n<p>\u00a0<\/p>\n<p>L\u2019accord UE-EU vassalise l\u2019Europe et adoube l\u2019UE<\/p>\n<p>Trump, qui affectait au d\u00e9but de son second mandat de ne traiter qu\u2019avec les chefs d\u2019Etat et de ne voir dans la pr\u00e9sidente de la Commission de Bruxelles qu\u2019un haut fonctionnaire irresponsable, vient de signer avec elle un accord qui engage en principe, sous r\u00e9serve de ratification, l\u2019UE et les EU. C\u2019est donner \u00e0 l\u2019UE et \u00e0 ses pl\u00e9nipotentiaires non \u00e9lus l\u2019autorit\u00e9 qui leur manquait, d\u2019autant plus forte qu\u2019elle vient de quelqu\u2019un qui s\u2019oppose en th\u00e9orie \u00e0 leur usurpation. Et c\u2019est d\u2019autant pire que la personne morale charg\u00e9e de ratifier la chose est le parlement europ\u00e9en\u00a0: Donald Trump vient d\u2019apporter une pierre capitale \u00e0 la r\u00e9volution mondialiste arc-en-ciel en posant la clef de voute de l\u2019UE et scellant ainsi la r\u00e9partition de la gouvernance globale en sous-ensembles continentaux.<\/p>\n<p>\u00a0<\/p>\n<p>Les clauses l\u00e9onines des accords r\u00e9veillent m\u00eame Bayrou<\/p>\n<p>Alors bien s\u00fbr, il l\u2019a fait avec un sadisme \u00e0 peine dissimul\u00e9, en pr\u00e9sident des EU qui accentue l\u2019h\u00e9g\u00e9monie de ceux-ci. L\u2019accord sign\u00e9 avec l\u2019UE est l\u00e9onin et rappelle les trait\u00e9s in\u00e9gaux que subit la Chine au dix-neuvi\u00e8me si\u00e8cle. Non seulement l\u2019Union europ\u00e9enne n\u2019imposera nul obstacle aux Etats-Unis en contrepartie des droits de douane de 15\u00a0% que ceux-ci lui imposent, mais elle s\u2019engage \u00e0 leur acheter pour 750 milliards de dollars d\u2019\u00e9nergie, des armes pour l\u2019Ukraine, et \u00e0 investir 600 milliards de dollars suppl\u00e9mentaires. L\u00e0-dessus, notre ancien ministre des Affaires \u00e9trang\u00e8res, St\u00e9phane S\u00e9journ\u00e9, anone\u00a0: \u00ab\u00a0La protection des int\u00e9r\u00eats europ\u00e9ens a \u00e9t\u00e9 la seule boussole d\u2019Ursula von der Leyen. (\u2026) L\u2019accord permet d\u2019\u00e9viter une guerre commerciale dont les cons\u00e9quences \u00e9conomiques auraient \u00e9t\u00e9 d\u00e9sastreuses.\u00a0\u00bb Et notre ministre d\u00e9l\u00e9gu\u00e9 \u00e0 l\u2019Europe, Benjamin Haddad, se f\u00e9licite que l\u2019accord apporte \u00ab\u00a0une stabilit\u00e9 temporaire aux acteurs \u00e9conomiques menac\u00e9s par l\u2019escalade douani\u00e8re am\u00e9ricaine\u00a0\u00bb. En somme, il leur pla\u00eet, \u00e0 eux, d\u2019\u00eatre battus. On comprend que le premier ministre Fran\u00e7ois Bayrou dise du 28\u00a0juillet, date de l\u2019accord, qu\u2019il est un \u00ab\u00a0jour sombre\u00a0\u00bb, et <a href=\"https:\/\/www.lemonde.fr\/economie\/article\/2025\/07\/28\/droits-de-douane-l-accord-entre-les-etats-unis-et-l-ue-apporte-une-stabilite-temporaire-mais-est-desequilibre-affirme-le-ministre-charge-de-l-europe_6624820_3234.html\" target=\"_blank\" rel=\"noreferrer noopener nofollow\">qu\u2019il d\u00e9plore la \u00ab\u00a0soumission\u00a0\u00bb de l\u2019UE<\/a>. Mais cela met en lumi\u00e8re la pauvre com\u00e9die qu\u2019est devenue la politique de la France (et celle de l\u2019Europe).<\/p>\n<p>\u00a0<\/p>\n<p>La trahison tragique des dirigeants de l\u2019UE<\/p>\n<p>Si en effet le Premier ministre fran\u00e7ais juge si mauvais l\u2019accord pass\u00e9 entre l\u2019UE et l\u2019EU, deux voies s\u2019offrent \u00e0 lui\u00a0: d\u00e9missionner, la plus simple, ou le combattre de toutes ses forces, plus courageuse, mais pas tr\u00e8s compliqu\u00e9e non plus\u00a0: il lui suffirait de rappeler que les d\u00e9cisions de la Commission europ\u00e9enne n\u2019engagent pas la France souveraine. Mais c\u2019est pr\u00e9cis\u00e9ment ce que lui interdisent et sa carri\u00e8re, et ses convictions depuis longtemps affich\u00e9es d\u2019europ\u00e9iste. Son gouvernement, de m\u00eame que le pr\u00e9sident Macron, a lou\u00e9, promu, construit, ce dont il se plaint et dont il d\u00e9plore, en paroles du moins, une d\u00e9cision. Plus, ils ont souhait\u00e9 et conduit la guerre en Ukraine, le d\u00e9couplage entre l\u2019\u00e9conomie de l\u2019UE et celle de la Russie qui s\u2019\u00e9tablissait depuis trente ans sous la forme\u00a0: \u00e9change entre mati\u00e8res premi\u00e8res et hydrocarbures russes contre investissements des grosses entreprises europ\u00e9ennes en Russie. De ce point de vue, l\u2019achat de 750 milliards \u00ab\u00a0d\u2019\u00e9nergie\u00a0\u00bb aux EU et les 600 milliards d\u2019investissements suppl\u00e9mentaires aux UE n\u2019ont rien de tragique, ils sont dans le droit fil de la logique suivie depuis cinq ans par l\u2019UE. Ursula Von der Leyen l\u2019a d\u2019ailleurs expliqu\u00e9\u00a0: \u00ab\u00a0Nous avons encore trop de GNL russe qui entre par la petite porte.\u00a0\u00bb <a href=\"https:\/\/www.newsmax.com\/world\/globaltalk\/eu-ursula-von-der-leyen-tariffs\/2025\/07\/27\/id\/1220282\/\" target=\"_blank\" rel=\"noreferrer noopener nofollow\">Et elle s\u2019est f\u00e9licit\u00e9e<\/a>\u00a0: \u00ab\u00a0C\u2019est le meilleur accord que nous puissions obtenir.\u00a0\u00bb<\/p>\n<p>\u00a0<\/p>\n<p>Tragique impuissance ou com\u00e9die de l\u2019indignation\u00a0?<\/p>\n<p>Parce qu\u2019il est le plus fort, Trump a donc impos\u00e9 un accord qui b\u00e9n\u00e9ficie aux Etats-Unis tout en \u00e9tant acceptable par la partie adverse\u00a0: il a agi en bon chef am\u00e9ricain et en bon n\u00e9gociateur. Mais quid de l\u2019arc-en-ciel\u00a0? Jacques Attali, gourou mondialiste de tous nos pr\u00e9sidents depuis Mitterrand, <a href=\"https:\/\/x.com\/jattali\/status\/1949610127796912370\" target=\"_blank\" rel=\"noreferrer noopener nofollow\">s\u2019est fendu d\u2019un message sur X<\/a> o\u00f9 il peint l\u2019accord UE-EU en \u00ab\u00a0consternante capitulation\u00a0\u00bb et en \u00ab\u00a0folie\u00a0\u00bb. Il d\u00e9plore aussi \u00ab\u00a0l\u2019obligation d\u2019acheter des armements am\u00e9ricains\u00a0\u00bb. L\u00e0 encore, il y a ambigu\u00eft\u00e9\u00a0: craint-il que la puissance de Trump nuise \u00e0 la r\u00e9volution mondialiste, ou peste-t-il seulement contre une mauvaise r\u00e9partition des b\u00e9n\u00e9fices de ventes d\u2019armes \u00e0 l\u2019int\u00e9rieur de cette r\u00e9volution\u00a0? Une critique secondaire du ministre charg\u00e9 de l\u2019Europe Benjamin Haddad peut incliner \u00e0 choisir la premi\u00e8re solution. Il a regrett\u00e9 que les EU fassent \u00ab\u00a0le choix de la coercition \u00e9conomique et du m\u00e9pris complet des r\u00e8gles de l\u2019Organisation mondiale du commerce\u00a0\u00bb. D\u00e9j\u00e0 rep\u00e9r\u00e9 pour sa sortie de l\u2019OMS, de l\u2019UNESCO et de l\u2019accord de Paris, Trump appara\u00eetrait ainsi en champion des nations contre l\u2019OMC.<\/p>\n<p>\u00a0<\/p>\n<p>L\u2019autre accord, entre Russie et B\u00e9larus, ressuscite l\u2019empire<\/p>\n<p>Dans cette hypoth\u00e8se, il pourrait avoir n\u00e9goci\u00e9 l\u2019accord l\u00e9onin du 28\u00a0juillet pour discr\u00e9diter l\u2019UE et susciter la r\u00e9volte de ses membres, menant \u00e0 terme \u00e0 la destruction de l\u2019arc-en-ciel dans la confusion. C\u2019est s\u00e9duisant mais je n\u2019y crois gu\u00e8re. Car le pr\u00e9sident des EU a bel et bien adoub\u00e9 l\u2019UE par cet accord, et l\u2019a pos\u00e9 en pendant continental, partenaire et vassal de l\u2019Am\u00e9rique du Nord qu\u2019il patronne. Cela converge avec l\u2019autre accord sign\u00e9 ces derniers jours, dont on parle beaucoup moins, entre la Russie et B\u00e9larus, qui peuvent d\u00e9sormais interchanger leurs ressortissants. Face \u00e0 Trump, suzerain de l\u2019Euram\u00e9rique, Poutine s\u2019installe en Tsar du bloc eurasiatique centr\u00e9 \u00e0 Moscou. La guerre d\u2019Ukraine a dessin\u00e9 la ligne de d\u00e9marcation des blocs arc-en-ciel. C\u2019est si vrai qu\u2019un Am\u00e9ricain r\u00e9fugi\u00e9 en Russie pour \u00ab\u00a0\u00e9chapper au wokisme\u00a0\u00bb, sorte de r\u00e9fugi\u00e9 id\u00e9ologique comparable et sym\u00e9trique aux LGBT r\u00e9fugi\u00e9s d\u2019Ouganda, envisage de s\u2019engager dans l\u2019arm\u00e9e russe contre Kiev. Il s\u2019engagerait ainsi du c\u00f4t\u00e9 de la Russie \u00e9ternelle contre l\u2019Occident arc-en-ciel.<\/p>\n<p>\u00a0<\/p>\n<p>Russie et EU jouent leur farce tragique dans la com\u00e9die arc-en-ciel<\/p>\n<p>Dans cette farce tragique, Trump et Poutine jouent chacun son r\u00f4le. Quand Poutine d\u00e9nonce la d\u00e9cadence morale de l\u2019Occident et tous les exc\u00e8s de ridicule morbide mis en sc\u00e8ne par le mouvement LGBT, il agite des v\u00e9rit\u00e9s premi\u00e8res qui lui suscitent m\u00e9caniquement des sympathies dans la droite europ\u00e9enne, les chr\u00e9tiens et les identitaires na\u00effs. De m\u00eame quand Trump, d\u00e9barquant sur le sol anglais, assassine dans une m\u00eame phrase les \u00e9oliennes et la politique d\u2019immigration des dirigeants de l\u2019UE, adjurant ceux-ci d\u2019en changer avant qu\u2019il ne soit trop tard pour l\u2019Europe, il a parfaitement raison. Mais dans les deux cas, il ne s\u2019agit que de propagande pour ainsi dire \u00e9lectorale\u00a0: Poutine et Trump n\u2019ont en t\u00eate que leurs propres int\u00e9r\u00eats. Et ils travaillent tous deux, comme au temps de Staline et Roosevelt, \u00e0 travers un condominium pol\u00e9mique, pour le progr\u00e8s d\u2019une gouvernance globale pr\u00e9par\u00e9e par des blocs continentaux. Un signe ne trompe pas\u00a0: \u00e0 propos du Proche-Orient, Trump vient de dire en substance que Macron \u00e9tait un bon gars mais que \u00ab\u00a0ce qu\u2019il dit n\u2019a pas d\u2019importance\u00a0\u00bb. Bien s\u00fbr, cela peut faire sourire, mais cela d\u00e9value un peu plus la fonction pr\u00e9sidentielle fran\u00e7aise, et, par elle, la cause des nations contre l\u2019arc-en-ciel.<\/p>\n<p>\u00a0<\/p>\n<p>Pauline Mille<\/p>\n","protected":false},"excerpt":{"rendered":"\u00a0 Ce mois de juillet a vu passer des accords aussi importants que ceux de Munich et le&hellip;\n","protected":false},"author":2,"featured_media":282665,"comment_status":"","ping_status":"","sticky":false,"template":"","format":"standard","meta":{"footnotes":""},"categories":[1591],"tags":[11,1887,12,1885,1886,132],"class_list":{"0":"post-282664","1":"post","2":"type-post","3":"status-publish","4":"format-standard","5":"has-post-thumbnail","7":"category-russie","8":"tag-actualites","9":"tag-federation-de-russie","10":"tag-news","11":"tag-russia","12":"tag-russian-federation","13":"tag-russie"},"share_on_mastodon":{"url":"https:\/\/pubeurope.com\/@fr\/114938311415998879","error":""},"_links":{"self":[{"href":"https:\/\/www.europesays.com\/fr\/wp-json\/wp\/v2\/posts\/282664","targetHints":{"allow":["GET"]}}],"collection":[{"href":"https:\/\/www.europesays.com\/fr\/wp-json\/wp\/v2\/posts"}],"about":[{"href":"https:\/\/www.europesays.com\/fr\/wp-json\/wp\/v2\/types\/post"}],"author":[{"embeddable":true,"href":"https:\/\/www.europesays.com\/fr\/wp-json\/wp\/v2\/users\/2"}],"replies":[{"embeddable":true,"href":"https:\/\/www.europesays.com\/fr\/wp-json\/wp\/v2\/comments?post=282664"}],"version-history":[{"count":0,"href":"https:\/\/www.europesays.com\/fr\/wp-json\/wp\/v2\/posts\/282664\/revisions"}],"wp:featuredmedia":[{"embeddable":true,"href":"https:\/\/www.europesays.com\/fr\/wp-json\/wp\/v2\/media\/282665"}],"wp:attachment":[{"href":"https:\/\/www.europesays.com\/fr\/wp-json\/wp\/v2\/media?parent=282664"}],"wp:term":[{"taxonomy":"category","embeddable":true,"href":"https:\/\/www.europesays.com\/fr\/wp-json\/wp\/v2\/categories?post=282664"},{"taxonomy":"post_tag","embeddable":true,"href":"https:\/\/www.europesays.com\/fr\/wp-json\/wp\/v2\/tags?post=282664"}],"curies":[{"name":"wp","href":"https:\/\/api.w.org\/{rel}","templated":true}]}}