{"id":282672,"date":"2025-07-29T20:06:32","date_gmt":"2025-07-29T20:06:32","guid":{"rendered":"https:\/\/www.europesays.com\/fr\/282672\/"},"modified":"2025-07-29T20:06:32","modified_gmt":"2025-07-29T20:06:32","slug":"au-moins-deux-morts-dans-le-crash-dun-helicoptere-militaire-en-allemagne-une-troisieme-personne-toujours-disparue","status":"publish","type":"post","link":"https:\/\/www.europesays.com\/fr\/282672\/","title":{"rendered":"Au moins deux morts dans le crash d&rsquo;un h\u00e9licopt\u00e8re militaire en Allemagne: une troisi\u00e8me personne toujours disparue"},"content":{"rendered":"<p class=\"ap-StoryElement ap-StoryElement--mb ap-StoryText\">Une autre personne est toujours port\u00e9e disparue, a ajout\u00e9 le ministre lors d&rsquo;une visite sur les lieux de l&rsquo;accident.<\/p>\n<p class=\"ap-StoryElement ap-StoryElement--mb ap-StoryText\">Le minist\u00e8re de la D\u00e9fense a indiqu\u00e9 que l&rsquo;avion s&rsquo;\u00e9tait \u00e9cras\u00e9 lors d&rsquo;un vol d&rsquo;essai pour la Bundeswehr, l&rsquo;arm\u00e9e allemande.<\/p>\n<p class=\"ap-StoryElement ap-StoryElement--mb ap-StoryText\">Le chef d&rsquo;\u00e9tat-major de l&rsquo;arm\u00e9e de l&rsquo;air, Holger Neumann, a pr\u00e9cis\u00e9 que l&rsquo;\u00e9quipage, tr\u00e8s exp\u00e9riment\u00e9, avait d\u00e9coll\u00e9 \u00e0 9h pour un vol d&rsquo;entra\u00eenement. L&rsquo;h\u00e9licopt\u00e8re a disparu entre 10h et 10h30, selon un porte-parole des pompiers du district de Leipzig.<\/p>\n","protected":false},"excerpt":{"rendered":"Une autre personne est toujours port\u00e9e disparue, a ajout\u00e9 le ministre lors d&rsquo;une visite sur les lieux de&hellip;\n","protected":false},"author":2,"featured_media":282673,"comment_status":"","ping_status":"","sticky":false,"template":"","format":"standard","meta":{"footnotes":""},"categories":[1587],"tags":[3085,11,296,672,1804,1805,1803,1777,674,1801,12,1802],"class_list":{"0":"post-282672","1":"post","2":"type-post","3":"status-publish","4":"format-standard","5":"has-post-thumbnail","7":"category-allemagne","8":"tag-accidents","9":"tag-actualites","10":"tag-aeronautique","11":"tag-allemagne","12":"tag-bundesrepublik-deutschland","13":"tag-de","14":"tag-deutschland","15":"tag-eu","16":"tag-europe","17":"tag-germany","18":"tag-news","19":"tag-republique-federale-dallemagne"},"share_on_mastodon":{"url":"https:\/\/pubeurope.com\/@fr\/114938326866078129","error":""},"_links":{"self":[{"href":"https:\/\/www.europesays.com\/fr\/wp-json\/wp\/v2\/posts\/282672","targetHints":{"allow":["GET"]}}],"collection":[{"href":"https:\/\/www.europesays.com\/fr\/wp-json\/wp\/v2\/posts"}],"about":[{"href":"https:\/\/www.europesays.com\/fr\/wp-json\/wp\/v2\/types\/post"}],"author":[{"embeddable":true,"href":"https:\/\/www.europesays.com\/fr\/wp-json\/wp\/v2\/users\/2"}],"replies":[{"embeddable":true,"href":"https:\/\/www.europesays.com\/fr\/wp-json\/wp\/v2\/comments?post=282672"}],"version-history":[{"count":0,"href":"https:\/\/www.europesays.com\/fr\/wp-json\/wp\/v2\/posts\/282672\/revisions"}],"wp:featuredmedia":[{"embeddable":true,"href":"https:\/\/www.europesays.com\/fr\/wp-json\/wp\/v2\/media\/282673"}],"wp:attachment":[{"href":"https:\/\/www.europesays.com\/fr\/wp-json\/wp\/v2\/media?parent=282672"}],"wp:term":[{"taxonomy":"category","embeddable":true,"href":"https:\/\/www.europesays.com\/fr\/wp-json\/wp\/v2\/categories?post=282672"},{"taxonomy":"post_tag","embeddable":true,"href":"https:\/\/www.europesays.com\/fr\/wp-json\/wp\/v2\/tags?post=282672"}],"curies":[{"name":"wp","href":"https:\/\/api.w.org\/{rel}","templated":true}]}}