{"id":282674,"date":"2025-07-29T20:07:16","date_gmt":"2025-07-29T20:07:16","guid":{"rendered":"https:\/\/www.europesays.com\/fr\/282674\/"},"modified":"2025-07-29T20:07:16","modified_gmt":"2025-07-29T20:07:16","slug":"pourquoi-la-promesse-faite-a-donald-trump-dinvestir-600-milliards-aux-etats-unis-menace-leurope","status":"publish","type":"post","link":"https:\/\/www.europesays.com\/fr\/282674\/","title":{"rendered":"Pourquoi la promesse faite \u00e0 Donald Trump d\u2019investir 600 milliards aux \u00c9tats-Unis menace l\u2019Europe"},"content":{"rendered":"<p><strong>ANALYSE <\/strong>&#8211; Ursula von der Leyen s\u2019est engag\u00e9e dimanche pour le compte des grandes entreprises europ\u00e9ennes, sans pr\u00e9ciser ni la nature ni l\u2019origine des investissements.<\/p>\n<p class=\"fig-paragraph\">Cela a l\u2019air d\u2019une promesse non engageante de Bruxelles, mais c\u2019est une menace de plus sur l\u2019\u00e9conomie europ\u00e9enne. Dimanche soir, \u00e0 l\u2019issue d\u2019une rencontre entre Donald Trump et Ursula von\u00a0der\u00a0Leyen en \u00c9cosse, le pr\u00e9sident am\u00e9ricain a affirm\u00e9 que l\u2019Union europ\u00e9enne s\u2019engageait \u00e0 investir \u00ab\u00a0600\u00a0milliards de dollars suppl\u00e9mentaires (aux \u00c9tats-Unis, NDLR)\u00a0\u00bb sur trois ans. Cela\u00a0<a href=\"http:\/\/www.lefigaro.fr\/conjoncture\/tout-a-ete-cede-a-trump-la-classe-politique-denonce-l-accord-douanier-entre-l-ue-et-les-etats-unis-20250728\" data-fig-type=\"Article\" data-gtm-custom-categorie=\"navigation\" data-gtm-custom-action=\"crossclick\" data-gtm-custom-label=\"Contextuel\" data-gtm-event=\"customEventSPE\" data-fig-domain=\"LEFIGARO\" rel=\"nofollow noopener\" target=\"_blank\">sous le regard approbateur de la pr\u00e9sidente de la Commission europ\u00e9enne<\/a>. Si ces investissements se concr\u00e9tisent, ils s\u2019ajouteront aux flux existants (plus de\u00a0<a href=\"http:\/\/www.lefigaro.fr\/conjoncture\/droits-de-douane-l-accord-entre-l-ue-et-les-etats-unis-est-desequilibre-reagit-la-france-20250728\" data-fig-type=\"NewsFlash\" data-gtm-custom-categorie=\"navigation\" data-gtm-custom-action=\"crossclick\" data-gtm-custom-label=\"Contextuel\" data-gtm-event=\"customEventSPE\" data-fig-domain=\"LEFIGARO\" rel=\"nofollow noopener\" target=\"_blank\">100\u00a0milliards par an, selon la Maison-Blanche)<\/a>\u00a0et entra\u00eeneront un triplement des investissements directs r\u00e9alis\u00e9s par les entreprises europ\u00e9ennes sur les trois prochaines ann\u00e9es.<\/p>\n<p class=\"fig-paragraph\">Les n\u00e9gociateurs des deux camps se sont bien gard\u00e9s de pr\u00e9ciser l\u2019origine de ces investissements. Mais l\u2019annonce, qui s\u2019ajoutait \u00e0 des droits de douane d\u00e9s\u00e9quilibr\u00e9s, a imm\u00e9diatement d\u00e9clench\u00e9 un toll\u00e9 en France,\u00a0<a href=\"http:\/\/www.lefigaro.fr\/flash-actu\/droits-de-douane-en-france-les-oppositions-denoncent-l-accord-entre-l-ue-et-les-etats-unis-20250727\" target=\"_blank\" data-fig-type=\"NewsFlash\" rel=\"noopener nofollow\" data-gtm-custom-categorie=\"navigation\" data-gtm-custom-action=\"crossclick\" data-gtm-custom-label=\"Contextuel\" data-gtm-event=\"customEventSPE\" data-fig-domain=\"LEFIGARO\">partout sur l\u2019\u00e9chiquier politique<\/a>\u00a0et parmi les acteurs \u00e9conomiques. \u00ab\u00a0C\u2019est\u2026<\/p>\n<p class=\"fig-premium-paywall__infos\">\n        Cet article est r\u00e9serv\u00e9 aux abonn\u00e9s.        Il vous reste 85% \u00e0 d\u00e9couvrir.\n    <\/p>\n<p>                <img  data- alt=\"Le Figaro\" class=\"fig-img--complete fig-img\"\/><\/p>\n<p class=\"fig-premium-paywall__title\">Vous avez envie de lire la suite ?<\/p>\n<p class=\"fig-premium-paywall__subtitle\">D\u00e9bloquez tous les articles imm\u00e9diatement.<\/p>\n<p class=\"fig-premium-paywall__connect\">\n                D\u00e9j\u00e0 abonn\u00e9\u00a0?                <a class=\"fig-premium-paywall__connect-link\" href=\"https:\/\/connect.lefigaro.fr\/login?client=horizon_web&amp;type=main&amp;redirect_uri=https%3A%2F%2Fwww.lefigaro.fr%2Fsocietes%2Fpourquoi-la-promesse-faite-a-donald-trump-d-investir-600-milliards-aux-etats-unis-menace-l-europe-20250729\" data-js-gtm=\"{&quot;customCategorie&quot;: &quot;conversion&quot;, &quot;customAction&quot;: &quot;before_Landing_Connexion_paywall_auto&quot;, &quot;customLabel&quot;: &quot;bGVmaWdhcm8uZnJfXzFmMDZjNzhmLWNjZDctNmQzNi1iYTAxLTdiODVkN2ViODgzNV9fQXJ0aWNsZQ==_Pourquoi la promesse faite \u00e0 Donald Trump d\u2019investir 600 milliards aux \u00c9tats-Unis menace l\u2019Europe_283&quot;, &quot;customIDSPE&quot;: &quot;bGVmaWdhcm8uZnJfXzFmMDZjNzhmLWNjZDctNmQzNi1iYTAxLTdiODVkN2ViODgzNV9fQXJ0aWNsZQ==&quot;, &quot;event&quot;: &quot;customEventSPE&quot;}\" rel=\"nofollow noopener\" target=\"_blank\"><br \/>\n                    Connectez-vous<br \/>\n                <\/a>\n            <\/p>\n","protected":false},"excerpt":{"rendered":"ANALYSE &#8211; Ursula von der Leyen s\u2019est engag\u00e9e dimanche pour le compte des grandes entreprises europ\u00e9ennes, sans pr\u00e9ciser&hellip;\n","protected":false},"author":2,"featured_media":282675,"comment_status":"","ping_status":"","sticky":false,"template":"","format":"standard","meta":{"footnotes":""},"categories":[1586],"tags":[11,75,1777,674,1011,27,1074,12,25,364],"class_list":{"0":"post-282674","1":"post","2":"type-post","3":"status-publish","4":"format-standard","5":"has-post-thumbnail","7":"category-europe","8":"tag-actualites","9":"tag-donald-trump","10":"tag-eu","11":"tag-europe","12":"tag-fr","13":"tag-france","14":"tag-guerre-commerciale","15":"tag-news","16":"tag-republique-francaise","17":"tag-union-europeenne"},"share_on_mastodon":{"url":"https:\/\/pubeurope.com\/@fr\/114938330754423855","error":""},"_links":{"self":[{"href":"https:\/\/www.europesays.com\/fr\/wp-json\/wp\/v2\/posts\/282674","targetHints":{"allow":["GET"]}}],"collection":[{"href":"https:\/\/www.europesays.com\/fr\/wp-json\/wp\/v2\/posts"}],"about":[{"href":"https:\/\/www.europesays.com\/fr\/wp-json\/wp\/v2\/types\/post"}],"author":[{"embeddable":true,"href":"https:\/\/www.europesays.com\/fr\/wp-json\/wp\/v2\/users\/2"}],"replies":[{"embeddable":true,"href":"https:\/\/www.europesays.com\/fr\/wp-json\/wp\/v2\/comments?post=282674"}],"version-history":[{"count":0,"href":"https:\/\/www.europesays.com\/fr\/wp-json\/wp\/v2\/posts\/282674\/revisions"}],"wp:featuredmedia":[{"embeddable":true,"href":"https:\/\/www.europesays.com\/fr\/wp-json\/wp\/v2\/media\/282675"}],"wp:attachment":[{"href":"https:\/\/www.europesays.com\/fr\/wp-json\/wp\/v2\/media?parent=282674"}],"wp:term":[{"taxonomy":"category","embeddable":true,"href":"https:\/\/www.europesays.com\/fr\/wp-json\/wp\/v2\/categories?post=282674"},{"taxonomy":"post_tag","embeddable":true,"href":"https:\/\/www.europesays.com\/fr\/wp-json\/wp\/v2\/tags?post=282674"}],"curies":[{"name":"wp","href":"https:\/\/api.w.org\/{rel}","templated":true}]}}