{"id":282678,"date":"2025-07-29T20:09:22","date_gmt":"2025-07-29T20:09:22","guid":{"rendered":"https:\/\/www.europesays.com\/fr\/282678\/"},"modified":"2025-07-29T20:09:22","modified_gmt":"2025-07-29T20:09:22","slug":"kevin-vauquelin-le-meilleur-francais-du-tour-de-france-2025-se-blesse-en-descendant-un-escalier","status":"publish","type":"post","link":"https:\/\/www.europesays.com\/fr\/282678\/","title":{"rendered":"K\u00e9vin Vauquelin, le meilleur Fran\u00e7ais du Tour de France 2025, se blesse en descendant un escalier"},"content":{"rendered":"<p>        <img decoding=\"async\" loading=\"lazy\" src=\"https:\/\/www.europesays.com\/fr\/wp-content\/uploads\/2025\/07\/f6404c0_upload-1-t0rsl2vb1wtj-afp-20250727-67yv99w-v1-highres-cyclingtdf2025stage21.jpg\"  width=\"728\" height=\"409\" alt=\"K\u00e9vin Vauquelin, ici au d\u00e9part de la 21e et derni\u00e8re \u00e9tape du Tour de France \u00e0 Mantes-la-Ville, le 27\u00a0juillet 2025. \"\/>  <\/p>\n<p>MARCO BERTORELLO \/ AFP<\/p>\n<p>K\u00e9vin Vauquelin, ici au d\u00e9part de la 21e et derni\u00e8re \u00e9tape du Tour de France \u00e0 Mantes-la-Ville, le 27\u00a0juillet 2025. <\/p>\n<p class=\"asset asset-text\">CYCLISME &#8211; Apr\u00e8s trois semaines de course et pr\u00e8s de 3\u00a0340\u00a0kilom\u00e8tres de v\u00e9lo, <a href=\"https:\/\/www.huffingtonpost.fr\/sport\/article\/le-tour-de-france-2025-deja-plie-cinq-raisons-de-suivre-la-derniere-semaine-de-course_252850.html\" rel=\"nofollow noopener\" target=\"_blank\">K\u00e9vin Vauquelin<\/a> avait termin\u00e9 dimanche meilleur Fran\u00e7ais sur le <a href=\"https:\/\/www.huffingtonpost.fr\/sport\/article\/tour-de-france-ambiance-de-folie-a-montmartre-tadej-pogacar-largement-vainqueur-de-cette-112e-edition_253028.html\" rel=\"nofollow noopener\" target=\"_blank\">Tour 2025<\/a>, \u00e0 la septi\u00e8me place. Mais la joie de cette performance a \u00e9t\u00e9 quelque peu g\u00e2ch\u00e9e par un escalier. Le cycliste de 24\u00a0ans s\u2019est en effet fractur\u00e9 un os au niveau de la cheville \u00ab\u00a0\u00e0 l\u2019occasion d\u2019un accident domestique\u00a0\u00bb, a annonc\u00e9 ce mardi 29\u00a0juillet son \u00e9quipe Ark\u00e9a-B&amp;B H\u00f4tels, qui n\u2019a pas pr\u00e9cis\u00e9 la dur\u00e9e de son indisponibilit\u00e9.<\/p>\n<p class=\"asset asset-text\">\u00ab\u00a0K\u00e9vin Vauquelin, \u00e0 l\u2019occasion d\u2019un accident domestique, s\u2019est fractur\u00e9 l\u2019extr\u00e9mit\u00e9 distale de la fibula. La dur\u00e9e de son indisponibilit\u00e9 sera communiqu\u00e9e ult\u00e9rieurement\u00a0\u00bb, a post\u00e9 sa formation sur X.<\/p>\n<p class=\"asset asset-text\">\u00ab\u00a0Pour plus de pr\u00e9cision, c\u2019est en descendant des escaliers avec ma valise et non en soir\u00e9e. D\u00e9sol\u00e9 pour ceux qui pensaient que j\u2019\u00e9tais alcoolique\u00a0\u00bb, a pr\u00e9cis\u00e9 le coureur sur Instagram, non sans une pointe d\u2019humour.<\/p>\n<p>         <img decoding=\"async\" loading=\"lazy\" src=\"https:\/\/www.europesays.com\/fr\/wp-content\/uploads\/2025\/07\/bb833f6_upload-1-ikas7vsqrmgm-capture-da-a-cran-2025-07-29-162543.jpg\"  width=\"728\" height=\"707\" alt=\"\"\/>      Il manquera la Clasica San Sebastian    <\/p>\n<p class=\"asset asset-text\">L\u2019extr\u00e9mit\u00e9 distale de la fibula est une partie du p\u00e9ron\u00e9 situ\u00e9e \u00e0 son extr\u00e9mit\u00e9 inf\u00e9rieure, au niveau de la cheville.<\/p>\n<p class=\"asset asset-text\">\u00ab\u00a0Dans le manuel, il faut six \u00e0 huit semaines pour la cicatrisation, mais l\u00e0 on parle d\u2019un athl\u00e8te de haut niveau\u00a0\u00bb, explique le m\u00e9decin sp\u00e9cialiste du sport Jean-Pierre de Mondenard, joint par l\u2019AFP. \u00ab\u00a0Le fait que ce soit pr\u00e8s d\u2019une articulation augmente le risque de raideurs pendant la cicatrisation\u00a0\u00bb, ajoute-t-il. \u00ab\u00a0Mais \u00e0 v\u00e9lo, on est port\u00e9. Les contraintes sont moindres sur la fibula que pour un footballeur ou un rugbyman\u00a0\u00bb.<\/p>\n<p class=\"asset asset-text\">Le Normand de 24\u00a0ans, qui r\u00e9alise la meilleure saison de sa carri\u00e8re avec \u00e9galement une deuxi\u00e8me place \u00e0 la Fl\u00e8che Wallonne et au Tour de Suisse, est donc a priori forfait pour la Clasica San Sebastian pr\u00e9vue samedi et pour laquelle il \u00e9tait engag\u00e9.<\/p>\n<p class=\"asset asset-text\">En cas d\u2019absence de longue dur\u00e9e, il pourrait \u00e9galement manquer la course en ligne des Mondiaux au Rwanda, pr\u00e9vue le 28\u00a0septembre.<\/p>\n","protected":false},"excerpt":{"rendered":"MARCO BERTORELLO \/ AFP K\u00e9vin Vauquelin, ici au d\u00e9part de la 21e et derni\u00e8re \u00e9tape du Tour de&hellip;\n","protected":false},"author":2,"featured_media":282679,"comment_status":"","ping_status":"","sticky":false,"template":"","format":"standard","meta":{"footnotes":""},"categories":[2],"tags":[11,1431,207,1011,27,12,25,517,210],"class_list":{"0":"post-282678","1":"post","2":"type-post","3":"status-publish","4":"format-standard","5":"has-post-thumbnail","7":"category-actualites","8":"tag-actualites","9":"tag-blessure","10":"tag-cyclisme","11":"tag-fr","12":"tag-france","13":"tag-news","14":"tag-republique-francaise","15":"tag-sport","16":"tag-tour-de-france"},"share_on_mastodon":{"url":"https:\/\/pubeurope.com\/@fr\/114938338756895778","error":""},"_links":{"self":[{"href":"https:\/\/www.europesays.com\/fr\/wp-json\/wp\/v2\/posts\/282678","targetHints":{"allow":["GET"]}}],"collection":[{"href":"https:\/\/www.europesays.com\/fr\/wp-json\/wp\/v2\/posts"}],"about":[{"href":"https:\/\/www.europesays.com\/fr\/wp-json\/wp\/v2\/types\/post"}],"author":[{"embeddable":true,"href":"https:\/\/www.europesays.com\/fr\/wp-json\/wp\/v2\/users\/2"}],"replies":[{"embeddable":true,"href":"https:\/\/www.europesays.com\/fr\/wp-json\/wp\/v2\/comments?post=282678"}],"version-history":[{"count":0,"href":"https:\/\/www.europesays.com\/fr\/wp-json\/wp\/v2\/posts\/282678\/revisions"}],"wp:featuredmedia":[{"embeddable":true,"href":"https:\/\/www.europesays.com\/fr\/wp-json\/wp\/v2\/media\/282679"}],"wp:attachment":[{"href":"https:\/\/www.europesays.com\/fr\/wp-json\/wp\/v2\/media?parent=282678"}],"wp:term":[{"taxonomy":"category","embeddable":true,"href":"https:\/\/www.europesays.com\/fr\/wp-json\/wp\/v2\/categories?post=282678"},{"taxonomy":"post_tag","embeddable":true,"href":"https:\/\/www.europesays.com\/fr\/wp-json\/wp\/v2\/tags?post=282678"}],"curies":[{"name":"wp","href":"https:\/\/api.w.org\/{rel}","templated":true}]}}