{"id":282682,"date":"2025-07-29T20:11:11","date_gmt":"2025-07-29T20:11:11","guid":{"rendered":"https:\/\/www.europesays.com\/fr\/282682\/"},"modified":"2025-07-29T20:11:11","modified_gmt":"2025-07-29T20:11:11","slug":"la-ville-de-poitiers-mise-a-lhonneur-sur-france-2","status":"publish","type":"post","link":"https:\/\/www.europesays.com\/fr\/282682\/","title":{"rendered":"La ville de Poitiers mise \u00e0 l\u2019honneur sur France 2"},"content":{"rendered":"<p>Ce n\u2019\u00e9tait pas l\u2019\u00e9tape la plus \u00ab\u00a0sexy\u00a0\u00bb de ce Tour de France Femmes. Sur les 130\u00a0km qui s\u00e9parent Saumur de Poitiers, peu d\u2019\u00e9chapp\u00e9es et de rebondissements en raison d\u2019un parcours qui n\u2019a pas pos\u00e9 trop de difficult\u00e9s.<\/p>\n<p>Si <a target=\"_self\" href=\"https:\/\/www.lanouvellerepublique.fr\/a-la-une\/tour-de-france-femmes-vollering-chute-et-inquiete-wiebes-triomphe-1753726173\" rel=\"noopener\">la chute de Demi Vollering<\/a>, lundi 28\u00a0juillet 2025, lors de la troisi\u00e8me \u00e9tape, a \u00e9t\u00e9 comment\u00e9e en long en large et en travers par\u00a0les commentateurs Nicolas Geay et Laurent Jalabert sur France\u00a02, une partie des commentaires a permis aux t\u00e9l\u00e9spectateurs de d\u00e9couvrir la Vienne et ses environs.<\/p>\n<p>Trois lieux de Poitiers et ses environs d\u00e9crits \u00e0 l\u2019antenne<\/p>\n<p>\u00c0 vingt kilom\u00e8tres de l\u2019arriv\u00e9e, les cam\u00e9ras de la cha\u00eene ont laiss\u00e9 continuer les cyclistes pour prendre un peu de hauteur. Depuis l\u2019h\u00e9licopt\u00e8re, une vue imprenable sur le ch\u00e2teau de Dissay. De quoi mettre en valeur l\u2019architecture du lieu, ses douves et ses jardins.<\/p>\n<p>Un \u00ab\u00a0vaste complexe\u00a0\u00bb, d\u00e9crit Sophie Jovillard, qui multiplie les services entre nuit\u00e9e, restaurant gastronomique et spa.\u00a0Quelques minutes plus tard, d\u00e9tour par l\u2019\u00e9glise de Saint-Georges-l\u00e8s-Baillargeaux. Si son style roman n\u2019a pas laiss\u00e9 indiff\u00e9rent les commentateurs, pas un mot sur le cimeti\u00e8re qui entoure l\u2019\u00e9difice.<\/p>\n<p>La cath\u00e9drale embl\u00e8me de la ville<\/p>\n<p>Il fallait \u00e9videmment compter sur la parenth\u00e8se Futuroscope. Principal site touristique du d\u00e9partement, le plus vieux parc d\u2019attractions de France, inaugur\u00e9 en 1987, a forc\u00e9ment attir\u00e9 l\u2019\u0153il des t\u00e9l\u00e9spectateurs \u00e0 une dizaine de kilom\u00e8tres de l\u2019arriv\u00e9e. Tout juste apr\u00e8s avoir \u00e9num\u00e9r\u00e9 toutes ses attractions, notamment la r\u00e9cente <a target=\"_self\" href=\"https:\/\/www.lanouvellerepublique.fr\/vienne\/commune\/chasseneuil-du-poitou\/vienne-cet-ete-prenez-la-direction-des-bermudes-au-futuroscope-1748339714\" rel=\"noopener\">Mission Bermudes<\/a> et l\u2019Aquascope, retour sur le Tour\u00a0: les coureuses entrent \u00e0 Poitiers.<\/p>\n<p>Avant de zoomer sur la porte de Paris, encore en travaux, les cam\u00e9ras du service public se sont attard\u00e9es sur l\u2019in\u00e9vitable cath\u00e9drale Saint-Pierre avec un magnifique plan sur le flanc du b\u00e2timent. Id\u00e9al pour montrer la grandeur de l\u2019\u00e9difice, bel exemple du style gothique angevin, et la place qu\u2019elle occupe dans le centre-ville. \u00c0 la fin de la s\u00e9quence, la r\u00e9alisation s\u2019\u00e9ternise, dans un plan panoramique, sur l\u2019ensemble de la ville avec <a target=\"_self\" href=\"https:\/\/www.lanouvellerepublique.fr\/poitiers\/serie-poitiers-vu-d-en-haut-un-ete-au-grand-air-1753374601\" rel=\"noopener\">une vue imprenable sur les tours des Couronneries<\/a>. Notre-Dame la Grande, le Palais de Poitiers, le baptist\u00e8re\u00a0? Pas le temps de parler des tr\u00e9sors poitevins\u2026<\/p>\n<p>Une foule dispers\u00e9e<\/p>\n<p>Si l\u2019image de la Vienne et des monuments historiques, qui ont ponctu\u00e9 le parcours, est flatteuse, surtout vue d\u2019en haut, on cherche les foules venues assister \u00e0 la fin de la course. Les boulevards Chasseigne et Bajon ont sembl\u00e9 anormalement vides. M\u00eame son de cloche \u00e0 la sortie du Pont-Neuf, <a target=\"_self\" href=\"https:\/\/www.lanouvellerepublique.fr\/vienne\/grand-poitiers\/poitiers-des-spectateurs-du-monde-entier-pour-le-passage-du-tour-de-france-femmes-au-pont-neuf-1753811016\" rel=\"noopener\">ce qui ne repr\u00e9sente pas l\u2019ambiance sur place<\/a>.<\/p>\n<p>C\u2019est au niveau de l\u2019arriv\u00e9e que se sont mass\u00e9s les derniers Poitevins. Quelques gradins install\u00e9s pour l\u2019occasion ont permis aux badauds de voir <a target=\"_self\" href=\"https:\/\/www.lanouvellerepublique.fr\/poitiers\/direct-4e-etape-du-tour-de-france-femmes-entre-saumur-et-poitiers-demi-vollering-bien-presente-au-depart-1753785139\" rel=\"noopener\">Lorena Wiebes lever les bras<\/a> suite \u00e0 une belle victoire au sprint final. R\u00e9sultat des courses, si certains t\u00e9l\u00e9spectateurs ont peut-\u00eatre piqu\u00e9 du nez lors de l\u2019\u00e9tape assez monotone, ceux qui l\u2019ont suivie de bout en bout ont pu admirer les paysages et monuments.<\/p>\n<p>Une organisation dantesque<\/p>\n<p>Un Tour de France, \u00e7a se pr\u00e9pare. Surtout pour une premi\u00e8re chez les femmes. Les services de la Ville ont eu fort \u00e0 faire pour am\u00e9nager la partie de l\u2019\u00e9tape qui les concernait. Depuis octobre\u00a02024, la mairie de Poitiers a pris en charge toute l\u2019organisation de cette partie. Au total, pr\u00e8s de mille cinq cents m\u00e8tres de barri\u00e8re ont \u00e9t\u00e9 install\u00e9s, notamment sur les boulevards et l\u2019avenue John-Kennedy, en bout de course. L\u2019\u00e9tape s\u2019est aussi bien d\u00e9roul\u00e9e en raison des presque cent signaleurs routiers, pr\u00e9sents pour aiguiller les coureuses.<\/p>\n","protected":false},"excerpt":{"rendered":"Ce n\u2019\u00e9tait pas l\u2019\u00e9tape la plus \u00ab\u00a0sexy\u00a0\u00bb de ce Tour de France Femmes. Sur les 130\u00a0km qui s\u00e9parent&hellip;\n","protected":false},"author":2,"featured_media":282683,"comment_status":"","ping_status":"","sticky":false,"template":"","format":"standard","meta":{"footnotes":""},"categories":[4],"tags":[1392,11,9332,207,1011,27,42182,1393,500,12,2551,1653,25,252,210],"class_list":{"0":"post-282682","1":"post","2":"type-post","3":"status-publish","4":"format-standard","5":"has-post-thumbnail","7":"category-france","8":"tag-a-la-une-local","9":"tag-actualites","10":"tag-centrepresse","11":"tag-cyclisme","12":"tag-fr","13":"tag-france","14":"tag-grand-poitiers","15":"tag-loisirs","16":"tag-medias","17":"tag-news","18":"tag-patrimoine","19":"tag-poitiers","20":"tag-republique-francaise","21":"tag-television","22":"tag-tour-de-france"},"share_on_mastodon":{"url":"https:\/\/pubeurope.com\/@fr\/114938346472416202","error":""},"_links":{"self":[{"href":"https:\/\/www.europesays.com\/fr\/wp-json\/wp\/v2\/posts\/282682","targetHints":{"allow":["GET"]}}],"collection":[{"href":"https:\/\/www.europesays.com\/fr\/wp-json\/wp\/v2\/posts"}],"about":[{"href":"https:\/\/www.europesays.com\/fr\/wp-json\/wp\/v2\/types\/post"}],"author":[{"embeddable":true,"href":"https:\/\/www.europesays.com\/fr\/wp-json\/wp\/v2\/users\/2"}],"replies":[{"embeddable":true,"href":"https:\/\/www.europesays.com\/fr\/wp-json\/wp\/v2\/comments?post=282682"}],"version-history":[{"count":0,"href":"https:\/\/www.europesays.com\/fr\/wp-json\/wp\/v2\/posts\/282682\/revisions"}],"wp:featuredmedia":[{"embeddable":true,"href":"https:\/\/www.europesays.com\/fr\/wp-json\/wp\/v2\/media\/282683"}],"wp:attachment":[{"href":"https:\/\/www.europesays.com\/fr\/wp-json\/wp\/v2\/media?parent=282682"}],"wp:term":[{"taxonomy":"category","embeddable":true,"href":"https:\/\/www.europesays.com\/fr\/wp-json\/wp\/v2\/categories?post=282682"},{"taxonomy":"post_tag","embeddable":true,"href":"https:\/\/www.europesays.com\/fr\/wp-json\/wp\/v2\/tags?post=282682"}],"curies":[{"name":"wp","href":"https:\/\/api.w.org\/{rel}","templated":true}]}}