{"id":282684,"date":"2025-07-29T20:12:16","date_gmt":"2025-07-29T20:12:16","guid":{"rendered":"https:\/\/www.europesays.com\/fr\/282684\/"},"modified":"2025-07-29T20:12:16","modified_gmt":"2025-07-29T20:12:16","slug":"aig-womens-open-quatre-francaises-pour-une-premiere-au-pays-de-galles","status":"publish","type":"post","link":"https:\/\/www.europesays.com\/fr\/282684\/","title":{"rendered":"AIG Women\u2019s Open : Quatre Fran\u00e7aises pour une premi\u00e8re au pays de Galles"},"content":{"rendered":"<p>Dix-septi\u00e8me joueuse mondiale, <strong>C\u00e9line Boutier<\/strong>, au repos depuis sa 21e place \u00e0 \u00c9vian le 13 juillet, dispute son 11e <strong>British Open<\/strong>. Encore amateur en 2013, la Francilienne avait ouvert son tr\u00e8s long chapitre en Majeur dans ce championnat dont elle avait pris la 56e place finale. Cette semaine, elle prend le d\u00e9part de son 45e tournoi du Grand Chelem. Sa meilleure performance \u00e0 l\u2019<strong>AIG Women\u2019s Open<\/strong> est une 6e place en 2019. \u00a0<\/p>\n<p>Sur une tr\u00e8s belle dynamique au moment de revenir en France disputer l\u2019<strong>Amundi Evian Championship<\/strong> (10e au<strong> KPMG Women\u2019s PGA Championship<\/strong>, 2e au <strong>Dow Championship<\/strong>), <strong>Pauline Roussin-Bouchard<\/strong> a subi un coup d\u2019arr\u00eat manquant le cut en Haute-Savoie puis en \u00c9cosse la semaine derni\u00e8re. La native de Mont\u00e9limar, qui partage sa saison entre le <strong>LPGA Tour<\/strong> et le <strong>LET<\/strong>, s\u2019\u00e9lance au pays de Galles pour son second British. Elle n\u2019avait pas pass\u00e9 le cut en 2023 \u00e0 <strong>Walton Heath<\/strong> (Angleterre).<\/p>\n<p>Vingt-et-uni\u00e8me \u00e0 \u00c9vian, signant l\u00e0 sa meilleure performance dans le seul tournoi du Grand Chelem, hommes et femmes confondus, \u00e0 se jouer en Europe continentale, <strong>Perrine Delacour<\/strong> arrive au AIG Women\u2019s Open avec quelques atouts. Neuvi\u00e8me de l\u2019ordre du m\u00e9rite du LET, la Picarde a enregistr\u00e9 quatre top 10 entre avril et la mi-juin, dont une victoire en <strong>Afrique du Sud<\/strong> le 13 avril. M\u00eame si elle n\u2019a pas franchi le cut en \u00c9cosse la semaine pass\u00e9e, ses sorties dans le dernier Majeur de la saison ont \u00e9t\u00e9 plut\u00f4t solides : 21e en 2023, 34e en 2021 et 39e en 2020.<\/p>\n<p>Sensation du dernier Amundi Evian Championship, son tout premier Majeur o\u00f9 elle a pris la 21e place (comme Boutier et Delacour), <strong>Nastasia Nadaud<\/strong>, 20 ans seulement, semble surfer sur cette belle dynamique. La Savoyarde licenci\u00e9e \u00e0 <strong>Aix-les-Bains<\/strong> a ainsi \u00e9t\u00e9 la meilleure fran\u00e7aise au <strong>ISPS Handa Women\u2019s Scottish Open<\/strong>\u00a0: 46e. Treizi\u00e8me de l\u2019ordre du m\u00e9rite du LET, elle frappe aux portes du top 10 qui la conduirait directement \u00e0 la finale des <strong>Cartes du LPGA Tour<\/strong> en d\u00e9cembre prochain.\u00a0<\/p>\n","protected":false},"excerpt":{"rendered":"Dix-septi\u00e8me joueuse mondiale, C\u00e9line Boutier, au repos depuis sa 21e place \u00e0 \u00c9vian le 13 juillet, dispute son&hellip;\n","protected":false},"author":2,"featured_media":282685,"comment_status":"","ping_status":"","sticky":false,"template":"","format":"standard","meta":{"footnotes":""},"categories":[1418],"tags":[1011,27,1472,60],"class_list":{"0":"post-282684","1":"post","2":"type-post","3":"status-publish","4":"format-standard","5":"has-post-thumbnail","7":"category-golf","8":"tag-fr","9":"tag-france","10":"tag-golf","11":"tag-sports"},"share_on_mastodon":{"url":"https:\/\/pubeurope.com\/@fr\/114938350319593808","error":""},"_links":{"self":[{"href":"https:\/\/www.europesays.com\/fr\/wp-json\/wp\/v2\/posts\/282684","targetHints":{"allow":["GET"]}}],"collection":[{"href":"https:\/\/www.europesays.com\/fr\/wp-json\/wp\/v2\/posts"}],"about":[{"href":"https:\/\/www.europesays.com\/fr\/wp-json\/wp\/v2\/types\/post"}],"author":[{"embeddable":true,"href":"https:\/\/www.europesays.com\/fr\/wp-json\/wp\/v2\/users\/2"}],"replies":[{"embeddable":true,"href":"https:\/\/www.europesays.com\/fr\/wp-json\/wp\/v2\/comments?post=282684"}],"version-history":[{"count":0,"href":"https:\/\/www.europesays.com\/fr\/wp-json\/wp\/v2\/posts\/282684\/revisions"}],"wp:featuredmedia":[{"embeddable":true,"href":"https:\/\/www.europesays.com\/fr\/wp-json\/wp\/v2\/media\/282685"}],"wp:attachment":[{"href":"https:\/\/www.europesays.com\/fr\/wp-json\/wp\/v2\/media?parent=282684"}],"wp:term":[{"taxonomy":"category","embeddable":true,"href":"https:\/\/www.europesays.com\/fr\/wp-json\/wp\/v2\/categories?post=282684"},{"taxonomy":"post_tag","embeddable":true,"href":"https:\/\/www.europesays.com\/fr\/wp-json\/wp\/v2\/tags?post=282684"}],"curies":[{"name":"wp","href":"https:\/\/api.w.org\/{rel}","templated":true}]}}