{"id":282690,"date":"2025-07-29T20:17:13","date_gmt":"2025-07-29T20:17:13","guid":{"rendered":"https:\/\/www.europesays.com\/fr\/282690\/"},"modified":"2025-07-29T20:17:13","modified_gmt":"2025-07-29T20:17:13","slug":"parlons-motogp-marc-marquez-est-il-un-probleme-pour-le-sport","status":"publish","type":"post","link":"https:\/\/www.europesays.com\/fr\/282690\/","title":{"rendered":"Parlons MotoGP\u00a0: Marc Marquez est-il un probl\u00e8me pour le sport\u00a0?"},"content":{"rendered":"<p><strong>Plus la saison avance, et moins elle int\u00e9resse les gens.<br \/>\nEn effet, cette ann\u00e9e, <a href=\"https:\/\/www.paddock-gp.com\/parlons-motogp-ce-que-personne-na-encore-ose-dire-sur-marc-marquez-et-valentino-rossi\/\" target=\"_blank\" rel=\"noopener nofollow\">la domination de Marc Marquez<\/a><br \/>\ncoupl\u00e9e au manque g\u00e9n\u00e9ral de spectacle pose un v\u00e9ritable<br \/>\nprobl\u00e8me\u00a0: les Grands Prix sont assez plats, et l\u2019issue,<br \/>\ntoujours certaine. Justement, est-ce un probl\u00e8me li\u00e9 simplement \u00e0<br \/>\nMarc Marquez, ou non\u00a0? Analyse.<\/strong><\/p>\n<p>\u00a0<\/p>\n<p>Les raisons de cet article<\/p>\n<p>\u00a0<\/p>\n<p>Je n\u2019avais pas pr\u00e9vu d\u2019\u00e9crire telle chose, mais il y a quelques<br \/>\njours, je parlais du manque de spectacle dans un autre papier. Et \u00e0<br \/>\nma grande surprise, beaucoup m\u2019ont accus\u00e9 d\u2019ainsi manquer de<br \/>\nrespect \u00e0 Marc Marquez, <strong>comme si je le tenais responsable<br \/>\nde cette saison morne<\/strong>. Aujourd\u2019hui, je vais essayer de<br \/>\nr\u00e9tablir la v\u00e9rit\u00e9 en affirmant ce que je pense, comme<br \/>\nd\u2019habitude.<\/p>\n<p>\u00a0<\/p>\n<p><img loading=\"lazy\" decoding=\"async\" aria-describedby=\"caption-attachment-1315022\" class=\"size-full wp-image-1315022\" src=\"https:\/\/www.europesays.com\/fr\/wp-content\/uploads\/2025\/07\/54665598665_2f2742ecec_c.jpg\" alt=\"\" width=\"799\" height=\"533\"  \/><\/p>\n<p id=\"caption-attachment-1315022\" class=\"wp-caption-text\">Pecco<br \/>\nBagnaia a, au moins, une aussi grande part de responsabilit\u00e9 dans<br \/>\nle manque de suspense cette ann\u00e9e, si on le voit sous cet angle.<br \/>\nPhoto : Michelin Motorsport<\/p>\n<p>\u00a0<\/p>\n<p>Autant vous le dire tout de suite\u00a0: non, je ne pense pas<br \/>\nque Marc Marquez soit la seule raison de cet ennui g\u00e9n\u00e9ral, que<br \/>\nj\u2019ai constat\u00e9 chez de nombreux amis proches, d\u2019ailleurs. Son<br \/>\nimpressionnante domination ne laisse pas de place au suspense,<br \/>\nd\u2019accord, <strong>mais il est impossible de lui en<br \/>\nvouloir<\/strong>\u00a0: j\u2019aurais dit exactement la m\u00eame chose si<br \/>\nc\u2019\u00e9tait Pecco Bagnaia ou Jorge Martin devant. \u00c7a n\u2019a aucun rapport<br \/>\navec le pilote qu\u2019est <strong><a href=\"https:\/\/www.paddock-gp.com\/parlons-motogp-ce-que-personne-na-encore-ose-dire-sur-marc-marquez-et-valentino-rossi\/\" target=\"_blank\" rel=\"noopener nofollow\">Marc Marquez<\/a><\/strong>, c\u2019est une<br \/>\ncertitude. Chaque week-end, il fait montre d\u2019un immense talent<br \/>\nqu\u2019il est difficile de ne pas appr\u00e9cier, et c\u2019est pour cette raison<br \/>\nque je le consid\u00e8re, peut-\u00eatre, comme le meilleur pilote de tous<br \/>\nles temps \u2013 pour le d\u00e9bat du plus grand, rendez-vous en fin de<br \/>\nsaison.<\/p>\n<p>\u00a0<\/p>\n<p>Un vrai probl\u00e8me<\/p>\n<p>\u00a0<\/p>\n<p>\u00c0 l\u2019inverse, le fanatisme exacerb\u00e9 de certains me laisse un peu<br \/>\npantois. M\u00eame en me mettant dans la peau d\u2019un fan absolu de Marc<br \/>\nMarquez, j\u2019ai du mal \u00e0 concevoir qu\u2019on puisse appr\u00e9cier la pire<br \/>\nsaison depuis 2021 niveau spectacle. <strong>Si j\u2019\u00e9tais l\u2019un de ses<br \/>\nsupporters, je serais davantage d\u00e9\u00e7u du manque de challenge, du<br \/>\nmanque de rivalit\u00e9<\/strong>. Tous les adversaires de Marc se sont<br \/>\ncass\u00e9 les dents, et ceci, ind\u00e9pendamment des r\u00e9sultats du n\u00b093. Je<br \/>\nsuis convaincu que les prouesses de l\u2019octuple champion du monde<br \/>\nn\u2019ont rien \u00e0 voir avec les difficult\u00e9s de Pecco Bagnaia, qui gal\u00e8re<br \/>\nau guidon d\u2019une Desmosedici GP25 qui ne lui convient pas.<br \/>\n<strong><a href=\"https:\/\/www.paddock-gp.com\/parlons-motogp-alex-marquez-a-sevi-de-nouveau-et-il-faut-en-parler\/\" target=\"_blank\" rel=\"noopener nofollow\">Alex Marquez \u00e9tait tr\u00e8s bon,<br \/>\nd\u2019accord, mais pas dans la m\u00eame dimension que son<br \/>\nfr\u00e8re<\/a><\/strong>\u00a0: <strong>il a dit, d\u00e8s la premi\u00e8re course,<br \/>\nqu\u2019il ne pensait pas viser le titre<\/strong>. Jamais nous n\u2019avons<br \/>\npu lui pr\u00eater cette ambition. Ensuite, il a commis des erreurs, et<br \/>\npas lors de batailles serr\u00e9es, au contraire\u00a0: au Mans, \u00e0 Assen<br \/>\net \u00e0 Brno, il s\u2019est rat\u00e9 alors qu\u2019il \u00e9tait d\u00e9j\u00e0 en difficult\u00e9.<\/p>\n<p>C\u2019est rare que j\u2019emploie ce terme, mais cette saison est<br \/>\nobjectivement en dessous des pr\u00e9c\u00e9dentes. \u00c7a me para\u00eet assez<br \/>\nirr\u00e9futable. Exemple : <strong>pouvez-vous me citer un d\u00e9passement<br \/>\nmarquant ? Une course marquante ?<\/strong> Franchement, pour la<br \/>\npremi\u00e8re de ces deux questions, je n\u2019ai m\u00eame pas la r\u00e9ponse.<br \/>\nEnsuite, pour la seconde, je dirais Silverstone, pour le sc\u00e9nario,<br \/>\nmais c\u2019\u00e9tait une large victoire. Il y a aussi Le Mans, bien s\u00fbr,<br \/>\nmais personnellement, j\u2019aime un peu moins les courses sous la<br \/>\npluie. En tout, j\u2019ai compt\u00e9 sept-huit bons tours au Mugello, un aux<br \/>\n\u00c9tats-Unis, deux-trois \u00e0 Jerez, quelques-uns \u00e0 Silverstone\u2026 voil\u00e0<br \/>\nce dont je me souviens. C\u2019est extr\u00eamement maigre pour douze<br \/>\n<a href=\"https:\/\/www.motogp.com\/fr\/\" target=\"_blank\" rel=\"noopener nofollow\">Grands Prix<\/a>.<\/p>\n<p>\u00a0<\/p>\n<p>Des facteurs aggravants<\/p>\n<p>\u00a0<\/p>\n<p><img loading=\"lazy\" decoding=\"async\" aria-describedby=\"caption-attachment-1315026\" class=\"size-full wp-image-1315026\" src=\"https:\/\/www.europesays.com\/fr\/wp-content\/uploads\/2025\/07\/54663245971_1ac7b0436a_c.jpg\" alt=\"Marc Marquez probl\u00e8me\" width=\"799\" height=\"533\"  \/><\/p>\n<p id=\"caption-attachment-1315026\" class=\"wp-caption-text\">Un Jorge<br \/>\nMartin en forme aurait peut-\u00eatre mis son grain de sel. Photo :<br \/>\nMichelin Motorsport<\/p>\n<p>\u00a0<\/p>\n<p><strong>D\u2019autres facteurs viennent s\u2019ajouter \u00e0 ce constat<br \/>\namer<\/strong>. Premi\u00e8rement, comment ne pas citer l\u2019absence du<br \/>\nchampion du monde en titre Jorge Martin, qui a laiss\u00e9 un grand<br \/>\nvide. Comment ne pas \u00e9voquer les difficult\u00e9s de la Yamaha YZR-M1 en<br \/>\ncourse, qui emp\u00eachent Fabio Quartararo de se battre alors qu\u2019il en<br \/>\na les capacit\u00e9s\u00a0?<\/p>\n<p>Il faut aussi mentionner les \u00e9normes \u00e9carts\u00a0: alors que, de<br \/>\n2016 \u00e0 2022, les courses se jouaient tr\u00e8s souvent \u00e0 coups de<br \/>\ndixi\u00e8mes, <strong>il est devenu commun de voir Marc Marquez gagner<br \/>\navec plus de quatre secondes d\u2019avance en 2025\u00a0!<\/strong><br \/>\nBagnaia, aux USA, en avait deux pleines, et une et demie pour Alex<br \/>\nMarquez \u00e0 Jerez. Quand on remonte les positions, m\u00eame<br \/>\nconstat\u00a0: les troisi\u00e8mes sont souvent d\u00e9croch\u00e9s, et ainsi de<br \/>\nsuite. En \u00e9tant honn\u00eate, je ne me souviens pas d\u2019une seule bataille<br \/>\npour une place du podium depuis le d\u00e9but de la saison. Quand il y a<br \/>\nbaston, \u00e7a dure deux tours, trois tours, et apr\u00e8s, les gommes<br \/>\nchauffent, la pression monte, <strong>il devient plus difficile de<br \/>\nd\u00e9passer, et ainsi de suite<\/strong>.<\/p>\n<p>\u00a0<\/p>\n<p>Conclusion<\/p>\n<p>\u00a0<\/p>\n<p>Lorsque je parle de mon ressenti quant \u00e0 cette saison 2025, je<br \/>\nne parle pas que de Marc Marquez. <strong><a href=\"https:\/\/www.paddock-gp.com\/parlons-motogp-andrea-iannone-vient-peut-etre-de-reveler-le-plus-gros-probleme-du-motogp\/\" target=\"_blank\" rel=\"noopener nofollow\">Nous avons d\u00e9j\u00e0 longuement \u00e9voqu\u00e9<br \/>\nles param\u00e8tres qui peuvent alt\u00e9rer n\u00e9gativement le<br \/>\nspectacle<\/a><\/strong>, mais je voulais simplement clarifier ce<br \/>\npoint qui n\u2019a pas \u00e9t\u00e9 compris. Je vais peut-\u00eatre vous surprendre,<br \/>\nmais pour sa l\u00e9gende, je suis m\u00eame triste que Marquez se balade<br \/>\nainsi, car lui aussi, en v\u00e9ritable racer, <strong>aurait<br \/>\npeut-\u00eatre pr\u00e9f\u00e9r\u00e9 une ann\u00e9e l\u00e9gendaire pour son neuvi\u00e8me<br \/>\nsacre.<\/strong><\/p>\n<p>Je suis curieux de savoir ce que vous en pensez, alors,<br \/>\n<strong>dites-le-moi en commentaires\u00a0!<\/strong><\/p>\n<p>Pour rappel, cet article ne refl\u00e8te que la pens\u00e9e de son auteur,<br \/>\net pas de l\u2019enti\u00e8ret\u00e9 de la r\u00e9daction.<\/p>\n<p>\u00a0<\/p>\n<p><img loading=\"lazy\" decoding=\"async\" aria-describedby=\"caption-attachment-1315029\" class=\"size-full wp-image-1315029\" src=\"https:\/\/www.europesays.com\/fr\/wp-content\/uploads\/2025\/07\/54664928913_2122b8b7e2_c.jpg\" alt=\"\" width=\"799\" height=\"533\"  \/><\/p>\n<p id=\"caption-attachment-1315029\" class=\"wp-caption-text\">Je<br \/>\nr\u00eavais d\u2019une rivalit\u00e9 Bagnaia-Marquez. On en est loin. Photo :<br \/>\nMichelin Motorsport<\/p>\n<p>\u00a0<\/p>\n<p>Photo de couverture : Michelin Motorsport<\/p>\n","protected":false},"excerpt":{"rendered":"Plus la saison avance, et moins elle int\u00e9resse les gens. En effet, cette ann\u00e9e, la domination de Marc&hellip;\n","protected":false},"author":2,"featured_media":282691,"comment_status":"","ping_status":"","sticky":false,"template":"","format":"standard","meta":{"footnotes":""},"categories":[1413],"tags":[1011,27,1457,1456,60],"class_list":{"0":"post-282690","1":"post","2":"type-post","3":"status-publish","4":"format-standard","5":"has-post-thumbnail","7":"category-moto","8":"tag-fr","9":"tag-france","10":"tag-moto","11":"tag-motocycle","12":"tag-sports"},"share_on_mastodon":{"url":"https:\/\/pubeurope.com\/@fr\/114938370207104310","error":""},"_links":{"self":[{"href":"https:\/\/www.europesays.com\/fr\/wp-json\/wp\/v2\/posts\/282690","targetHints":{"allow":["GET"]}}],"collection":[{"href":"https:\/\/www.europesays.com\/fr\/wp-json\/wp\/v2\/posts"}],"about":[{"href":"https:\/\/www.europesays.com\/fr\/wp-json\/wp\/v2\/types\/post"}],"author":[{"embeddable":true,"href":"https:\/\/www.europesays.com\/fr\/wp-json\/wp\/v2\/users\/2"}],"replies":[{"embeddable":true,"href":"https:\/\/www.europesays.com\/fr\/wp-json\/wp\/v2\/comments?post=282690"}],"version-history":[{"count":0,"href":"https:\/\/www.europesays.com\/fr\/wp-json\/wp\/v2\/posts\/282690\/revisions"}],"wp:featuredmedia":[{"embeddable":true,"href":"https:\/\/www.europesays.com\/fr\/wp-json\/wp\/v2\/media\/282691"}],"wp:attachment":[{"href":"https:\/\/www.europesays.com\/fr\/wp-json\/wp\/v2\/media?parent=282690"}],"wp:term":[{"taxonomy":"category","embeddable":true,"href":"https:\/\/www.europesays.com\/fr\/wp-json\/wp\/v2\/categories?post=282690"},{"taxonomy":"post_tag","embeddable":true,"href":"https:\/\/www.europesays.com\/fr\/wp-json\/wp\/v2\/tags?post=282690"}],"curies":[{"name":"wp","href":"https:\/\/api.w.org\/{rel}","templated":true}]}}