{"id":282694,"date":"2025-07-29T20:19:10","date_gmt":"2025-07-29T20:19:10","guid":{"rendered":"https:\/\/www.europesays.com\/fr\/282694\/"},"modified":"2025-07-29T20:19:10","modified_gmt":"2025-07-29T20:19:10","slug":"cyclisme-tour-de-wallonie-mathias-vacek-je-savoure-la-victoire-et-demain-on-repart","status":"publish","type":"post","link":"https:\/\/www.europesays.com\/fr\/282694\/","title":{"rendered":"Cyclisme. Tour de Wallonie &#8211; Mathias Vacek : \u00abJe savoure la victoire, et demain, on repart !\u00bb"},"content":{"rendered":"<p>\u00c0 l\u2019arriv\u00e9e de la 4e \u00e9tape de l\u2019<strong><a href=\"https:\/\/www.cyclismactu.net\/..\/news-cyclisme-route-tour-de-wallonie-mathias-vacek-surpuissant-remporte-cette-4e-etape-89324.html\" target=\"_blank\" rel=\"nofollow noopener\">Ethias-Tour de Wallonie<\/a><\/strong>, aux airs de <strong>Li\u00e8ge-Bastogne-Li\u00e8ge<\/strong>, ce mardi 29 juillet 2025, c\u2019est le champion de R\u00e9publique tch\u00e8que, <strong>Mathias Vacek<\/strong> (Lidl-Trek), qui s\u2019est montr\u00e9 le plus costaud, devan\u00e7ant au sprint le nouveau leader au jeu des bonifications, <strong>Corbin Strong<\/strong> (Israel Premier-Tech), et l\u2019Espagnol <strong>Carlos Canal <\/strong>(Movistar Team). \u00c0 la veille de l\u2019arriv\u00e9e finale, le Tch\u00e8que n\u2019est qu\u2019\u00e0 une seconde du N\u00e9o-Z\u00e9landais. Il s\u2019est exprim\u00e9 apr\u00e8s sa victoire, dans le communiqu\u00e9 officiel de son \u00e9quipe.<\/p>\n<p>Vid\u00e9o &#8211; Mathias Vacek \u00e9tait sur le Tour d&rsquo;Italie en mai dernier ! Lire la suite de l&rsquo;article&#13;<\/p>\n<p>\u00a0<\/p>\n<p>&#13;<br \/>\n<strong>\u00ab\u00a0C&rsquo;est ma premi\u00e8re victoire sur route avec l&rsquo;\u00e9quipe&#8230;\u00a0\u00bb<\/strong>&#13;<\/p>\n<p>\u00ab\u00a0C\u2019\u00e9tait une journ\u00e9e difficile aujourd\u2019hui\u00a0\u00bb, d\u00e9bute le vainqueur du jour. \u00ab\u00a0Je savais que c\u2019\u00e9tait une bonne \u00e9tape pour moi, alors on a tout donn\u00e9. Avec la pluie et tout le reste, c\u2019\u00e9tait vraiment difficile et tout le monde \u00e9tait \u00e0 la limite. Je me sentais bien, alors on a repris la course apr\u00e8s la premi\u00e8re moiti\u00e9 et on a suivi les mouvements pour garder le contr\u00f4le. Finalement, j\u2019ai attaqu\u00e9 dans le dernier tour et on \u00e9tait quatre devant. J\u2019\u00e9tais confiant pour le sprint, car tout le monde \u00e9tait fatigu\u00e9, ce qui m\u2019a bien servi et j\u2019ai pu le remporter. C\u2019est vraiment sp\u00e9cial, c\u2019est la premi\u00e8re victoire sur route avec l\u2019\u00e9quipe et \u00e7a compte beaucoup pour moi. J\u2019esp\u00e8re que demain sera aussi une bonne journ\u00e9e, qu\u2019on reste concentr\u00e9s et qu\u2019on fera de notre mieux. Pour l\u2019instant, je savoure la victoire, et demain, on repart !\u00a0\u00bb, conclut <strong>Mathias Vacek<\/strong>, dans le communiqu\u00e9 officiel de la formation<strong> Lidl-Trek<\/strong>.<\/p>\n<p>Ethias Tour de Wallonie &#8211; Classement de la 4\u00e8 \u00e9tape Ethias Tour de Wallonie &#8211; Classement g\u00e9n\u00e9ral provisoire apr\u00e8s la 4\u00e8 \u00e9tape<\/p>\n","protected":false},"excerpt":{"rendered":"\u00c0 l\u2019arriv\u00e9e de la 4e \u00e9tape de l\u2019Ethias-Tour de Wallonie, aux airs de Li\u00e8ge-Bastogne-Li\u00e8ge, ce mardi 29 juillet&hellip;\n","protected":false},"author":2,"featured_media":282695,"comment_status":"","ping_status":"","sticky":false,"template":"","format":"standard","meta":{"footnotes":""},"categories":[1411],"tags":[1154,207,211,1011,27,209,60,210,41699,212,208,213],"class_list":{"0":"post-282694","1":"post","2":"type-post","3":"status-publish","4":"format-standard","5":"has-post-thumbnail","7":"category-cyclisme","8":"tag-cycling","9":"tag-cyclisme","10":"tag-ffc","11":"tag-fr","12":"tag-france","13":"tag-route","14":"tag-sports","15":"tag-tour-de-france","16":"tag-tour-de-wallonie","17":"tag-uci","18":"tag-velo","19":"tag-world-tour"},"share_on_mastodon":{"url":"https:\/\/pubeurope.com\/@fr\/114938377922762415","error":""},"_links":{"self":[{"href":"https:\/\/www.europesays.com\/fr\/wp-json\/wp\/v2\/posts\/282694","targetHints":{"allow":["GET"]}}],"collection":[{"href":"https:\/\/www.europesays.com\/fr\/wp-json\/wp\/v2\/posts"}],"about":[{"href":"https:\/\/www.europesays.com\/fr\/wp-json\/wp\/v2\/types\/post"}],"author":[{"embeddable":true,"href":"https:\/\/www.europesays.com\/fr\/wp-json\/wp\/v2\/users\/2"}],"replies":[{"embeddable":true,"href":"https:\/\/www.europesays.com\/fr\/wp-json\/wp\/v2\/comments?post=282694"}],"version-history":[{"count":0,"href":"https:\/\/www.europesays.com\/fr\/wp-json\/wp\/v2\/posts\/282694\/revisions"}],"wp:featuredmedia":[{"embeddable":true,"href":"https:\/\/www.europesays.com\/fr\/wp-json\/wp\/v2\/media\/282695"}],"wp:attachment":[{"href":"https:\/\/www.europesays.com\/fr\/wp-json\/wp\/v2\/media?parent=282694"}],"wp:term":[{"taxonomy":"category","embeddable":true,"href":"https:\/\/www.europesays.com\/fr\/wp-json\/wp\/v2\/categories?post=282694"},{"taxonomy":"post_tag","embeddable":true,"href":"https:\/\/www.europesays.com\/fr\/wp-json\/wp\/v2\/tags?post=282694"}],"curies":[{"name":"wp","href":"https:\/\/api.w.org\/{rel}","templated":true}]}}