{"id":282698,"date":"2025-07-29T20:21:10","date_gmt":"2025-07-29T20:21:10","guid":{"rendered":"https:\/\/www.europesays.com\/fr\/282698\/"},"modified":"2025-07-29T20:21:10","modified_gmt":"2025-07-29T20:21:10","slug":"le-pdg-vire-va-attaquer-coldplay-en-justice","status":"publish","type":"post","link":"https:\/\/www.europesays.com\/fr\/282698\/","title":{"rendered":"Le PDG vir\u00e9 va attaquer Coldplay en justice"},"content":{"rendered":"<p>      R\u00e9sum\u00e9<\/p>\n<p>Le PDG d&rsquo;une start-up, film\u00e9 lors d\u2019un concert viral, a \u00e9t\u00e9 licenci\u00e9 et envisage d\u00e9sormais une action en justice contre le groupe Coldplay pour atteinte \u00e0 la vie priv\u00e9e.<\/p>\n<p>        Sommaire<\/p>\n<p>Une simple kiss cam a fait des ravages inattendus apr\u00e8s le concert rendu par Coldplay le 16 juillet dernier. <strong>Le PDG d&rsquo;Astronomer, Andy Bryon<\/strong>, <a href=\"https:\/\/www.public.fr\/coldplay-apres-ladultere-revele-en-plein-concert-chris-martin-prend-une-decision-radicale\" target=\"_blank\" rel=\"noopener\">a \u00e9t\u00e9 film\u00e9 en compagnie de sa DRH, Kristin Cabot<\/a>. Probl\u00e8me : leur relation \u00e9tait adult\u00e9rine, et les deux tourtereaux \u00e9taient chacun mari\u00e9s. Depuis plus de deux semaines, les deux amants <strong>sont au c\u0153ur d&rsquo;un buzz viral qu&rsquo;ils ne ma\u00eetrisent pas<\/strong>. Les images font le tour du monde, et sont loin d&rsquo;avoir r\u00e9joui Astronomer&#8230;<\/p>\n<p>En effet, face \u00e0 la pol\u00e9mique, les actionnaires de cette start-up sp\u00e9cialis\u00e9e dans l&rsquo;intelligence artificielle ont pris une grave d\u00e9cision. <strong>Le PDG, Andy Bryon, a \u00e9t\u00e9 pouss\u00e9 \u00e0 la d\u00e9mission<\/strong>, tout comme sa cons\u0153ur DRH. Les deux amants ne travaillent plus pour la bo\u00eete, et ont ainsi tout perdu&#8230; Le pr\u00e9judice, tant personnel que professionnel, est colossal, mais Andy Bryon ne souhaiterait pas en rester l\u00e0.<\/p>\n<p>En effet, selon plusieurs sources concordantes relay\u00e9es par divers m\u00e9dias, Andy Bryon, <a href=\"https:\/\/www.public.fr\/coldplay-apres-la-revelation-de-son-adultere-en-plein-concert-le-pdg-grille-publie-un-communique-lunaire\" target=\"_blank\" rel=\"noopener\">ex-PDG d&rsquo;Astronomer<\/a>, <strong>envisagerait d&rsquo;attaquer Coldplay en justice<\/strong>. Le groupe, form\u00e9 en 1996 par Chris Martin et Jonny Buckland, pourrait effectivement \u00eatre jug\u00e9 responsable de la violence qui s&rsquo;abat sur l&rsquo;homme d&rsquo;affaires et sa ma\u00eetresse depuis deux semaines&#8230;<\/p>\n<p>Andy Bryon fulmine, Coldplay pr\u00e9f\u00e8re en rire<\/p>\n<p>Les raisons qu&rsquo;Andy Bryon invoque seraient celles <strong>d&rsquo;une \u00ab\u00a0d\u00e9tresse \u00e9motionnelle\u00a0\u00bb et d&rsquo;une \u00ab\u00a0atteinte \u00e0 la vie priv\u00e9e\u00a0\u00bb<\/strong>. Effectivement, comme le souligne Page Six, Bryon a fait savoir \u00e0 son entourage qu&rsquo;il n&rsquo;avait<strong> \u00ab\u00a0pas consenti \u00e0 \u00eatre film\u00e9 ou humili\u00e9 publiquement\u00a0\u00bb<\/strong>. Sa vid\u00e9o a depuis permis \u00e0 <a href=\"https:\/\/vsd.fr\/85090-lionel-messi-et-antonela-immortalises-sur-la-kiss%E2%80%91cam-de-coldplay-quelques-jours-apres-un-scandale\/\" target=\"_blank\" rel=\"noopener\">Coldplay<\/a> de faire le buzz, et le groupe a vu ses \u00e9coutes bondir sur toutes les plateformes.  <\/p>\n<p>Pour l&rsquo;heure, Coldplay n&rsquo;a pas r\u00e9agi \u00e0 ce bad buzz&#8230; Mais Chris Martin, inform\u00e9 par son entourage de l&rsquo;\u00e9ventualit\u00e9 <strong>d&rsquo;une action en justice, se serait fendu d&rsquo;un fou rire<\/strong>. \u00ab\u00a0Il a ri aux \u00e9clats\u00a0\u00bb aurait ainsi d\u00e9clar\u00e9 un proche du leader \u00e0 Page Six. Un expert juridique, contact\u00e9, a quant \u00e0 lui fait savoir que le respect \u00e0 la vie priv\u00e9e dans un concert avec 70 000 personnes est \u00ab\u00a0quasi nulle\u00a0\u00bb, et que Andy Bryon n&rsquo;a pas grande chance de l&#8217;emporte&#8230; <strong>La bataille ne fait que commencer<\/strong> !<\/p>\n<p>      Mentionn\u00e9s dans cet article<\/p>\n<p>\u00c0 lire aussi<\/p>\n","protected":false},"excerpt":{"rendered":"R\u00e9sum\u00e9 Le PDG d&rsquo;une start-up, film\u00e9 lors d\u2019un concert viral, a \u00e9t\u00e9 licenci\u00e9 et envisage d\u00e9sormais une action&hellip;\n","protected":false},"author":2,"featured_media":282699,"comment_status":"","ping_status":"","sticky":false,"template":"","format":"standard","meta":{"footnotes":""},"categories":[1359],"tags":[6439,58,59,1011,27,303,973,2634,1062,1747],"class_list":{"0":"post-282698","1":"post","2":"type-post","3":"status-publish","4":"format-standard","5":"has-post-thumbnail","7":"category-people","8":"tag-coldplay","9":"tag-divertissement","10":"tag-entertainment","11":"tag-fr","12":"tag-france","13":"tag-justice","14":"tag-people","15":"tag-plainte","16":"tag-polemique","17":"tag-scandale"},"share_on_mastodon":{"url":"https:\/\/pubeurope.com\/@fr\/114938385797269639","error":""},"_links":{"self":[{"href":"https:\/\/www.europesays.com\/fr\/wp-json\/wp\/v2\/posts\/282698","targetHints":{"allow":["GET"]}}],"collection":[{"href":"https:\/\/www.europesays.com\/fr\/wp-json\/wp\/v2\/posts"}],"about":[{"href":"https:\/\/www.europesays.com\/fr\/wp-json\/wp\/v2\/types\/post"}],"author":[{"embeddable":true,"href":"https:\/\/www.europesays.com\/fr\/wp-json\/wp\/v2\/users\/2"}],"replies":[{"embeddable":true,"href":"https:\/\/www.europesays.com\/fr\/wp-json\/wp\/v2\/comments?post=282698"}],"version-history":[{"count":0,"href":"https:\/\/www.europesays.com\/fr\/wp-json\/wp\/v2\/posts\/282698\/revisions"}],"wp:featuredmedia":[{"embeddable":true,"href":"https:\/\/www.europesays.com\/fr\/wp-json\/wp\/v2\/media\/282699"}],"wp:attachment":[{"href":"https:\/\/www.europesays.com\/fr\/wp-json\/wp\/v2\/media?parent=282698"}],"wp:term":[{"taxonomy":"category","embeddable":true,"href":"https:\/\/www.europesays.com\/fr\/wp-json\/wp\/v2\/categories?post=282698"},{"taxonomy":"post_tag","embeddable":true,"href":"https:\/\/www.europesays.com\/fr\/wp-json\/wp\/v2\/tags?post=282698"}],"curies":[{"name":"wp","href":"https:\/\/api.w.org\/{rel}","templated":true}]}}