{"id":282700,"date":"2025-07-29T20:22:11","date_gmt":"2025-07-29T20:22:11","guid":{"rendered":"https:\/\/www.europesays.com\/fr\/282700\/"},"modified":"2025-07-29T20:22:11","modified_gmt":"2025-07-29T20:22:11","slug":"insolite-que-raconte-cette-fresque-en-noir-et-blanc-realisee-dans-cette-commune-de-briere-actu-fr","status":"publish","type":"post","link":"https:\/\/www.europesays.com\/fr\/282700\/","title":{"rendered":"Insolite : que raconte cette fresque en noir et blanc r\u00e9alis\u00e9e dans cette commune de Bri\u00e8re ? &#8211; Actu.fr"},"content":{"rendered":"<ol>\n<li><a href=\"https:\/\/news.google.com\/rss\/articles\/CBMi-AFBVV95cUxNbHZmcFh2XzFFNkdmTVVHS091RXNpa2d1RTB3el9CeFNUYXlmTUpwUXl4X2s1WFA2Rm5mUVVMU1V3Nm83aVpmV1o1TzFHZDRWTlNmQzgyMkZMay1mb3ZMWFc1ZFNCMW5mWVlQTW93dks4Z3JRWkZFZV9Jd245MU5FMU4zdXVMQkpBcFhIWWhqVFBBMU1XeFF0bmNYN0ZBUVE4cXIwYkEwMEU4dFBVanRFWmFjdFVuZWt0cWc1Q19rS3JyRUxYUTdpdmRQdUZoWXJtbjJjUWxPZ2Q5enM2am9XaHBoVGljRWVzRUhLNHVhRjhjdk5qR3FQaQ?oc=5\" target=\"_blank\" rel=\"nofollow noopener\">Insolite : que raconte cette fresque en noir et blanc r\u00e9alis\u00e9e dans cette commune de Bri\u00e8re ?<\/a>&nbsp;&nbsp;Actu.fr<\/li>\n<li><a href=\"https:\/\/news.google.com\/rss\/articles\/CBMi0gFBVV95cUxQdFhvakRqZGZRd2FnM2pKZ0c1UF9KN2t2SE5hNThabzNpa1hRTDBvYXlfN0xmTGt2WVhIN1lQYnA5OUZMVGZ6VlJtQlRYd1RUeGZwbGl0MHdTbGJFejJhQk9CU2hUanFXWVpzM1hwTzE5dHIwZ1pfREowM2ZrRmhkMGhZV21PVDVKRFdHSHQ4SmMxTy1BY2R1dTBLeHhYYU1fMW1CNVo0cXNtTUpzUHAyXzctVWFzZng3VXpKU1l3TDZvYkZpS0ZheUl2Sk0tY1NkM1E?oc=5\" target=\"_blank\" rel=\"nofollow noopener\">Une fresque en l\u2019honneur des vanniers dans ce village pr\u00e8s de Nantes<\/a>&nbsp;&nbsp;Maville<\/li>\n<li><a href=\"https:\/\/news.google.com\/rss\/articles\/CBMi1wFBVV95cUxQOVAybDh0M0k4eDh6bHFfeHI5VjJ6WmtxZzR1VF9nQ0VocUU2emJfUnBXN2t2YlJFZGhyNUxheGlrMlFZb2JVT25Bb2J5WFVYOWdJWlVQcnBLWjRsY19lWGkxYXhyWl9GVnUwV0g1XzZOX2RxLVJSY3dOTkZuSUZSUTFvYWFXbjJ5Mmg0V2NJRkNoQk1xR09rczQ2RWZyQmR0QjRlOWg5YW9FT1hSLUNvU2dfc2R3eHhoS21EYmpOdHJoTEdtRmZJNFdUTmhndUZzOWQyVFJWUQ?oc=5\" target=\"_blank\" rel=\"nofollow noopener\">La Chapelle-des-Marais. Un festival mayunnais r\u00e9ussie<\/a>&nbsp;&nbsp;Ouest-France<\/li>\n<li><a href=\"https:\/\/news.google.com\/rss\/articles\/CBMizAFBVV95cUxOR1hJd0ZRR3dkanVma0EtZk5xRGlGMm5SYWFlc0F2YnY4NjBzcHlMVDZqVE5QdnVhcWM1WE1jRTEyaXY5elhXMVh6ejlnSEZsUDkxTGk3ZTZnbkZXQUFWekFRTHdvQXRaSUh3WENZaFZUZE5DYTNQS3IxMFY4MFNJaEMxRm5NVVV2M1Ytd3dKY3ZEWHBYY3ppNElFUmRCZmxsTTVEb2NtMkh2dnFJY3NELUp2ZWNsQnh4SEhwc3drOHgwSlNvaFRnRzJUQ1g?oc=5\" target=\"_blank\" rel=\"nofollow noopener\">La Chapelle-des-Marais. Le festival de la vannerie veut se d\u00e9velopper<\/a>&nbsp;&nbsp;Maville Nantes<\/li>\n<li><a href=\"https:\/\/news.google.com\/rss\/articles\/CBMiigJBVV95cUxOTmVPeENGYlJoWjhaUkxyaUxOc2I4bl9vX0lGTTlzc09kaDExVGRyejVWb3ZVZEFwWGRSczJQT2VaQmpIRjhDMFJ3N3BRc3JYUVVGZF9MbUgyWUZKN1NPa0FycVgyQ0V3Q3FIYXZ3ZHgzZDdGTFVQSEtRcHFfdnNOQURlbUNUNXNmTGR1WkstVFVNZVdSaXMwNTdyR09PY2FPcWRBTlBzS0NhbXVKUDlrSDlGeEFWR3BaZ2lOek1FNWlVT3ktY0hiXzk1LVZvdzJYaG9id3JoXzZJOWpKamJSUkFqX2ZmMk1ucmw3RHZRX3cyT2FtdXU0WG50QmlqTndsR09ldU5lUF85dw?oc=5\" target=\"_blank\" rel=\"nofollow noopener\">Une fresque en l\u2019honneur des vanniers dans ce village en Loire-Atlantique<\/a>&nbsp;&nbsp;Ouest-France<\/li>\n<\/ol>\n","protected":false},"excerpt":{"rendered":"Insolite : que raconte cette fresque en noir et blanc r\u00e9alis\u00e9e dans cette commune de Bri\u00e8re ?&nbsp;&nbsp;Actu.fr Une&hellip;\n","protected":false},"author":2,"featured_media":1445,"comment_status":"","ping_status":"","sticky":false,"template":"","format":"standard","meta":{"footnotes":""},"categories":[1358],"tags":[1348,1384,1385,1386,58,59,1011,27],"class_list":{"0":"post-282700","1":"post","2":"type-post","3":"status-publish","4":"format-standard","5":"has-post-thumbnail","7":"category-arts-et-design","8":"tag-arts","9":"tag-arts-and-design","10":"tag-arts-et-design","11":"tag-design","12":"tag-divertissement","13":"tag-entertainment","14":"tag-fr","15":"tag-france"},"share_on_mastodon":{"url":"https:\/\/pubeurope.com\/@fr\/114938389714125396","error":""},"_links":{"self":[{"href":"https:\/\/www.europesays.com\/fr\/wp-json\/wp\/v2\/posts\/282700","targetHints":{"allow":["GET"]}}],"collection":[{"href":"https:\/\/www.europesays.com\/fr\/wp-json\/wp\/v2\/posts"}],"about":[{"href":"https:\/\/www.europesays.com\/fr\/wp-json\/wp\/v2\/types\/post"}],"author":[{"embeddable":true,"href":"https:\/\/www.europesays.com\/fr\/wp-json\/wp\/v2\/users\/2"}],"replies":[{"embeddable":true,"href":"https:\/\/www.europesays.com\/fr\/wp-json\/wp\/v2\/comments?post=282700"}],"version-history":[{"count":0,"href":"https:\/\/www.europesays.com\/fr\/wp-json\/wp\/v2\/posts\/282700\/revisions"}],"wp:featuredmedia":[{"embeddable":true,"href":"https:\/\/www.europesays.com\/fr\/wp-json\/wp\/v2\/media\/1445"}],"wp:attachment":[{"href":"https:\/\/www.europesays.com\/fr\/wp-json\/wp\/v2\/media?parent=282700"}],"wp:term":[{"taxonomy":"category","embeddable":true,"href":"https:\/\/www.europesays.com\/fr\/wp-json\/wp\/v2\/categories?post=282700"},{"taxonomy":"post_tag","embeddable":true,"href":"https:\/\/www.europesays.com\/fr\/wp-json\/wp\/v2\/tags?post=282700"}],"curies":[{"name":"wp","href":"https:\/\/api.w.org\/{rel}","templated":true}]}}