{"id":282701,"date":"2025-07-29T20:23:10","date_gmt":"2025-07-29T20:23:10","guid":{"rendered":"https:\/\/www.europesays.com\/fr\/282701\/"},"modified":"2025-07-29T20:23:10","modified_gmt":"2025-07-29T20:23:10","slug":"dijon-une-nouvelle-librairie-pas-comme-les-autres-ouvre-dans-le-centre-ville","status":"publish","type":"post","link":"https:\/\/www.europesays.com\/fr\/282701\/","title":{"rendered":"Dijon. Une nouvelle librairie pas comme les autres ouvre dans le centre-ville"},"content":{"rendered":"<p>            Par<br \/>\n        <strong><br \/>\n            <a href=\"https:\/\/actu.fr\/auteur\/emma-ressegaire\" title=\"Consulter tous les articles de Emma Ressegaire\" target=\"_blank\" rel=\"noopener\">Emma Ressegaire<\/a><br \/>\n        <\/strong><\/p>\n<p>        Publi\u00e9 le<\/p>\n<p>            29 juil. 2025 \u00e0 21h46        <\/p>\n<p>Port\u00e9es par un engouement croissant autour de la romance mais aussi de l\u2019imaginaire, les librairies sp\u00e9cialis\u00e9es dans ces genres litt\u00e9raires se multiplient partout dans l\u2019Hexagone. \u00c0 <a href=\"https:\/\/actu.fr\/bourgogne-franche-comte\/dijon_21231\" target=\"_blank\" rel=\"noopener\">Dijon<\/a>, c\u2019est une premi\u00e8re. <strong>La librairie Les Dryades R\u00eaveuses<\/strong>, a ouvert ses portes le 15 juillet dernier, \u00e0 l\u2019initiative d\u2019Emilie Bardeau.<\/p>\n<p class=\" wall-content\">C\u2019est \u00e0 l\u2019\u00e9t\u00e9 2023 que cette derni\u00e8re commence \u00e0 \u00e9laborer ce nouveau projet. \u00ab\u00a0Je travaillais dans la logistique mais <strong>je cherchais \u00e0 cr\u00e9er ma propre activit\u00e9<\/strong>. Pendant longtemps, j\u2019ai aussi travaill\u00e9 dans la restauration. Le contact avec le client me manquait mais je ne voulais pas reprendre des horaires de restauration. De plus, il y a 2\/3 ans, je me suis remise \u00e0 la lecture donc je me suis dit pourquoi ne pas<strong> allier ce plaisir avec un avenir professionnel<\/strong>\u00ab\u00a0, explique la g\u00e9rante.<\/p>\n<p class=\" wall-content\"><a href=\"https:\/\/www.instagram.com\/les_dryades_reveuses\/embed\" title=\"Ouvrir le lien sur Instagram\" target=\"_blank\" rel=\"noopener\">Visualiser le contenu sur Instagram<\/a><\/p>\n<p>Un esprit f\u00e9minin de la for\u00eat<\/p>\n<p class=\" wall-content\">Emilie Bardeau a fini par se lancer en fondant Les Dryades R\u00eaveuses, un nom trouv\u00e9 apr\u00e8s m\u00fbre r\u00e9flexion. \u00ab\u00a0Je cherchais un nom avec des personnages imaginaires mais pas quelque chose de classique comme un dragon. Une dryade est un <strong>esprit f\u00e9minin de la for\u00eat<\/strong> et, avec ma coll\u00e8gue Annabelle, cela nous correspond bien. Puis <strong>avec les livres on r\u00eave<\/strong>, on s\u2019imagine plein de choses\u00a0\u00bb, poursuit-elle.<\/p>\n<p class=\" wall-content\">Mais pourquoi se lancer dans une librairie sp\u00e9cialis\u00e9e dans la romance et l\u2019imaginaire ? Tout d\u2019abord, parce que c\u2019est ce qu\u2019Emilie Bardeau lit principalement. \u00ab\u00a0C\u2019est plus facile \u00e0 conseiller\u00a0\u00bb, pr\u00e9cise-t-elle. Puis, parce qu<strong>\u2018il n\u2019existe encore aucune autre librairie de ce genre dans la Cit\u00e9 des Ducs<\/strong>. Mais c\u2019est aussi car une forte demande autour de ces librairies existe.<\/p>\n<p>5 000 r\u00e9f\u00e9rences<\/p>\n<p class=\" wall-content\">La romance inclut plusieurs sous-genres litt\u00e9raires comme la new romance, la dark romance\u2026<\/p>\n<p class=\" wall-content\">Du c\u00f4t\u00e9 de l\u2019imaginaire, on peut retrouver des livres de romantasy, de science-fiction, d\u2019horreur, de fantastique\u2026 \u00ab\u00a0Nous avons aussi un <strong>tr\u00e8s bon rayon de livres en anglais<\/strong>\u00ab\u00a0, indique la g\u00e9rante. La librairie Les Dryades R\u00eaveuses compte pr\u00e8s de 5 000 r\u00e9f\u00e9rences. Si les premiers jours ont \u00e9t\u00e9 un peu calme, les derniers ont \u00e9t\u00e9 beaucoup plus denses gr\u00e2ce notamment \u00e0 la <strong>popularit\u00e9 d\u2019une vid\u00e9o Tiktok<\/strong> d\u2019une BookTokeuse montrant cette nouvelle librairie du centre-ville de Dijon, cach\u00e9e dans une petite cour. \u00ab\u00a0Cela d\u00e9marre plut\u00f4t bien\u00a0\u00bb, s\u2019enthousiaste Emilie Bardeau.<\/p>\n<p class=\" wall-content\">\u00c0 noter, qu\u2019\u00e0 partir de la rentr\u00e9e de septembre 2025, des auteurs et autrices viendront en <strong>s\u00e9ances de d\u00e9dicaces<\/strong>.<\/p>\n<p>Les Dryades R\u00eaveuses<br \/>41 rue des Godrans, dans la cour, Dijon<br \/>Horaires : de 10h30 \u00e0 13h et de 14h \u00e0 19h le mardi, mercredi, vendredi et samedi et de 14h \u00e0 19h le jeudi.<\/p>\n<p class=\" wall-content\">Suivez toute l\u2019actualit\u00e9 de vos villes et m\u00e9dias favoris en vous inscrivant \u00e0 <a href=\"https:\/\/moncompte.actu.fr\" title=\"D\u00e9couvez Mon Actu\" rel=\"nofollow noopener\" data-trk=\"{&quot;cta&quot;:{&quot;action&quot;:&quot;https:\\\/\\\/moncompte.actu.fr&quot;,&quot;category&quot;:&quot;mon compte&quot;,&quot;from&quot;:&quot;article footer&quot;,&quot;name&quot;:&quot;Mon actu&quot;,&quot;type&quot;:&quot;cta&quot;}}\" target=\"_blank\">Mon Actu<\/a>.<\/p>\n<ul class=\"ac-article-tag wall-content\">\n<li><a href=\"https:\/\/actu.fr\/tag\/livres\" data-trk=\"{&quot;cta&quot;:{&quot;action&quot;:&quot;Livres&quot;,&quot;category&quot;:&quot;tag&quot;,&quot;from&quot;:&quot;article footer&quot;,&quot;name&quot;:&quot;Livres&quot;,&quot;type&quot;:&quot;cta&quot;}}\" target=\"_blank\" rel=\"noopener\">#Livres<\/a><\/li>\n<li><a href=\"https:\/\/actu.fr\/tag\/nouveaux-commerces\" data-trk=\"{&quot;cta&quot;:{&quot;action&quot;:&quot;Nouveaux commerces&quot;,&quot;category&quot;:&quot;tag&quot;,&quot;from&quot;:&quot;article footer&quot;,&quot;name&quot;:&quot;Nouveaux commerces&quot;,&quot;type&quot;:&quot;cta&quot;}}\" target=\"_blank\" rel=\"noopener\">#Nouveaux commerces<\/a><\/li>\n<\/ul>\n<p>                    <script async src=\"\/\/www.instagram.com\/embed.js\"><\/script><\/p>\n","protected":false},"excerpt":{"rendered":"Par Emma Ressegaire Publi\u00e9 le 29 juil. 2025 \u00e0 21h46 Port\u00e9es par un engouement croissant autour de la&hellip;\n","protected":false},"author":2,"featured_media":282702,"comment_status":"","ping_status":"","sticky":false,"template":"","format":"standard","meta":{"footnotes":""},"categories":[1357],"tags":[1379,58,59,1011,27,1380,3147,104],"class_list":{"0":"post-282701","1":"post","2":"type-post","3":"status-publish","4":"format-standard","5":"has-post-thumbnail","7":"category-livres","8":"tag-books","9":"tag-divertissement","10":"tag-entertainment","11":"tag-fr","12":"tag-france","13":"tag-livres","14":"tag-nouveaux-commerces","15":"tag-societe"},"share_on_mastodon":{"url":"https:\/\/pubeurope.com\/@fr\/114938393762869883","error":""},"_links":{"self":[{"href":"https:\/\/www.europesays.com\/fr\/wp-json\/wp\/v2\/posts\/282701","targetHints":{"allow":["GET"]}}],"collection":[{"href":"https:\/\/www.europesays.com\/fr\/wp-json\/wp\/v2\/posts"}],"about":[{"href":"https:\/\/www.europesays.com\/fr\/wp-json\/wp\/v2\/types\/post"}],"author":[{"embeddable":true,"href":"https:\/\/www.europesays.com\/fr\/wp-json\/wp\/v2\/users\/2"}],"replies":[{"embeddable":true,"href":"https:\/\/www.europesays.com\/fr\/wp-json\/wp\/v2\/comments?post=282701"}],"version-history":[{"count":0,"href":"https:\/\/www.europesays.com\/fr\/wp-json\/wp\/v2\/posts\/282701\/revisions"}],"wp:featuredmedia":[{"embeddable":true,"href":"https:\/\/www.europesays.com\/fr\/wp-json\/wp\/v2\/media\/282702"}],"wp:attachment":[{"href":"https:\/\/www.europesays.com\/fr\/wp-json\/wp\/v2\/media?parent=282701"}],"wp:term":[{"taxonomy":"category","embeddable":true,"href":"https:\/\/www.europesays.com\/fr\/wp-json\/wp\/v2\/categories?post=282701"},{"taxonomy":"post_tag","embeddable":true,"href":"https:\/\/www.europesays.com\/fr\/wp-json\/wp\/v2\/tags?post=282701"}],"curies":[{"name":"wp","href":"https:\/\/api.w.org\/{rel}","templated":true}]}}