{"id":282709,"date":"2025-07-29T20:27:14","date_gmt":"2025-07-29T20:27:14","guid":{"rendered":"https:\/\/www.europesays.com\/fr\/282709\/"},"modified":"2025-07-29T20:27:14","modified_gmt":"2025-07-29T20:27:14","slug":"cancer-du-foie-le-nombre-de-cas-pourrait-doubler-dici-2050-alors-que-la-plupart-sont-evitables","status":"publish","type":"post","link":"https:\/\/www.europesays.com\/fr\/282709\/","title":{"rendered":"Cancer du foie\u00a0: le nombre de cas pourrait doubler d\u2019ici 2050, alors que la plupart sont \u00e9vitables"},"content":{"rendered":"<p class=\"paragraph text_align_left lp-f-body-02\">\u00ab Un besoin urgent d\u2019action mondiale. \u00bb Dans une \u00e9tude publi\u00e9e lundi 28 juillet <a href=\"https:\/\/www.thelancet.com\/journals\/lancet\/article\/PIIS0140-6736(25)01042-6\/abstract\" target=\"_blank\" rel=\"noreferrer nofollow noopener\">dans la revue m\u00e9dicale The Lancet<\/a>, plusieurs experts internationaux alertent sur l\u2019augmentation des cas de cancer du foie au niveau mondial.<\/p>\n<p class=\"paragraph text_align_left lp-f-body-02\">En 2022, l\u2019Observatoire mondial du cancer en recensait 866 000 cas, ce qui fait de ce cancer le 6e le plus fr\u00e9quent. D\u2019ici 25 ans, ce nombre pourrait atteindre 1,52 million par an, soit presque le double. En 2022, le <a href=\"https:\/\/news.un.org\/fr\/story\/2022\/10\/1128607\" target=\"_blank\" rel=\"noreferrer nofollow noopener\">Centre international de recherche sur le cancer<\/a> alertait d\u00e9j\u00e0 sur cette augmentation.<\/p>\n<p class=\"paragraph text_align_left lp-f-body-02\">Huit sur dix sont des carcinomes h\u00e9patocellulaires, une forme particuli\u00e8rement pr\u00e9sente en Asie de l\u2019Est, Afrique du Nord et Asie du Sud-Est. La publication du \u00ab Lancet \u00bb \u00e9mane d\u2019une commission sp\u00e9cialement d\u00e9di\u00e9e \u00e0 ces formes.<\/p>\n<p>Des cancers \u00e9vitables gr\u00e2ce \u00e0 la vaccination<\/p>\n<p class=\"paragraph text_align_left lp-f-body-02\">Une cinquantaine de chercheurs de six pays, dont la France, a pass\u00e9 au crible les \u00e9tudes et donn\u00e9es disponibles afin de proposer des recommandations. Ils appellent ainsi \u00e0 des efforts globaux pour lutter contre ces cancers, \u00e0 60 % dus \u00e0 des facteurs \u00e9vitables.<\/p>\n<p class=\"paragraph text_align_left lp-f-body-02\">Au premier titre, on trouve les <a href=\"https:\/\/www.leparisien.fr\/societe\/sante\/les-virus-de-lhepatite-font-encore-3-500-morts-par-jour-dans-le-monde-09-04-2024-BBMQJCJVKZC55ER7T6MCTZUJQI.php\" target=\"_blank\" rel=\"noreferrer nofollow noopener\">h\u00e9patites virales<\/a>. L\u2019h\u00e9patite B compte pour 39 % des cas de cancer du foie aujourd\u2019hui, et l\u2019h\u00e9patite C pour 29,1 %. Contre ces maladies, la vaccination demeure le moyen de pr\u00e9vention le plus efficace. En France, le vaccin contre cette infection, notamment transmise par le sang ou les rapports sexuels, est obligatoire depuis 2018 chez les nouveau-n\u00e9s.<\/p>\n<p class=\"paragraph text_align_left lp-f-body-02\">Au niveau mondial, la couverture vaccinale \u00e9tait estim\u00e9e \u00e0 84 % par <a href=\"https:\/\/www.who.int\/fr\/news-room\/fact-sheets\/detail\/immunization-coverage#:~:text=La%20couverture%20mondiale%20par%20trois,24%20heures%20suivant%20la%20naissance.\" target=\"_self\" rel=\"nofollow noopener\">l\u2019OMS en 2024<\/a>. En revanche \u00ab la couverture reste faible en Afrique et dans les r\u00e9gions aux ressources faibles \u00bb en raison de son \u00ab co\u00fbt, des <a href=\"https:\/\/www.leparisien.fr\/societe\/sante\/les-craintes-sur-le-covid-setendent-aux-autres-vaccins-sinquietent-les-medecins-10-05-2021-QP3PYRSEJNAHFDQHGZQSCAD544.php\" target=\"_blank\" rel=\"noreferrer nofollow noopener\">r\u00e9ticences \u00e0 se faire vacciner<\/a> et de la m\u00e9connaissance de son efficacit\u00e9 \u00bb et faute d\u2019obligation vaccinale, dit l\u2019\u00e9tude.<\/p>\n<p class=\"paragraph text_align_left lp-f-body-02\">Arrivent ensuite la consommation d\u2019alcool et la st\u00e9atose h\u00e9patique. Aussi appel\u00e9e <a href=\"https:\/\/www.leparisien.fr\/societe\/sante\/sante-les-ravages-de-la-maladie-du-soda-10-03-2017-6749529.php\" target=\"_blank\" rel=\"noreferrer nofollow noopener\">\u00ab foie gras non alcoolique \u00bb<\/a>, cette pathologie est notamment associ\u00e9e \u00e0 l\u2019ob\u00e9sit\u00e9 et au diab\u00e8te de type 2.<\/p>\n<p class=\"paragraph text_align_left lp-f-body-02\">Pour limiter la progression du nombre de cancers du foie, la Commission a fait 10 propositions aux gouvernements. Parmi elles, l\u2019intensification des efforts de vaccination, un prix minimum par unit\u00e9 d\u2019alcool et des campagnes de pr\u00e9vention. Ainsi, ils esp\u00e8rent \u00e9viter entre 7,7 et 15,1 millions de morts d\u2019ici 2050.<\/p>\n","protected":false},"excerpt":{"rendered":"\u00ab Un besoin urgent d\u2019action mondiale. \u00bb Dans une \u00e9tude publi\u00e9e lundi 28 juillet dans la revue m\u00e9dicale&hellip;\n","protected":false},"author":2,"featured_media":282710,"comment_status":"","ping_status":"","sticky":false,"template":"","format":"standard","meta":{"footnotes":""},"categories":[10],"tags":[1011,27,72,71,104],"class_list":{"0":"post-282709","1":"post","2":"type-post","3":"status-publish","4":"format-standard","5":"has-post-thumbnail","7":"category-sante","8":"tag-fr","9":"tag-france","10":"tag-health","11":"tag-sante","12":"tag-societe"},"share_on_mastodon":{"url":"https:\/\/pubeurope.com\/@fr\/114938409319916942","error":""},"_links":{"self":[{"href":"https:\/\/www.europesays.com\/fr\/wp-json\/wp\/v2\/posts\/282709","targetHints":{"allow":["GET"]}}],"collection":[{"href":"https:\/\/www.europesays.com\/fr\/wp-json\/wp\/v2\/posts"}],"about":[{"href":"https:\/\/www.europesays.com\/fr\/wp-json\/wp\/v2\/types\/post"}],"author":[{"embeddable":true,"href":"https:\/\/www.europesays.com\/fr\/wp-json\/wp\/v2\/users\/2"}],"replies":[{"embeddable":true,"href":"https:\/\/www.europesays.com\/fr\/wp-json\/wp\/v2\/comments?post=282709"}],"version-history":[{"count":0,"href":"https:\/\/www.europesays.com\/fr\/wp-json\/wp\/v2\/posts\/282709\/revisions"}],"wp:featuredmedia":[{"embeddable":true,"href":"https:\/\/www.europesays.com\/fr\/wp-json\/wp\/v2\/media\/282710"}],"wp:attachment":[{"href":"https:\/\/www.europesays.com\/fr\/wp-json\/wp\/v2\/media?parent=282709"}],"wp:term":[{"taxonomy":"category","embeddable":true,"href":"https:\/\/www.europesays.com\/fr\/wp-json\/wp\/v2\/categories?post=282709"},{"taxonomy":"post_tag","embeddable":true,"href":"https:\/\/www.europesays.com\/fr\/wp-json\/wp\/v2\/tags?post=282709"}],"curies":[{"name":"wp","href":"https:\/\/api.w.org\/{rel}","templated":true}]}}