{"id":282744,"date":"2025-07-29T20:50:47","date_gmt":"2025-07-29T20:50:47","guid":{"rendered":"https:\/\/www.europesays.com\/fr\/282744\/"},"modified":"2025-07-29T20:50:47","modified_gmt":"2025-07-29T20:50:47","slug":"apres-avoir-inhale-du-protoxyde-dazote-il-sen-prend-a-un-commerce-dans-le-centre-de-rennes","status":"publish","type":"post","link":"https:\/\/www.europesays.com\/fr\/282744\/","title":{"rendered":"Apr\u00e8s avoir inhal\u00e9 du protoxyde d\u2019azote, il s\u2019en prend \u00e0 un commerce dans le centre de Rennes"},"content":{"rendered":"<tr wp_automatic_readability=\"6.8734939759036\">\n<td valign=\"middle\" align=\"center\" class=\"col-logo\" wp_automatic_readability=\"5\">\n    <img decoding=\"async\" src=\"https:\/\/maville.com\/design\/images\/logo-of-monetise.svg?version=20130627\" alt=\"logo Ouest-France\" height=\"66\"\/><\/p>\n<p>Contenu r\u00e9serv\u00e9 aux abonn\u00e9s<\/p>\n<\/td>\n<td class=\"col-titre\">\n\t\t\tDimanche 27 juillet 2025 18:55<br \/>\n\t\t\t<a class=\"icon-bulle sizeL count\" href=\"#ancreAvis\"><br \/>\n\t&#8230;<br \/>\n<\/a><\/td>\n<\/tr>\n<p>\t\t<a class=\"mavillebox2 elmt-photo\" href=\"https:\/\/maville.com\/photosmvi\/2025\/07\/27\/P35377546D6915571G.jpg\" title=\" Un jeune homme de 23\u00a0ans a \u00e9t\u00e9 interpell\u00e9 par la police apr\u00e8s s\u2019en \u00eatre pris \u00e0 un commerce, dans le centre-ville de Rennes.  \u00a9  Google Maps  &lt;!--TAG-BLC credit--&gt;\" rel=\"galerie_actu noopener\" target=\"_blank\"><br \/>\n\t<img decoding=\"async\" src=\"https:\/\/www.europesays.com\/fr\/wp-content\/uploads\/2025\/07\/P35377546D6915571G_crop_640-330_.jpg\" alt=\"photo  un jeune homme de 23\u00a0ans a \u00e9t\u00e9 interpell\u00e9 par la police apr\u00e8s s\u2019en \u00eatre pris \u00e0 un commerce, dans le centre-ville de rennes.  \u00a9  google maps \"\/><br \/>\n\t1<br \/>\n<\/a><\/p>\n<p class=\"elmt-legende\"> Un jeune homme de 23\u00a0ans a \u00e9t\u00e9 interpell\u00e9 par la police apr\u00e8s s\u2019en \u00eatre pris \u00e0 un commerce, dans le centre-ville de Rennes.  \u00a9  Google Maps  <\/p>\n<p>\t\tUn jeune rennais de 23\u00a0ans qui inhalait du protoxyde d\u2019azote, a \u00e9t\u00e9 interpell\u00e9 par les forces de l\u2019ordre dans le centre-ville de Rennes (Ille-et-Vilaine), vendredi 25\u00a0juillet 2025. Il avait lanc\u00e9 une de ses bonbonnes sur la vitrine d\u2019une boutique de la rue d\u2019Isly, agac\u00e9 d\u2019une r\u00e9flexion d\u2019un commer\u00e7ant.<\/p>\n<p><b>Cet article est r\u00e9serv\u00e9 aux abonn\u00e9s<\/b><\/p>\n<p>Pour un acc\u00e8s imm\u00e9diat, abonnez-vous<\/p>\n<p><b>1\u00e8re semaine offerte<\/b><\/p>\n<p>\t\tOuest-France<\/p>\n<p>Retrouvez d&rsquo;autres actus sur la commune de :<\/p>\n<p>\t\t&#13;<\/p>\n","protected":false},"excerpt":{"rendered":"Contenu r\u00e9serv\u00e9 aux abonn\u00e9s Dimanche 27 juillet 2025 18:55 &#8230; 1 Un jeune homme de 23\u00a0ans a \u00e9t\u00e9&hellip;\n","protected":false},"author":2,"featured_media":282745,"comment_status":"","ping_status":"","sticky":false,"template":"","format":"standard","meta":{"footnotes":""},"categories":[2821],"tags":[1111,11,42188,829,3335,215,1777,674,1011,27,42186,12,6020,42187,584,25],"class_list":{"0":"post-282744","1":"post","2":"type-post","3":"status-publish","4":"format-standard","5":"has-post-thumbnail","7":"category-rennes","8":"tag-actu","9":"tag-actualites","10":"tag-azote","11":"tag-bretagne","12":"tag-centre","13":"tag-commerce","14":"tag-eu","15":"tag-europe","16":"tag-fr","17":"tag-france","18":"tag-inhale","19":"tag-news","20":"tag-prend","21":"tag-protoxyde","22":"tag-rennes","23":"tag-republique-francaise"},"share_on_mastodon":{"url":"https:\/\/pubeurope.com\/@fr\/114938504298701472","error":""},"_links":{"self":[{"href":"https:\/\/www.europesays.com\/fr\/wp-json\/wp\/v2\/posts\/282744","targetHints":{"allow":["GET"]}}],"collection":[{"href":"https:\/\/www.europesays.com\/fr\/wp-json\/wp\/v2\/posts"}],"about":[{"href":"https:\/\/www.europesays.com\/fr\/wp-json\/wp\/v2\/types\/post"}],"author":[{"embeddable":true,"href":"https:\/\/www.europesays.com\/fr\/wp-json\/wp\/v2\/users\/2"}],"replies":[{"embeddable":true,"href":"https:\/\/www.europesays.com\/fr\/wp-json\/wp\/v2\/comments?post=282744"}],"version-history":[{"count":0,"href":"https:\/\/www.europesays.com\/fr\/wp-json\/wp\/v2\/posts\/282744\/revisions"}],"wp:featuredmedia":[{"embeddable":true,"href":"https:\/\/www.europesays.com\/fr\/wp-json\/wp\/v2\/media\/282745"}],"wp:attachment":[{"href":"https:\/\/www.europesays.com\/fr\/wp-json\/wp\/v2\/media?parent=282744"}],"wp:term":[{"taxonomy":"category","embeddable":true,"href":"https:\/\/www.europesays.com\/fr\/wp-json\/wp\/v2\/categories?post=282744"},{"taxonomy":"post_tag","embeddable":true,"href":"https:\/\/www.europesays.com\/fr\/wp-json\/wp\/v2\/tags?post=282744"}],"curies":[{"name":"wp","href":"https:\/\/api.w.org\/{rel}","templated":true}]}}