{"id":282747,"date":"2025-07-29T20:52:40","date_gmt":"2025-07-29T20:52:40","guid":{"rendered":"https:\/\/www.europesays.com\/fr\/282747\/"},"modified":"2025-07-29T20:52:40","modified_gmt":"2025-07-29T20:52:40","slug":"12-idees-de-sorties-familiales-pour-sevader-sans-quitter-strasbourg","status":"publish","type":"post","link":"https:\/\/www.europesays.com\/fr\/282747\/","title":{"rendered":"12 id\u00e9es de sorties familiales pour s\u2019\u00e9vader sans quitter Strasbourg"},"content":{"rendered":"<p><b>Si elles ravissent les enfants, elles peuvent aussi tracasser les parents : les vacances d\u2019\u00e9t\u00e9. Occuper la jeunesse demande parfois de redoubler d\u2019inventivit\u00e9, d\u2019autant plus quand on habite en ville. Alors pour s\u2019\u00e9vader ou r\u00eaver depuis Strasbourg, voil\u00e0 quelques sorties culturelles \u00e0 faire en famille. Th\u00e9\u00e2tre de rue, en salle, lectures de contes en plein air, spectacles ou cin\u00e9\u2026 Y a de quoi faire.<\/b><\/p>\n<p>Spectacles en salle, lectures dehors et festivals<\/p>\n<p>Les spectacles du Kiosque en musique au parc du Contades<\/p>\n<p>Depuis plusieurs mois,<b> le parc du Contades s\u2019anime gr\u00e2ce \u00e0 son Kiosque en musique<\/b>. Concerts en juin, puis <b>spectacles jeune public \u2013 et gratuits \u2013 tous les mercredis depuis juillet<\/b>. Et voil\u00e0 d\u00e9j\u00e0 venir les deux derni\u00e8res repr\u00e9sentations.<\/p>\n<p><b>Le 30 juillet<\/b>, la Cie Les Zanimos pr\u00e9sentera <b>Pas si b\u00ea\u00eates<\/b>\u00a0: un spectacle de marionnettes autour de moutons, d\u00e8s 4 ans\u00a0; tandis que la Cie Le Son du Bruit se produira <b>le 6 ao\u00fbt<\/b>, avec <b>iTo au pays des sons<\/b>, \u00ab\u00a0un jardin musical\u00a0\u00bb d\u00e8s 3 ans, pour conclure cette belle saison estivale.<\/p>\n<p align=\"CENTER\"><b>Quand et o\u00f9\u00a0?<br \/><\/b>Les mercredis 30 juillet et 6 ao\u00fbt \u00e0 15h30 et \u00e0 17h<br \/>Au parc du Contades<br \/><a href=\"https:\/\/ete.strasbourg.eu\/kiosque-en-musique\" target=\"_blank\" rel=\"noopener\">+ d\u2019infos<\/a><\/p>\n<p>    <img width=\"800\" height=\"600\" src=\"https:\/\/www.europesays.com\/fr\/wp-content\/uploads\/2025\/07\/kiosque-en-musique.jpg\" class=\"attachment-image-size-L size-image-size-L\" alt=\"kiosque en musique\" decoding=\"async\" loading=\"lazy\"  \/>         \u00a9 Coraline Lafon \/ Pokaa <\/p>\n<p>\u00ab\u00a0Un \u00e9t\u00e9 au TAPS\u00a0\u00bb<\/p>\n<p>Nous te l\u2019annoncions d\u00e9j\u00e0 dans l\u2019un des derniers agendas\u00a0: <b>le TAPS<\/b> \u2013 Scala et Gare \u2013 (le Th\u00e9\u00e2tre de la Ville de Strasbourg) prolonge sa saison, pour le plus grand bonheur des familles. Avec <b>\u00ab\u00a0Un \u00e9t\u00e9 au TAPS\u00a0\u00bb<\/b>, il propose <b>jusqu\u2019au 8 ao\u00fbt des spectacles jeune public<\/b> pour patienter jusqu\u2019\u00e0 la rentr\u00e9e.<\/p>\n<p>Et si on dit que les chats ne font pas des chiens, il s\u2019agit justement l\u00e0 du point de d\u00e9part de <b>Flix<\/b> (Cie Les Anges Nus), une <b>fable anti-raciste<\/b> tenant dans \u00ab\u00a0un univers fait d\u2019objets incongrus\u00a0\u00bb. Quant au <b>tr\u00e8s animalier <\/b><b>Poil de la B\u00eate<\/b> (Cie des Plum\u00e9s Production), il nous invitera dans \u00ab\u00a0<b>un monde o\u00f9 les animaux ont la part belle<\/b> et o\u00f9 se c\u00f4toient la tendresse, l\u2019inqui\u00e9tude et le rire \u00bb.<\/p>\n<p>                <img width=\"755\" height=\"500\" src=\"https:\/\/www.europesays.com\/fr\/wp-content\/uploads\/2025\/07\/mathieu-pelletier-flix-755x500.jpg\" class=\"attachment-gallery size-gallery\" alt=\"FLIX\" data-full-url=\"https:\/\/pokaa.fr\/wp-content\/uploads\/2025\/07\/25\/mathieu-pelletier-flix.jpg\" decoding=\"async\" loading=\"lazy\"  \/>            <\/p>\n<p>                <img width=\"755\" height=\"500\" src=\"https:\/\/www.europesays.com\/fr\/wp-content\/uploads\/2025\/07\/mathieu-pelletier-flix-2-755x500.jpg\" class=\"attachment-gallery size-gallery\" alt=\"flix\" data-full-url=\"https:\/\/pokaa.fr\/wp-content\/uploads\/2025\/07\/25\/mathieu-pelletier-flix-2.jpg\" decoding=\"async\" loading=\"lazy\"  \/>            <\/p>\n<p>                    \u00ab Flix \u00bb (Cie Les Anges Nus). \u00a9 Mathieu Pelletier \/ Documents remis<\/p>\n<p>Mais on y apprendra aussi <b>Comment attraper une \u00e9toile<\/b> (Cie Comme une \u00e9tincelle) ou \u00ab\u00a0l\u2019histoire de la Pr\u00e9histoire \u00e0 nos jours en sons et en mouvements\u00a0\u00bb avec <b>Tierra Urbana<\/b> (Cie Le Son du Bruit) ; avant de se laisser voguer sur <b>m\u025b\u0281<\/b> (un spectacle sensoriel par la Cie Sous le sabot d\u2019un cheval).<\/p>\n<p><strong>Des instants de douceur, pour faire d\u00e9couvrir le th\u00e9\u00e2tre aux enfants.<\/strong><\/p>\n<p align=\"CENTER\"><b>Quand et o\u00f9\u00a0?<br \/><\/b>Jusqu\u2019au 8 ao\u00fbt<br \/>Au TAPS (Scala et Gare)<br \/><a href=\"https:\/\/taps.strasbourg.eu\/spectacles\/\" target=\"_blank\" rel=\"noopener\">+ d\u2019infos<\/a><\/p>\n<p>    <img width=\"430\" height=\"600\" src=\"https:\/\/www.europesays.com\/fr\/wp-content\/uploads\/2025\/07\/poil093danielmichelon-430x600.jpg\" class=\"attachment-image-size-M size-image-size-M\" alt=\"poil de la b\u00eate\" decoding=\"async\" loading=\"lazy\"  \/>         \u00ab Poil de la B\u00eate\u00a0\u00bb (Cie des Plum\u00e9s Production). \u00a9 Daniel Michelon \/ Document remis <\/p>\n<p>Sorties de r\u00e9sidences au Point d&rsquo;Eau (Ostwald)<\/p>\n<p>Bon plan estival, du c\u00f4t\u00e9 du <b>Point d\u2019Eau (\u00e0 Ostwald)\u00a0:<\/b> <b>les spectacles gratuits de sorties de r\u00e9sidence<\/b>.<\/p>\n<p>Tout d\u2019abord, celui de <b>la Cie Chinook, en cr\u00e9ation du spectacle <\/b><b>Strombozor <\/b><b>(le vendredi 8 ao\u00fbt)<\/b>. <b>Du cirque<\/b> (d\u00e8s 5 ans), o\u00f9 \u00ab le m\u00e2t chinois et le tissu deviennent terrain d\u2019\u00e9motion, de complicit\u00e9, de vie. Un voyage a\u00e9rien, sensible et universel o\u00f9 l\u2019amiti\u00e9 s\u2019\u00e9l\u00e8ve, chute, persiste, et se r\u00e9invente \u00bb.<\/p>\n<p>Et enfin, <b>Fen\u00eatre<\/b><b> de la Cie Foehn, le vendredi 29 ao\u00fbt (d\u00e8s 4 ans)<\/b>. \u00ab Une invitation au voyage, d\u2019un village natal \u00e0 un Maroc merveilleux en passant par une for\u00eat de trolls et un d\u00e9sert qui rend fou \u00bb. Un spectacle qui m\u00eale \u00ab\u00a0techniques de <b>cirque<\/b>, manipulation d\u2019objets et r\u00e9tro-projection\u00a0\u00bb, pour cr\u00e9er <b>\u00ab\u00a0une po\u00e9sie du quotidien\u00a0\u00bb<\/b>.<\/p>\n<p align=\"CENTER\"><b>Quand et o\u00f9\u00a0?<\/b><br \/>Les vendredis 8 et 29 ao\u00fbt<br \/>Au Point d\u2019Eau \u00e0 Ostwald<br \/><a href=\"https:\/\/lepointdeau.com\/la-saison-2025-2026\/\" target=\"_blank\" rel=\"noopener\">+ d\u2019infos<\/a><\/p>\n<p>\u00ab\u00a0Les jeudis, c&rsquo;est sortie\u00a0\u00bb au 5e Lieu<\/p>\n<p>Dans le cadre de sa saison estivale (et familiale) <b>\u00ab\u00a0Les jeudis, c\u2019est sortie\u00a0\u00bb, Le 5e Lieu <\/b>\u2013 au pied de la cath\u00e9drale \u2013, pr\u00e9sente des concerts et des<b> spectacles gratuits<\/b>, un jeudi sur deux tout l\u2019\u00e9t\u00e9. Et pour le mois d\u2019ao\u00fbt, il en reste deux\u00a0!<\/p>\n<p><b>Le jeudi 7<\/b>, on prendra de la hauteur avec <b>Harpe suspendue et po\u00e9sie a\u00e9rienne<\/b> par la Cie Les A\u00e9ronotes\u00a0: un \u00ab\u00a0spectacle tout en douceur et d\u00e9licatesse m\u00ealant musique, danse a\u00e9rienne et th\u00e9\u00e2tre\u00a0\u00bb.<\/p>\n<p><b>Pour le 21<\/b>, s\u2019y pr\u00e9parera une autre tambouille avec <b>MixSoup<\/b><b> de la Cie OtandemO<\/b>. <b>\u00ab\u00a0Un tour du monde en 45 tours\u00a0\u00bb <\/b><b>loufoque<\/b>, o\u00f9 il s\u2019agira de \u00ab\u00a0p\u00e9dale[r] sur un v\u00e9lo-g\u00e9n\u00e9rateur [\u2026] pour rejouer une impressionnante collection de vinyles vintages\u00a0\u00bb.<\/p>\n<p align=\"CENTER\"><b>Quand et o\u00f9\u00a0?<br \/><\/b>Les jeudis 7 et 21 ao\u00fbt<br \/>Au 5e Lieu (cour), place du Ch\u00e2teau<br \/><a href=\"https:\/\/5elieu.strasbourg.eu\/programmation\/\" target=\"_blank\" rel=\"noopener\">+ d\u2019infos<\/a><\/p>\n<p>                <img width=\"500\" height=\"500\" src=\"https:\/\/www.europesays.com\/fr\/wp-content\/uploads\/2025\/07\/creditphoto-compagnieotandemo-500x500.jpg\" class=\"attachment-gallery size-gallery\" alt=\"otandemo\" data-full-url=\"https:\/\/pokaa.fr\/wp-content\/uploads\/2025\/07\/25\/creditphoto-compagnieotandemo.jpg\" decoding=\"async\" loading=\"lazy\"  \/>            <\/p>\n<p>                <img width=\"356\" height=\"500\" src=\"https:\/\/www.europesays.com\/fr\/wp-content\/uploads\/2025\/07\/didier-pallages-356x500.jpg\" class=\"attachment-gallery size-gallery\" alt=\"a\u00e9ronotes\" data-full-url=\"https:\/\/pokaa.fr\/wp-content\/uploads\/2025\/07\/25\/didier-pallages.jpg\" decoding=\"async\" loading=\"lazy\"  \/>            <\/p>\n<p>                    1. \u00ab MixSoup \u00bb. \u00a9 Compagnie OtandemO \/ Document remis ; 2. \u00ab Harpe suspendue et po\u00e9sie a\u00e9rienne \u00bb par la Cie Les A\u00e9ronotes. \u00a9 Didier Pallages \/ Document remis<\/p>\n<p>    <img width=\"800\" height=\"600\" src=\"https:\/\/www.europesays.com\/fr\/wp-content\/uploads\/2025\/07\/img-8851-3-grande-800x600.jpeg\" class=\"attachment-image-size-L size-image-size-L\" alt=\"5e Lieu\" decoding=\"async\" loading=\"lazy\"  \/>         Le 5e Lieu. \u00a9 Nicolas Kaspar \/ Pokaa <\/p>\n<p>\u00ab\u00a0Der Wald \/ La For\u00eat \/ The Forest\u00a0\u00bb au pied de la cath\u00e9drale<\/p>\n<p align=\"LEFT\">Non loin de l\u00e0 \u2013 et <a href=\"https:\/\/pokaa.fr\/2025\/07\/03\/strasbourg-des-demain-une-curieuse-foret-va-prendre-vie-au-pied-de-la-cathedrale\/\" target=\"_blank\" rel=\"noopener\">nous t\u2019en parlions d\u00e9j\u00e0<\/a> \u2013 toujours <b>au pied de la cath\u00e9drale se dresse jusqu\u2019au 31 ao\u00fbt Der Wald \/ La For\u00eat \/ The Forest<\/b>, une installation \u00e9ph\u00e9m\u00e8re qui prend la forme d\u2019<b>un parcours immersif sur le th\u00e8me de la for\u00eat<\/b>. \u00ab\u00a0Une invitation \u00e0 ralentir, \u00e0 se reconnecter, \u00e0 d\u00e9ambuler, \u00e0 s\u2019arr\u00eater.\u00a0\u00bb<\/p>\n<p align=\"LEFT\">Outre l\u2019installation, et l\u2019ombre qu\u2019elle offre, on y retrouve <b>quelques animations gratuites cet \u00e9t\u00e9\u00a0: les mercredis et dimanches en journ\u00e9e, et les vendredis et samedis, en soir\u00e9e<\/b>. De quoi se laisser surprendre, en famille.<\/p>\n<p align=\"CENTER\"><b>Quand et o\u00f9\u00a0?<br \/><\/b>Jusqu\u2019au 31 ao\u00fbt 2025<br \/>Place du Ch\u00e2teau<br \/><a href=\"https:\/\/www.strasbourg.eu\/evenement\/-\/entity\/id\/537181829\/der-wald-la-foret-the-forest\" target=\"_blank\" rel=\"noopener\">+ d\u2019infos<\/a><\/p>\n<p>    <img width=\"800\" height=\"600\" src=\"https:\/\/www.europesays.com\/fr\/wp-content\/uploads\/2025\/07\/img-9633-800x600.png\" class=\"attachment-image-size-L size-image-size-L\" alt=\"for\u00eat cath\u00e9drale immersive\" decoding=\"async\" loading=\"lazy\"  \/>         \u00a9 Anthony Jilli \/ Pokaa <\/p>\n<p>\u00ab\u00a0La Tourn\u00e9e culturelle des territoires\u00a0\u00bb dans les quartiers<\/p>\n<p>Il n\u2019y a pas que le centre-ville de Strasbourg qui s\u2019anime cet \u00e9t\u00e9 ! Preuve en est : \u00ab <b>La Tourn\u00e9e culturelle des territoires \u00bb<\/b>, qui prendra ses quartiers \u00e0 Hautepierre, Cronenbourg, Neudorf, Amp\u00e8re, Port-du-Rhin, Koenigshoffen, Laiterie, Neuhof, Poteries, Hohberg, Meinau, Cit\u00e9 de l\u2019Ill, Cit\u00e9 Spach, Port du Rhin, Esplanade, ainsi qu\u2019au centre-ville.<\/p>\n<p><strong><b>Une offre culturelle gratuite, jusqu\u2019au 30 ao\u00fbt<\/b><\/strong>, avec des \u00ab\u00a0cr\u00e9ations de fantastiques\u00a0\u00bb, des compagnies d\u2019arts de la rue, des contes, des marionnettes, de la musique et du th\u00e9\u00e2tre pour jeune public.<\/p>\n<p>On y d\u00e9couvrira, par exemple, <b>Le Cabaret d\u2019Azar <\/b><b>(une marionnette \u00e0 taille humaine \u00e0 la t\u00eate d\u2019un <\/b><b>\u00ab\u00a0petit monde forrain\u00a0\u00bb<\/b><b>, par Les Zanimos)<\/b>. Ou on se laissera porter par le son d\u2019<b>un violoncelle avec <\/b><b>Sur le fil<\/b> (de la Cie Les Imaginoires), ou au fil des pages avec Macao et Cosmage (La Soupe Compagnie) qui s\u2019inspire du <b>kamishiba\u00ef<\/b> (th\u00e9\u00e2tre de papier japonais) <b>et du livre pop-up<\/b>.<\/p>\n<p align=\"CENTER\"><b>Quand et o\u00f9\u00a0?<br \/><\/b>Jusqu\u2019au 30 ao\u00fbt<br \/>Dans les diff\u00e9rents quartiers de Strasbourg<br \/><a href=\"https:\/\/ete.strasbourg.eu\/programme-de-la-tournee-culturelle-des-territoires\" target=\"_blank\" rel=\"noopener\">+ d\u2019infos<\/a><\/p>\n<\/p>\n<p>\u00ab\u00a0FARSe\u00a0\u00bb\u00a0: Festival des arts de la rue de Strasbourg<\/p>\n<p>Impossible de parler de th\u00e9\u00e2tre en \u00e9t\u00e9, sans mentionner <b>le FARSe<\/b>, \u00e9videmment\u00a0! Et celui-ci f\u00eate un bel anniversaire\u00a0: <b>ses 10 ans<\/b> \u2013 un dixi\u00e8me de \u00ab\u00a0jubil\u00e9\u00a0\u00bb\u2026 Ou plut\u00f4t\u00a0: \u00ab\u00a0JUBILER\u00a0\u00bb, le th\u00e8me de l\u2019\u00e9dition 2025.<\/p>\n<p>C\u2019est donc encore avec toute sa malice que le Festival des arts de la rue de Strasbourg reviendra <b>du 29 au 31 ao\u00fbt<\/b>. Dans les rues de la ville\u00a0: <b>50 spectacles gratuits, accessibles aux grand(e)s comme aux petit(e)<\/b>s, avec du th\u00e9\u00e2tre, de la danse, du cirque, de la musique, des arts visuels et performatifs, \u00ab\u00a0et quelques nouveaut\u00e9s\u00a0\u00bb, nous dit-on.<\/p>\n<p>Une \u00ab\u00a0f\u00eate collective\u00a0\u00bb qui rassemblera des compagnies r\u00e9gionales (La Chose Publique), nationales (Notre Insouciance) et europ\u00e9ennes (comme La Horde dans les Pav\u00e9s, de Suisse). Pr\u00e9parez-vous \u00e0 trotter en famille dans toute la ville\u00a0!<\/p>\n<p align=\"CENTER\"><b>Quand et o\u00f9\u00a0?<br \/><\/b>Du 29 au 31 ao\u00fbt<br \/>\u00c0 Strasbourg<strong><br \/><\/strong><a href=\"https:\/\/ete.strasbourg.eu\/farse-fete-ses-10ans\" target=\"_blank\" rel=\"noopener\">+ d\u2019infos<\/a><\/p>\n<p>                <img width=\"333\" height=\"500\" src=\"https:\/\/www.europesays.com\/fr\/wp-content\/uploads\/2025\/07\/dsc-1730-333x500.jpg\" class=\"attachment-gallery size-gallery\" alt=\"farse spectacle fly me to the moon leandre clown\" data-full-url=\"https:\/\/pokaa.fr\/wp-content\/uploads\/2024\/08\/26\/dsc-1730.jpg\" decoding=\"async\" loading=\"lazy\"  \/>            <\/p>\n<p>                <img width=\"333\" height=\"500\" src=\"https:\/\/www.europesays.com\/fr\/wp-content\/uploads\/2025\/07\/dsc-1983-2-333x500.jpg\" class=\"attachment-gallery size-gallery\" alt=\"farse spectacle masacrade marcel et ses droles de femmes trap\u00e8ze\" data-full-url=\"https:\/\/pokaa.fr\/wp-content\/uploads\/2024\/08\/26\/dsc-1983-2.jpg\" decoding=\"async\" loading=\"lazy\"  \/>            <\/p>\n<p>                <img width=\"750\" height=\"500\" src=\"https:\/\/www.europesays.com\/fr\/wp-content\/uploads\/2025\/07\/dsc-2148-2-750x500.jpg\" class=\"attachment-gallery size-gallery\" alt=\"farse spectacle la chienlit theatre\" data-full-url=\"https:\/\/pokaa.fr\/wp-content\/uploads\/2024\/08\/26\/dsc-2148-2.jpg\" decoding=\"async\" loading=\"lazy\"  \/>            <\/p>\n<p>                    FARSe 2024. \u00a9 Mathilde Cybulski \/ Pokaa<\/p>\n<p>\u00ab\u00a0Le Sauvage Festival\u00a0\u00bb \u00e0 La Grenze<\/p>\n<p>Et on dirait bien que le FARSe a son OFF, comme tous les grands festivals\u2026 En effet, en marge de la programmation officielle de la ville, <b>La Grenze a annonc\u00e9 Le Sauvage Festival, le vendredi 29 ao\u00fbt<\/b>. \u00ab\u00a0Une extravagance de la Cie Mademoiselle SAUVAGE\u00a0\u00bb, qui proposera <b>des spectacles jeune public en ext\u00e9rieur et en acc\u00e8s libre.<\/b><\/p>\n<p>On y rencontrera <b>Jocelyne Bouillon<\/b><b> <\/b>de la Cie Du Ciel entre les oiseaux (une vieille dame qui raconte ses aventures)\u00a0; on y entendra <b>Les Mythologies de poche<\/b> de la Cie Mademoiselle SAUVAGE (pour revoir les \u00ab\u00a0r\u00e9cits fondateurs\u00a0\u00bb)\u00a0; ou on y verra <b>Tel p\u00e8re, tel fils <\/b>de La Grosso Modo (un fils devenu lui-m\u00eame p\u00e8re qui rencontre \u00ab\u00a0une sir\u00e8ne, des platistes, et une soucoupe volante\u00a0\u00bb quand son propre fils se fait kidnapper), et bien d\u2019autres <b>propositions aussi courtes que curieuses<\/b>.<\/p>\n<p align=\"CENTER\"><b>Quand et o\u00f9\u00a0?<br \/><\/b>Vendredi 29 ao\u00fbt de 17h \u00e0 21h<br \/>\u00c0 la Grenze<br \/><a href=\"https:\/\/fb.me\/e\/62SWLIWxb\" target=\"_blank\" rel=\"noopener\">+ d\u2019infos<\/a><\/p>\n<p>    <img width=\"800\" height=\"533\" src=\"https:\/\/www.europesays.com\/fr\/wp-content\/uploads\/2025\/07\/lagrenze1-francoisfreundlich-800x533.jpg\" class=\"attachment-image-size-L size-image-size-L\" alt=\"La Grenze\" decoding=\"async\" loading=\"lazy\"  \/>         La Grenze. \u00a9 Fran\u00e7ois Freundlich \/ Document remis <\/p>\n<p>Lectures hors les murs avec les M\u00e9diath\u00e8ques<\/p>\n<p>Comme toute l\u2019ann\u00e9e, <b>les m<\/b><strong>\u00e9diath\u00e8ques<\/strong> d\u00e9ploient cet \u00e9t\u00e9 tout un tas d\u2019activit\u00e9s. Dans son programme ? De nombreuses <b>lectures hors les murs<\/b>. D\u2019abord avec sa tourn\u00e9e du <a href=\"https:\/\/pokaa.fr\/2024\/02\/11\/bibliobus-la-mediatheque-ambulante-qui-sillonne-strasbourg-et-ses-alentours\/\" target=\"_blank\" rel=\"noopener\"><b>Bibliobus<\/b><\/a>, une biblioth\u00e8que sur roues\u2026 Mais aussi<b> aux Docks d\u2019\u00e9t\u00e9<\/b>, les pieds dans le sable ou dans l\u2019herbe, <strong>dans diff\u00e9rents parcs. Sans compter <\/strong><b>des ateliers<\/b>, et<b> des expositions<\/b>.<\/p>\n<p>Un agenda culturel bien rempli pour les petit(e)s\u00a0!<\/p>\n<p align=\"CENTER\"><b>Quand et o\u00f9\u00a0?<br \/><\/b>Tout l\u2019\u00e9t\u00e9<br \/>Dans les m\u00e9diath\u00e8ques de la Ville et Eurom\u00e9tropole de Strasbourg<br \/><a href=\"https:\/\/www.mediatheques.strasbourg.eu\/agenda.aspx\" target=\"_blank\" rel=\"noopener\">+ d\u2019infos<\/a><\/p>\n<p>                <img width=\"667\" height=\"500\" src=\"https:\/\/www.europesays.com\/fr\/wp-content\/uploads\/2025\/07\/image00037-667x500.jpeg\" class=\"attachment-gallery size-gallery\" alt=\"Bibliobus M\u00e9diath\u00e8que de la ville de Strasbourg\" data-full-url=\"https:\/\/pokaa.fr\/wp-content\/uploads\/2024\/02\/07\/image00037.jpeg\" decoding=\"async\" loading=\"lazy\"  \/>            <\/p>\n<p>                <img width=\"667\" height=\"500\" src=\"https:\/\/www.europesays.com\/fr\/wp-content\/uploads\/2025\/07\/ete-presquile-malraux-lattitude-48-1.jpg\" class=\"attachment-gallery size-gallery\" alt=\"\u00e9t\u00e9 presqu\u2019ile malraux lattitude 48 (1)\" data-full-url=\"https:\/\/www.europesays.com\/fr\/wp-content\/uploads\/2025\/07\/ete-presquile-malraux-lattitude-48-1.jpg\" decoding=\"async\" loading=\"lazy\"  \/>            <\/p>\n<p>                    1. \u00a9 Bastien Pietronave \/ Pokaa ; 2. \u00a9 Coraline Lafon \/ Pokaa<\/p>\n<p>    <img width=\"800\" height=\"533\" src=\"https:\/\/www.europesays.com\/fr\/wp-content\/uploads\/2025\/07\/9-pendant-lenfance-800x533.jpg\" class=\"attachment-image-size-L size-image-size-L\" alt=\"lecture\" decoding=\"async\" loading=\"lazy\"  \/>         \u00a9 Ville de Strasbourg \/ Document remis <\/p>\n<p>Pour les jours de pluie\u00a0: sur grand \u00e9cran<br \/>\nLes spectacles du Plan\u00e9tarium<\/p>\n<p>Si <b>le Plan\u00e9tarium <\/b>projette <b>des films immersifs<\/b> tout au long de l\u2019ann\u00e9e, les horaires s\u2019adaptent \u00e0 la saison estivale.<\/p>\n<p>Ces prochaines semaines, <b>des spectacles (et des observations du ciel) sont \u00e0 retrouver du mardi au vendredi et jours f\u00e9ri\u00e9s, ou seulement les samedis et dimanches<\/b> (selon les animations).<\/p>\n<p>Et attachez-vous bien\u00a0: <b>d\u00e9collage imm\u00e9diat pour l\u2019espace <\/b>avec Noisettes, Le Ciel d\u2019\u00e9t\u00e9, GranPa &amp; Zo\u00e9 et \u00c0 la conqu\u00eate des ast\u00e9ro\u00efdes. Des propositions pour les enfants et m\u00eame pour les ados.<\/p>\n<p style=\"text-align: center;\"><b>Quand et o\u00f9 ?<br \/><\/b>Jusqu\u2019au 31 ao\u00fbt<br \/>Au Plan\u00e9tarium<br \/><a href=\"https:\/\/jardin-sciences.unistra.fr\/le-planetarium\/les-spectacles\/\" target=\"_blank\" rel=\"noopener\">+ d\u2019infos<\/a><\/p>\n<p>                <img width=\"888\" height=\"500\" src=\"https:\/\/www.europesays.com\/fr\/wp-content\/uploads\/2025\/07\/img-20230712-112923-888x500.jpg\" class=\"attachment-gallery size-gallery\" alt=\"Plan\u00e9tarium de Strasbourg\" data-full-url=\"https:\/\/pokaa.fr\/wp-content\/uploads\/2023\/07\/img-20230712-112923.jpg\" decoding=\"async\" loading=\"lazy\"  \/>            <\/p>\n<p>                <img width=\"750\" height=\"500\" src=\"https:\/\/www.europesays.com\/fr\/wp-content\/uploads\/2025\/07\/dsc-7204-750x500.jpg\" class=\"attachment-gallery size-gallery\" alt=\"Plan\u00e9tarium de Strasbourg\" data-full-url=\"https:\/\/pokaa.fr\/wp-content\/uploads\/2023\/07\/dsc-7204.jpg\" decoding=\"async\" loading=\"lazy\"  \/>            <\/p>\n<p>                    Le Plan\u00e9tarium. \u00a9 Marie Goehner-David \/ Pokaa<\/p>\n<p>\u00ab\u00a0Le cin\u00e9ma des enfants\u00a0\u00bb dans les cin\u00e9mas Star<\/p>\n<p>Si l\u2019on retrouve des films jeune public dans tous les cin\u00e9mas de la ville, certains programment quelques cycles particuliers cet \u00e9t\u00e9. C\u2019est le cas des <strong>cin\u00e9mas Star et Star Saint-Exup\u00e9ry<\/strong>, avec <b>\u00ab\u00a0le cin\u00e9ma des enfants\u00a0\u00bb<\/b> qui suit son cours.<\/p>\n<p>On notera ainsi <b>la \u00ab\u00a0Trilogie Hosoda\u00a0\u00bb<\/b> (jusqu\u2019au 30 juillet), le cycle <b>\u00ab\u00a0Contes et L\u00e9gendes\u00a0\u00bb<\/b> (d\u00e8s le 6 ao\u00fbt), ou \u00ab\u00a0En avant Aardman\u00a0\u00bb (d\u00e8s le 20, <b>avec <\/b><b>Wallace et Gromit\u00a0: Les inventuriers <\/b>ou<b> <\/b><b>Shaun le Mouton\u00a0: La ferme en folie<\/b>).<\/p>\n<p align=\"CENTER\"><strong>Quand et o\u00f9\u00a0?<br \/><\/strong>Tout l\u2019\u00e9t\u00e9<br \/>Dans les cin\u00e9mas Star et Star Saint-Exup\u00e9ry<br \/><a href=\"https:\/\/www.cinema-star.com\/jp-a-venir\/\" target=\"_blank\" rel=\"noopener\">+ d\u2019infos<\/a><\/p>\n<\/p>\n<p>\u00ab\u00a0Youpi c&rsquo;est les vacances\u00a0\u00bb au cin\u00e9ma Le Cosmos<\/p>\n<p>Il en va de m\u00eame avec <b>le cin\u00e9ma Le Cosmos <\/b>et <b>sa s\u00e9lection \u00ab\u00a0Youpi c\u2019est les vacances\u00a0!\u00a0\u00bb<\/b>. \u00c0 l\u2019affiche, <b>de grands classiques <\/b>comme Kiki la Petite Sorci\u00e8re (2004), Shaun le mouton (2015), et des nouveaut\u00e9s (Anzu, chat-fant\u00f4me de 2025).<\/p>\n<p>Ou encore<b> le programme de courts-m\u00e9trages <\/b><b>Jardins enchant\u00e9s<\/b>, pour faire fleurir les imaginaires, et s\u2019\u00e9vader depuis la salle magique du Cosmos. Qui a dit qu\u2019il fallait partir loin pour r\u00eaver grand\u00a0?<\/p>\n<p style=\"text-align: center;\"><b>Quand et o\u00f9\u00a0?<br \/><\/b>Tout l\u2019\u00e9t\u00e9<br \/>Au cin\u00e9ma Le Cosmos<br \/><a href=\"https:\/\/cinema-cosmos.eu\/agenda\/?_jeunes_publics=youpi-cest-les-vacances\" target=\"_blank\" rel=\"noopener\">+ d\u2019infos<\/a><\/p>\n<\/p>\n<p>    <img width=\"800\" height=\"533\" src=\"https:\/\/www.europesays.com\/fr\/wp-content\/uploads\/2025\/07\/cinemaodyssee.jpg\" class=\"attachment-image-size-L size-image-size-L\" alt=\"cin\u00e9maodyss\u00e9e\" decoding=\"async\" loading=\"lazy\"  \/>         Cin\u00e9ma Le Cosmos. \u00a9 Mathilde Piaud \/ Pokaa <\/p>\n","protected":false},"excerpt":{"rendered":"Si elles ravissent les enfants, elles peuvent aussi tracasser les parents : les vacances d\u2019\u00e9t\u00e9. Occuper la jeunesse&hellip;\n","protected":false},"author":2,"featured_media":282748,"comment_status":"","ping_status":"","sticky":false,"template":"","format":"standard","meta":{"footnotes":""},"categories":[2820],"tags":[1111,11,4763,650,251,847,2883,1777,674,652,849,1011,27,775,326,12,25,853,640,1347,42189,4064],"class_list":{"0":"post-282747","1":"post","2":"type-post","3":"status-publish","4":"format-standard","5":"has-post-thumbnail","7":"category-strasbourg","8":"tag-actu","9":"tag-actualites","10":"tag-agenda","11":"tag-cinema","12":"tag-culture","13":"tag-enfant","14":"tag-ete","15":"tag-eu","16":"tag-europe","17":"tag-famille","18":"tag-festival","19":"tag-fr","20":"tag-france","21":"tag-grand-est","22":"tag-gratuit","23":"tag-news","24":"tag-republique-francaise","25":"tag-spectacles","26":"tag-strasbourg","27":"tag-theatre","28":"tag-theatre-de-rue","29":"tag-week-end"},"share_on_mastodon":{"url":"https:\/\/pubeurope.com\/@fr\/114938508225920660","error":""},"_links":{"self":[{"href":"https:\/\/www.europesays.com\/fr\/wp-json\/wp\/v2\/posts\/282747","targetHints":{"allow":["GET"]}}],"collection":[{"href":"https:\/\/www.europesays.com\/fr\/wp-json\/wp\/v2\/posts"}],"about":[{"href":"https:\/\/www.europesays.com\/fr\/wp-json\/wp\/v2\/types\/post"}],"author":[{"embeddable":true,"href":"https:\/\/www.europesays.com\/fr\/wp-json\/wp\/v2\/users\/2"}],"replies":[{"embeddable":true,"href":"https:\/\/www.europesays.com\/fr\/wp-json\/wp\/v2\/comments?post=282747"}],"version-history":[{"count":0,"href":"https:\/\/www.europesays.com\/fr\/wp-json\/wp\/v2\/posts\/282747\/revisions"}],"wp:featuredmedia":[{"embeddable":true,"href":"https:\/\/www.europesays.com\/fr\/wp-json\/wp\/v2\/media\/282748"}],"wp:attachment":[{"href":"https:\/\/www.europesays.com\/fr\/wp-json\/wp\/v2\/media?parent=282747"}],"wp:term":[{"taxonomy":"category","embeddable":true,"href":"https:\/\/www.europesays.com\/fr\/wp-json\/wp\/v2\/categories?post=282747"},{"taxonomy":"post_tag","embeddable":true,"href":"https:\/\/www.europesays.com\/fr\/wp-json\/wp\/v2\/tags?post=282747"}],"curies":[{"name":"wp","href":"https:\/\/api.w.org\/{rel}","templated":true}]}}