{"id":282749,"date":"2025-07-29T20:53:27","date_gmt":"2025-07-29T20:53:27","guid":{"rendered":"https:\/\/www.europesays.com\/fr\/282749\/"},"modified":"2025-07-29T20:53:27","modified_gmt":"2025-07-29T20:53:27","slug":"des-vacances-pour-tous-a-bitche-avec-le-secours-populaire","status":"publish","type":"post","link":"https:\/\/www.europesays.com\/fr\/282749\/","title":{"rendered":"des vacances pour tous \u00e0 Bitche avec le Secours populaire"},"content":{"rendered":"<p>C\u2019est un son caract\u00e9ristique des vacances qui s\u2019est fait entendre, samedi 26\u00a0juillet, devant le Secours populaire \u00e0 la Meinau, \u00e0 Strasbourg\u00a0: celui des valises \u00e0 roulettes raclant le macadam\u00a0! Sous une pluie torrentielle, les familles entrent dans le car, tremp\u00e9es mais le sourire aux l\u00e8vres. Gr\u00e2ce \u00e0 l\u2019association et \u00e0 leur partenaire, <a href=\"https:\/\/www.ancv.com\/\" target=\"_blank\" rel=\"nofollow noopener\">l\u2019Association nationale des ch\u00e8ques-vacances<\/a> (ANCV), onze familles peuvent partir en vill\u00e9giature.<\/p>\n<p>  Du vert et du verre dans le pays de Bitche<\/p>\n<p>Avec son fils de 15 mois dans les bras, Halim est heureux de s\u2019\u00e9vader\u00a0: \u00ab\u00a0Apr\u00e8s une ann\u00e9e d\u2019\u00e9cole avec les enfants, il faut se reposer un peu. On a eu cette occasion et c\u2019est magnifique.\u00a0\u00bb Il part avec sa femme et ses quatre enfants. Une de ses filles, Hadil 8 ans, s\u2019exclame\u00a0: \u00ab\u00a0Ce sera trop bien\u00a0!\u00a0\u00bb C\u2019est la premi\u00e8re fois qu\u2019elle part avec toute sa famille.<\/p>\n<p>D\u2019apr\u00e8s une \u00e9tude de l\u2019observatoire national des in\u00e9galit\u00e9s publi\u00e9e en 2025, <a href=\"https:\/\/www.dna.fr\/economie\/2024\/08\/21\/oui-seulement-un-francais-sur-quatre-part-en-vacances-une-fois-par-an\" target=\"_blank\" rel=\"nofollow noopener\">40\u00a0% des Fran\u00e7ais ne partent pas en vacances<\/a>. Depuis quatre-vingts ans, <a href=\"https:\/\/www.dna.fr\/social\/2022\/07\/26\/en-vacances-avec-le-secours-populaire-j-etais-deprimee-la-je-revis\" target=\"_blank\" rel=\"nofollow noopener\">le Secours populaire finance des vacances pour les plus d\u00e9munis<\/a>.<\/p>\n<p>Cette ann\u00e9e, 40 Bas-Rhinois vont ainsi passer une semaine dans le Village vacances famille de Bitche, \u00e0 1\u00a0h\u00a030 de Strasbourg. Au programme\u00a0: randonn\u00e9es, natation et visite <a href=\"https:\/\/www.dna.fr\/culture-loisirs\/2022\/08\/03\/meisenthal-un-ecrin-pour-conter-l-histoire-du-verre\" target=\"_blank\" rel=\"nofollow noopener\">du site verrier de Meisenthal<\/a>. \u00ab\u00a0Ce n\u2019est pas tr\u00e8s loin mais c\u2019est d\u00e9paysant, c\u2019est la nature\u00a0\u00bb, d\u00e9taille St\u00e9phane, b\u00e9n\u00e9vole au Secours populaire. Cependant, \u00ab\u00a0les vacances ont un co\u00fbt\u00a0\u00bb, rel\u00e8ve Claude, b\u00e9n\u00e9vole elle aussi.<\/p>\n<p>\u00ab\u00a0Un don de 50\u00a0euros permet de payer une journ\u00e9e de vacances \u00e0 un enfant\u00a0\u00bb, glisse-t-elle. Le car s\u2019\u00e9broue, la pluie a cess\u00e9. Les vacances peuvent commencer.<\/p>\n","protected":false},"excerpt":{"rendered":"C\u2019est un son caract\u00e9ristique des vacances qui s\u2019est fait entendre, samedi 26\u00a0juillet, devant le Secours populaire \u00e0 la&hellip;\n","protected":false},"author":2,"featured_media":282750,"comment_status":"","ping_status":"","sticky":false,"template":"","format":"standard","meta":{"footnotes":""},"categories":[2820],"tags":[1111,11,2880,1777,674,107,1011,27,775,12,25,801,104,640,2879,1631],"class_list":{"0":"post-282749","1":"post","2":"type-post","3":"status-publish","4":"format-standard","5":"has-post-thumbnail","7":"category-strasbourg","8":"tag-actu","9":"tag-actualites","10":"tag-edition-strasbourg","11":"tag-eu","12":"tag-europe","13":"tag-fil-info","14":"tag-fr","15":"tag-france","16":"tag-grand-est","17":"tag-news","18":"tag-republique-francaise","19":"tag-social","20":"tag-societe","21":"tag-strasbourg","22":"tag-strasbourg-ville","23":"tag-vie-associative"},"share_on_mastodon":{"url":"https:\/\/pubeurope.com\/@fr\/114938511645639783","error":""},"_links":{"self":[{"href":"https:\/\/www.europesays.com\/fr\/wp-json\/wp\/v2\/posts\/282749","targetHints":{"allow":["GET"]}}],"collection":[{"href":"https:\/\/www.europesays.com\/fr\/wp-json\/wp\/v2\/posts"}],"about":[{"href":"https:\/\/www.europesays.com\/fr\/wp-json\/wp\/v2\/types\/post"}],"author":[{"embeddable":true,"href":"https:\/\/www.europesays.com\/fr\/wp-json\/wp\/v2\/users\/2"}],"replies":[{"embeddable":true,"href":"https:\/\/www.europesays.com\/fr\/wp-json\/wp\/v2\/comments?post=282749"}],"version-history":[{"count":0,"href":"https:\/\/www.europesays.com\/fr\/wp-json\/wp\/v2\/posts\/282749\/revisions"}],"wp:featuredmedia":[{"embeddable":true,"href":"https:\/\/www.europesays.com\/fr\/wp-json\/wp\/v2\/media\/282750"}],"wp:attachment":[{"href":"https:\/\/www.europesays.com\/fr\/wp-json\/wp\/v2\/media?parent=282749"}],"wp:term":[{"taxonomy":"category","embeddable":true,"href":"https:\/\/www.europesays.com\/fr\/wp-json\/wp\/v2\/categories?post=282749"},{"taxonomy":"post_tag","embeddable":true,"href":"https:\/\/www.europesays.com\/fr\/wp-json\/wp\/v2\/tags?post=282749"}],"curies":[{"name":"wp","href":"https:\/\/api.w.org\/{rel}","templated":true}]}}