{"id":282751,"date":"2025-07-29T20:54:13","date_gmt":"2025-07-29T20:54:13","guid":{"rendered":"https:\/\/www.europesays.com\/fr\/282751\/"},"modified":"2025-07-29T20:54:13","modified_gmt":"2025-07-29T20:54:13","slug":"a-nice-cet-hotel-du-centre-ville-tout-juste-rachete-va-changer-de-nom-et-de-look","status":"publish","type":"post","link":"https:\/\/www.europesays.com\/fr\/282751\/","title":{"rendered":"\u00e0 Nice, cet h\u00f4tel du centre-ville tout juste rachet\u00e9 va changer de nom et de look"},"content":{"rendered":"<p><strong>Le Mercure Nice Centre Notre-Dame change de propri\u00e9taire. D\u00e9sormais d\u00e9tenu par le fonds d\u2019investissement EXTENDAM, l\u2019h\u00f4tel sera largement remodel\u00e9. R\u00e9novation de chambres et renouvellement de l\u2019offre gastronomique sont au programme.<\/strong><\/p>\n<p>Gros changement de cap pour cet \u00e9tablissement chic \u00e0 deux pas de la Promenade des Anglais. Situ\u00e9 \u00e0 un emplacement strat\u00e9gique, en surplomb de la tr\u00e8s commer\u00e7ante avenue Jean M\u00e9decin, l\u2019h\u00f4tel Mercure Nice Centre Notre-Dame s\u2019appr\u00eate \u00e0 vivre une transformation. Ce quatre \u00e9toiles a chang\u00e9 il y a peu de propri\u00e9taire. <\/p>\n<p>Mi-juillet, Turenne H\u00f4tellerie a annonc\u00e9 la cession de cet \u00e9tablissement \u00e0 EXTENDAM, un fonds d\u2019investissement sp\u00e9cialis\u00e9 dans le domaine de l\u2019h\u00e9bergement. Dans cette op\u00e9ration, financ\u00e9e par La Banque Postale, la soci\u00e9t\u00e9 s\u2019est associ\u00e9e \u00e0 une cons\u0153ur, Amante Capital. EXTENDAM n\u2019est d\u2019ailleurs pas un nouveau venu dans la capitale maralpine, puisqu\u2019il a d\u00e9j\u00e0 \u0153uvr\u00e9 \u00e0 douze op\u00e9rations\u00a0de ce genre, dont neuf ont d\u00e9j\u00e0 \u00e9t\u00e9 revendues. <\/p>\n<p>Vers une identit\u00e9 \u00ab\u00a0lifestyle\u00a0\u00bb<\/p>\n<blockquote class=\"instagram-media\" data-instgrm-permalink=\"https:\/\/www.instagram.com\/p\/DA1EDTLIgra\/?utm_source=ig_embed&amp;utm_campaign=loading\" data-instgrm-version=\"14\" style=\" background:#FFF; border:0; border-radius:3px; box-shadow:0 0 1px 0 rgba(0,0,0,0.5),0 1px 10px 0 rgba(0,0,0,0.15); margin: 1px; max-width:540px; min-width:326px; padding:0; width:99.375%; width:-webkit-calc(100% - 2px); width:calc(100% - 2px);\"\/>\n<p>Pour cette maison, il affiche ses ambitions avec un imposant <a href=\"https:\/\/nicepresse.com\/un-vaste-hotel-du-pays-de-nice-rachete-par-un-grand-groupe-voici-ce-qui-est-prevu-pour-sa-nouvelle-vie\/\" rel=\"nofollow noopener\" target=\"_blank\">programme de r\u00e9novation<\/a> et de repositionnement. L\u2019id\u00e9e, en faire un site plus haut de gamme et lui conf\u00e9rer une identit\u00e9 davantage tourn\u00e9e vers le \u00ab\u00a0lifestyle\u00a0\u00bb, avec un d\u00e9cor proven\u00e7al.<\/p>\n<p>Les dirigeants de l\u2019entreprise bas\u00e9e \u00e0 Paris pr\u00e9voient de nombreux travaux, \u00e0 commencer par le r\u00e9am\u00e9nagement de 124 chambres et la cr\u00e9ation de 4 suites suppl\u00e9mentaires. Rappelons qu\u2019une part des pi\u00e8ces (75 sur 198) ont \u00e9t\u00e9 modernis\u00e9es en 2023. Ils comptent aussi revoir l\u2019offre bar et restauration, particuli\u00e8rement sur le rooftop.<\/p>\n<p>Le rooftop, l\u2019atout phare <\/p>\n<blockquote class=\"instagram-media\" data-instgrm-permalink=\"https:\/\/www.instagram.com\/p\/DHtDcaZI_9z\/?utm_source=ig_embed&amp;utm_campaign=loading\" data-instgrm-version=\"14\" style=\" background:#FFF; border:0; border-radius:3px; box-shadow:0 0 1px 0 rgba(0,0,0,0.5),0 1px 10px 0 rgba(0,0,0,0.15); margin: 1px; max-width:540px; min-width:326px; padding:0; width:99.375%; width:-webkit-calc(100% - 2px); width:calc(100% - 2px);\"\/>\n<p>Ce dernier a \u00e9t\u00e9 enti\u00e8rement repens\u00e9 il y a quelques ann\u00e9es. Il comprend \u00e0 pr\u00e9sent une piscine et un jacuzzi avec une vue panoramique sur la Baie des Anges. Pr\u00e9nomm\u00e9 \u00ab\u00a0Bella Ciela\u00a0\u00bb, il \u00ab\u00a0est tr\u00e8s actif avec des soir\u00e9es musicales et des animations r\u00e9guli\u00e8res, nous <a href=\"https:\/\/nicepresse.com\/la-securite-est-devenue-un-enjeu-quotidien-pour-les-hoteliers-le-directeur-du-mercure-nice-centre-a-nice-presse-dimanche\/\" rel=\"nofollow noopener\" target=\"_blank\">expliquait fin juin<\/a> le directeur, Thierry Douet. Il attire un public local important, gr\u00e2ce notamment aux r\u00e9seaux sociaux et \u00e0 des offres comme le t\u00e9l\u00e9travail.\u00a0\u00bb<\/p>\n<p><a href=\"https:\/\/anneedelamer.nice.fr\/\" rel=\"nofollow noopener\" target=\"_blank\"><img loading=\"lazy\" decoding=\"async\" width=\"300\" height=\"300\" src=\"data:image\/svg+xml,%3Csvg%20xmlns=\" http:=\"\" alt=\"\" class=\"wp-image-235449\" data-lazy-src=\"https:\/\/www.europesays.com\/fr\/wp-content\/uploads\/2025\/04\/IMG_1416-2.png\"\/><\/a><\/p>\n<p>Ces bouleversements porteront aussi sur la d\u00e9nomination de l\u2019h\u00f4tel. Il prendra le nom \u00ab\u00a0d\u2019une enseigne internationale, visant \u00e0 \u00e9largir et \u00e0 diversifier la client\u00e8le.\u00a0\u00bb <\/p>\n<p>D\u00e9tenteur du label Clef Verte<\/p>\n<blockquote class=\"instagram-media\" data-instgrm-permalink=\"https:\/\/www.instagram.com\/p\/ChEilgssEBe\/?utm_source=ig_embed&amp;utm_campaign=loading\" data-instgrm-version=\"14\" style=\" background:#FFF; border:0; border-radius:3px; box-shadow:0 0 1px 0 rgba(0,0,0,0.5),0 1px 10px 0 rgba(0,0,0,0.15); margin: 1px; max-width:540px; min-width:326px; padding:0; width:99.375%; width:-webkit-calc(100% - 2px); width:calc(100% - 2px);\"\/>\n<p>Rappelons que l\u2019\u00e9tablissement s\u2019appuie \u00e9galement sur un jardin int\u00e9rieur, deux salles de r\u00e9union, une zone de petit-d\u00e9jeuner, un espace fitness et un parking. Il peut se targuer d\u2019\u00eatre labellis\u00e9 <a href=\"https:\/\/nicepresse.com\/hotels-restaurants-ecolos-la-provence-alpes-cote-dazur-1ere-region-de-france\/\" rel=\"nofollow noopener\" target=\"_blank\">Clef Verte<\/a>, signe d\u2019un engagement dans une d\u00e9marche environnementale.<\/p>\n<p>De quoi en faire une valeur s\u00fbre \u00e0 Nice. Thierry Douet confiait ainsi que les trois derni\u00e8res saisons avaient \u00e9t\u00e9 \u00ab\u00a0bonnes\u00a0\u00bb, au point de \u00ab\u00a0d\u00e9passer les chiffres de r\u00e9f\u00e9rence des ann\u00e9es 2018-2019\u00a0\u00bb. <\/p>\n<p>Il a pour cela b\u00e9n\u00e9fici\u00e9 \u00ab\u00a0des \u00e9v\u00e9nements majeurs comme l\u2019Ironman, la coupe du monde de rugby, ou encore le Tour de France.\u00a0\u00bb Avec notamment un fort impact des voyageurs internationaux, \u00ab\u00a0toujours tr\u00e8s pr\u00e9sents\u00a0\u00bb. Le dirigeant assurait m\u00eame dans Nice-Presse que le trimestre avril-mai-juin 2025 \u00ab\u00a0a \u00e9t\u00e9 excellent\u00a0\u00bb.<\/p>\n<p>\t<script async src=\"\/\/www.instagram.com\/embed.js\"><\/script><\/p>\n","protected":false},"excerpt":{"rendered":"Le Mercure Nice Centre Notre-Dame change de propri\u00e9taire. D\u00e9sormais d\u00e9tenu par le fonds d\u2019investissement EXTENDAM, l\u2019h\u00f4tel sera largement&hellip;\n","protected":false},"author":2,"featured_media":282752,"comment_status":"","ping_status":"","sticky":false,"template":"","format":"standard","meta":{"footnotes":""},"categories":[2819],"tags":[1111,11,1777,674,1011,27,12,2401,882,25],"class_list":{"0":"post-282751","1":"post","2":"type-post","3":"status-publish","4":"format-standard","5":"has-post-thumbnail","7":"category-nice","8":"tag-actu","9":"tag-actualites","10":"tag-eu","11":"tag-europe","12":"tag-fr","13":"tag-france","14":"tag-news","15":"tag-nice","16":"tag-provence-alpes-cote-dazur","17":"tag-republique-francaise"},"share_on_mastodon":{"url":"https:\/\/pubeurope.com\/@fr\/114938515514764694","error":""},"_links":{"self":[{"href":"https:\/\/www.europesays.com\/fr\/wp-json\/wp\/v2\/posts\/282751","targetHints":{"allow":["GET"]}}],"collection":[{"href":"https:\/\/www.europesays.com\/fr\/wp-json\/wp\/v2\/posts"}],"about":[{"href":"https:\/\/www.europesays.com\/fr\/wp-json\/wp\/v2\/types\/post"}],"author":[{"embeddable":true,"href":"https:\/\/www.europesays.com\/fr\/wp-json\/wp\/v2\/users\/2"}],"replies":[{"embeddable":true,"href":"https:\/\/www.europesays.com\/fr\/wp-json\/wp\/v2\/comments?post=282751"}],"version-history":[{"count":0,"href":"https:\/\/www.europesays.com\/fr\/wp-json\/wp\/v2\/posts\/282751\/revisions"}],"wp:featuredmedia":[{"embeddable":true,"href":"https:\/\/www.europesays.com\/fr\/wp-json\/wp\/v2\/media\/282752"}],"wp:attachment":[{"href":"https:\/\/www.europesays.com\/fr\/wp-json\/wp\/v2\/media?parent=282751"}],"wp:term":[{"taxonomy":"category","embeddable":true,"href":"https:\/\/www.europesays.com\/fr\/wp-json\/wp\/v2\/categories?post=282751"},{"taxonomy":"post_tag","embeddable":true,"href":"https:\/\/www.europesays.com\/fr\/wp-json\/wp\/v2\/tags?post=282751"}],"curies":[{"name":"wp","href":"https:\/\/api.w.org\/{rel}","templated":true}]}}