{"id":282773,"date":"2025-07-29T21:07:10","date_gmt":"2025-07-29T21:07:10","guid":{"rendered":"https:\/\/www.europesays.com\/fr\/282773\/"},"modified":"2025-07-29T21:07:10","modified_gmt":"2025-07-29T21:07:10","slug":"a-lyon-une-nouvelle-casserolade-pour-gaza-ce-samedi","status":"publish","type":"post","link":"https:\/\/www.europesays.com\/fr\/282773\/","title":{"rendered":"\u00c0 Lyon, une nouvelle casserolade pour Gaza ce samedi"},"content":{"rendered":"<p class=\"wp-block-post-excerpt__excerpt\">Alors qu\u2019une famine d\u2019ampleur menace toujours Gaza, les rassemblements se multiplient \u00e0 Lyon ces derniers jours. Une nouvelle manifestation sonore est pr\u00e9vue samedi 2 ao\u00fbt, place de la R\u00e9publique. <\/p>\n<p class=\"font-sans\">\n\t\t\tCet article est en acc\u00e8s libre. Pour soutenir Rue89 Lyon,<br \/>\n\t\t\t<a class=\"underline\" href=\"https:\/\/www.rue89lyon.fr\/abonnement\/\" target=\"_blank\" rel=\"noopener\">abonnez-vous<\/a>.\n\t\t<\/p>\n<p>Rue89Lyon<\/p>\n<p>Publi\u00e9 le 29 juillet 2025\u00a0\u00a0\u00b7\u00a0\u00a0<\/p>\n<p>Imprim\u00e9 le 29 juillet 2025 \u00e0 22h33\u00a0\u00a0\u00b7\u00a0\u00a0<\/p>\n<p>Modifi\u00e9 le 29 juillet 2025\u00a0\u00a0\u00b7\u00a0\u00a0<\/p>\n<p>\t\t\t\t\t2\u00a0minutes\n<\/p>\n<p>C\u2019est d\u00e9sormais devenu une habitude \u00e0 Lyon. Apr\u00e8s les <a href=\"https:\/\/www.rue89lyon.fr\/2025\/05\/22\/lyon-manif-silencieuse-palestine-samedi-24-mai\/\" target=\"_blank\" rel=\"noreferrer noopener\">mobilisations silencieuses<\/a> et les sit-in, le mot d\u2019ordre est dor\u00e9navant de faire du bruit en soutien au peuple palestinien. Alors qu\u2019une famine \u00ab\u00a0in\u00e9dite dans ce si\u00e8cle\u00a0\u00bb menace l\u2019enclave palestinienne de Gaza selon le Programme alimentaire mondial, les lyonnais sont appel\u00e9s \u00e0 descendre dans les rues avec leurs casseroles. <\/p>\n<p>Un rassemblement est pr\u00e9vu ce samedi 2 ao\u00fbt \u00e0 15 heures place de la R\u00e9publique (Lyon 2e), \u00e0 l\u2019initiative du Collectif 69 de soutien au peuple palestinien. Sur place, la situation est toujours critique, mais la famine touche d\u00e9sormais toutes les strates de la population, dont les journalistes et les soignants, pr\u00e9cise le collectif dans un communiqu\u00e9. <\/p>\n<blockquote class=\"wp-block-quote is-layout-flow wp-block-quote-is-layout-flow\">\n<p>Facteur aggravant de la situation, beaucoup de soignants soufrant de la faim, n\u2019ont plus la force d\u2019effectuer leur travail, nous informe (M\u00e9decins sans fronti\u00e8res (MSF).<\/p>\n<p>La situation des journalistes est d\u00e9crite par la d\u00e9claration commune de l\u2019AFP, de BBC News et de Reuters sur Gaza : \u00ab\u00a0Nous sommes profond\u00e9ment pr\u00e9occup\u00e9s par le sort de nos journalistes \u00e0 Gaza, qui ont de plus en plus de mal \u00e0 se nourrir et \u00e0 nourrir leurs familles. Nous exhortons une fois de plus les autorit\u00e9s isra\u00e9liennes \u00e0 autoriser l\u2019entr\u00e9e et la sortie des journalistes \u00e0 Gaza.\u00a0\u00bb<\/p>\n<p>Communiqu\u00e9 du Collectif 69 de soutien \u00e0 la Palestine<\/p>\n<\/blockquote>\n<p>L\u2019Organisation mondiale de la Sant\u00e9 a quant \u00e0 elle d\u00e9nonc\u00e9 un <a href=\"https:\/\/www.lemonde.fr\/international\/live\/2025\/07\/27\/en-direct-gaza-les-taux-de-malnutrition-atteignent-des-niveaux-alarmants-selon-l-oms-de-premiers-camions-charges-d-aide-ont-traverse-la-frontiere_6622839_3210.html\" target=\"_blank\" rel=\"noreferrer noopener\">\u00ab\u00a0blocage d\u00e9lib\u00e9r\u00e9\u00a0\u00bb de l\u2019aide humanitaire<\/a>. <\/p>\n<p>\t\tGuerre et famine \u00e0 Gaza : l\u2019Europe tente de monter au cr\u00e9neau<\/p>\n<p>Alors que le bateau d\u2019aide humanitaire Handala a \u00e9t\u00e9 intercept\u00e9 par les autorit\u00e9s isra\u00e9liennes avec \u00e0 son bord la d\u00e9put\u00e9e (LFI) du Val-d\u2019Oise Gabrielle Cathala, finalement expuls\u00e9e, la communaut\u00e9 internationale commence (un peu) \u00e0 bouger, sous la pression de l\u2019ONU et de l\u2019Unicef. <\/p>\n<p>Plusieurs pays europ\u00e9ens, dont la France, ont annonc\u00e9 qu\u2019ils allaient proc\u00e9der \u00e0 des largages a\u00e9riens d\u2019aide humanitaire, une solution jug\u00e9e potentiellement dangereuse. La France a \u00e9galement indiqu\u00e9 r\u00e9fl\u00e9chir \u00e0 des acheminements d\u2019aide \u00ab\u00a0par voie terrestre\u00a0\u00bb.<\/p>\n<p>Parall\u00e8lement, la situation g\u00e9opolitique se desserre tr\u00e8s l\u00e9g\u00e8rement. Apr\u00e8s la France, le Royaume-Uni s\u2019est dit pr\u00eat \u00e0 reconna\u00eetre l\u2019\u00c9tat de Palestine en septembre si Isra\u00ebl n\u2019infl\u00e9chit pas rapidement sa position. <\/p>\n","protected":false},"excerpt":{"rendered":"Alors qu\u2019une famine d\u2019ampleur menace toujours Gaza, les rassemblements se multiplient \u00e0 Lyon ces derniers jours. Une nouvelle&hellip;\n","protected":false},"author":2,"featured_media":169911,"comment_status":"","ping_status":"","sticky":false,"template":"","format":"standard","meta":{"footnotes":""},"categories":[1889],"tags":[1111,11,2430,1777,674,1011,27,1146,2428,2088,12,25],"class_list":{"0":"post-282773","1":"post","2":"type-post","3":"status-publish","4":"format-standard","5":"has-post-thumbnail","7":"category-lyon","8":"tag-actu","9":"tag-actualites","10":"tag-auvergne-rhone-alpes","11":"tag-eu","12":"tag-europe","13":"tag-fr","14":"tag-france","15":"tag-guerre","16":"tag-lyon","17":"tag-manifestation","18":"tag-news","19":"tag-republique-francaise"},"share_on_mastodon":{"url":"https:\/\/pubeurope.com\/@fr\/114938566547688522","error":""},"_links":{"self":[{"href":"https:\/\/www.europesays.com\/fr\/wp-json\/wp\/v2\/posts\/282773","targetHints":{"allow":["GET"]}}],"collection":[{"href":"https:\/\/www.europesays.com\/fr\/wp-json\/wp\/v2\/posts"}],"about":[{"href":"https:\/\/www.europesays.com\/fr\/wp-json\/wp\/v2\/types\/post"}],"author":[{"embeddable":true,"href":"https:\/\/www.europesays.com\/fr\/wp-json\/wp\/v2\/users\/2"}],"replies":[{"embeddable":true,"href":"https:\/\/www.europesays.com\/fr\/wp-json\/wp\/v2\/comments?post=282773"}],"version-history":[{"count":0,"href":"https:\/\/www.europesays.com\/fr\/wp-json\/wp\/v2\/posts\/282773\/revisions"}],"wp:featuredmedia":[{"embeddable":true,"href":"https:\/\/www.europesays.com\/fr\/wp-json\/wp\/v2\/media\/169911"}],"wp:attachment":[{"href":"https:\/\/www.europesays.com\/fr\/wp-json\/wp\/v2\/media?parent=282773"}],"wp:term":[{"taxonomy":"category","embeddable":true,"href":"https:\/\/www.europesays.com\/fr\/wp-json\/wp\/v2\/categories?post=282773"},{"taxonomy":"post_tag","embeddable":true,"href":"https:\/\/www.europesays.com\/fr\/wp-json\/wp\/v2\/tags?post=282773"}],"curies":[{"name":"wp","href":"https:\/\/api.w.org\/{rel}","templated":true}]}}