{"id":282776,"date":"2025-07-29T21:10:10","date_gmt":"2025-07-29T21:10:10","guid":{"rendered":"https:\/\/www.europesays.com\/fr\/282776\/"},"modified":"2025-07-29T21:10:10","modified_gmt":"2025-07-29T21:10:10","slug":"un-deuxieme-magasin-grand-frais-va-ouvrir-dans-cette-commune-du-val-de-marne","status":"publish","type":"post","link":"https:\/\/www.europesays.com\/fr\/282776\/","title":{"rendered":"un deuxi\u00e8me magasin Grand Frais va ouvrir dans cette commune du Val-de-Marne"},"content":{"rendered":"<p>            Par<br \/>\n        <strong><br \/>\n            <a href=\"https:\/\/actu.fr\/auteur\/ines-cussac-actu-fr\" title=\"Consulter tous les articles de In\u00e8s Cussac\" target=\"_blank\" rel=\"noopener\">In\u00e8s Cussac<\/a><br \/>\n        <\/strong><\/p>\n<p>        Publi\u00e9 le<\/p>\n<p>            29 juil. 2025 \u00e0 18h04        <\/p>\n<p>Les \u00ab\u2009J\u2019peux pas j\u2019ai <a href=\"https:\/\/actu.fr\/auvergne-rhone-alpes\/givors_69091\/grand-frais-enseigne-lyonnaise-moins-aimee-que-picard-d-apres-un-nouveau-classement_58703813.html\" target=\"_blank\" rel=\"noopener\">Grand Frais<\/a>\u2009\u00bb vont r\u00e9sonner deux fois plus \u00e0 La Queue-en-Brie (<a href=\"https:\/\/actu.fr\/ile-de-france\/val-de-marne_94\" target=\"_blank\" rel=\"noopener\">Val-de-Marne<\/a>). L\u2019enseigne de supermarch\u00e9s, sp\u00e9cialis\u00e9e dans les produits frais, s\u2019appr\u00eate \u00e0 ouvrir un nouveau magasin dans la commune. Un premier point de vente y avait \u00e9t\u00e9 inaugur\u00e9 <a href=\"https:\/\/actu.fr\/ile-de-france\/la-queue-en-brie_94060\/l-enseigne-grand-frais-ouvre-un-troisieme-magasin-dans-le-val-de-marne-voici-ou-et-quand_61515287.html\" target=\"_blank\" rel=\"noopener\">il y a tout juste un an<\/a>. D\u2019ici novembre\u00a02025 au plus t\u00f4t, <strong>seulement 2,5\u00a0km s\u00e9pareront les deux commerces<\/strong>. \u00ab\u2009Nous avons \u00e9t\u00e9 assez surpris quand on a appris la nouvelle\u2009\u00bb, reconna\u00eet Hadrien Cardi, directeur de l\u2019am\u00e9nagement et des affaires g\u00e9n\u00e9rales \u00e0 La Queue-en-Brie. En un claquement de doigts, la ville s\u2019appr\u00eate \u00e0 \u00ab\u2009passer de z\u00e9ro \u00e0 deux Grand Frais.\u2009\u00bb<\/p>\n<p>Environ 2\u2009000 m\u00b2 de surface<\/p>\n<p class=\" wall-content\">Le futur \u00e9tablissement va s\u2019installer dans les murs d\u00e9j\u00e0 existants du Smyths Toys, 1 avenue de l\u2019Hippodrome. Celui-ci, actuellement en travaux, va ainsi r\u00e9duire sa surface pour permettre \u00e0 Grand Frais de s\u2019\u00e9taler <strong>sur environ 2\u2009000 m\u00b2<\/strong>, selon la municipalit\u00e9.<\/p>\n<p class=\" wall-content\">En ao\u00fbt\u00a02024, l\u2019enseigne originaire de Givors (Rh\u00f4ne) avait inaugur\u00e9 une grande halle \u00e0 l\u2019ouest de La Queue-en-Brie, \u00e9tendant alors sa pr\u00e9sence dans le Val-de-Marne avec un troisi\u00e8me point de vente. Ce magasin avait plut\u00f4t vocation \u00e0 desservir la partie seine-et-marnaise. Avec la nouvelle adresse, <strong>Grand Frais se tourne davantage vers les Val-de-marnais<\/strong> de La Queue-en-Brie, Chennevi\u00e8res-sur-Marne, Ormesson-sur-Marne et Le Plessis-Tr\u00e9vise. \u00ab\u2009\u00c9conomiquement, c\u2019est viable car cette fois Grand Frais va s\u2019adresser \u00e0 la partie Est de la ville\u2009\u00bb, souligne Hadrien Cardi.<\/p>\n<p class=\" wall-content\">Selon une information de <a href=\"https:\/\/www.lsa-conso.fr\/grand-frais-accelere-gap-cholet-vallauris-la-carte-des-10-prochaines-villes-ou-l-enseigne-s-installe,461564\" target=\"_blank\" rel=\"noopener\">LSA<\/a>, l\u2019enseigne originaire de Givors (Rh\u00f4ne) compte ouvrir dix nouveaux points de vente en France avant la fin de l\u2019ann\u00e9e. Parmi elles, trois concernent l\u2019\u00cele-de-France.<\/p>\n<p class=\" wall-content\">Suivez toute l\u2019actualit\u00e9 de vos villes et m\u00e9dias favoris en vous inscrivant \u00e0 <a href=\"https:\/\/moncompte.actu.fr\" title=\"D\u00e9couvez Mon Actu\" rel=\"nofollow noopener\" data-trk=\"{&quot;cta&quot;:{&quot;action&quot;:&quot;https:\\\/\\\/moncompte.actu.fr&quot;,&quot;category&quot;:&quot;mon compte&quot;,&quot;from&quot;:&quot;article footer&quot;,&quot;name&quot;:&quot;Mon actu&quot;,&quot;type&quot;:&quot;cta&quot;}}\" target=\"_blank\">Mon Actu<\/a>.<\/p>\n","protected":false},"excerpt":{"rendered":"Par In\u00e8s Cussac Publi\u00e9 le 29 juil. 2025 \u00e0 18h04 Les \u00ab\u2009J\u2019peux pas j\u2019ai Grand Frais\u2009\u00bb vont r\u00e9sonner&hellip;\n","protected":false},"author":2,"featured_media":282777,"comment_status":"","ping_status":"","sticky":false,"template":"","format":"standard","meta":{"footnotes":""},"categories":[1888],"tags":[1111,1928,11,1927,215,130,1777,674,1011,27,12,1926,626,1925,25,104],"class_list":{"0":"post-282776","1":"post","2":"type-post","3":"status-publish","4":"format-standard","5":"has-post-thumbnail","7":"category-paris","8":"tag-actu","9":"tag-actu-paris","10":"tag-actualites","11":"tag-actualites-paris","12":"tag-commerce","13":"tag-consommation","14":"tag-eu","15":"tag-europe","16":"tag-fr","17":"tag-france","18":"tag-news","19":"tag-news-paris","20":"tag-paris","21":"tag-paris-news","22":"tag-republique-francaise","23":"tag-societe"},"share_on_mastodon":{"url":"https:\/\/pubeurope.com\/@fr\/114938578455636478","error":""},"_links":{"self":[{"href":"https:\/\/www.europesays.com\/fr\/wp-json\/wp\/v2\/posts\/282776","targetHints":{"allow":["GET"]}}],"collection":[{"href":"https:\/\/www.europesays.com\/fr\/wp-json\/wp\/v2\/posts"}],"about":[{"href":"https:\/\/www.europesays.com\/fr\/wp-json\/wp\/v2\/types\/post"}],"author":[{"embeddable":true,"href":"https:\/\/www.europesays.com\/fr\/wp-json\/wp\/v2\/users\/2"}],"replies":[{"embeddable":true,"href":"https:\/\/www.europesays.com\/fr\/wp-json\/wp\/v2\/comments?post=282776"}],"version-history":[{"count":0,"href":"https:\/\/www.europesays.com\/fr\/wp-json\/wp\/v2\/posts\/282776\/revisions"}],"wp:featuredmedia":[{"embeddable":true,"href":"https:\/\/www.europesays.com\/fr\/wp-json\/wp\/v2\/media\/282777"}],"wp:attachment":[{"href":"https:\/\/www.europesays.com\/fr\/wp-json\/wp\/v2\/media?parent=282776"}],"wp:term":[{"taxonomy":"category","embeddable":true,"href":"https:\/\/www.europesays.com\/fr\/wp-json\/wp\/v2\/categories?post=282776"},{"taxonomy":"post_tag","embeddable":true,"href":"https:\/\/www.europesays.com\/fr\/wp-json\/wp\/v2\/tags?post=282776"}],"curies":[{"name":"wp","href":"https:\/\/api.w.org\/{rel}","templated":true}]}}