{"id":282778,"date":"2025-07-29T21:11:19","date_gmt":"2025-07-29T21:11:19","guid":{"rendered":"https:\/\/www.europesays.com\/fr\/282778\/"},"modified":"2025-07-29T21:11:19","modified_gmt":"2025-07-29T21:11:19","slug":"de-paris-a-singapour-recit-dune-annee-folle","status":"publish","type":"post","link":"https:\/\/www.europesays.com\/fr\/282778\/","title":{"rendered":"de Paris \u00e0 Singapour, r\u00e9cit d\u2019une ann\u00e9e folle"},"content":{"rendered":"<p><strong>R\u00c9CIT &#8211; <\/strong>Figure pour l\u2019\u00e9ternit\u00e9 des Jeux de Paris 2024 avec son quadrupl\u00e9 en or, le nageur fran\u00e7ais a d\u00fb dig\u00e9rer son fol \u00e9t\u00e9 et ce qui en a suivi, quitte \u00e0 s\u2019exiler loin de la France. Pour revenir plus fort \u00e0 Singapour, th\u00e9\u00e2tre des Mondiaux un an plus tard.<\/p>\n<p class=\"fig-paragraph\">Qu\u2019est-ce qu\u2019une ann\u00e9e dans une vie\u00a0? Pour le commun des mortels, bien souvent, il ne s\u2019agit que d\u2019une bougie en plus \u00e0 souffler sur un g\u00e2teau, avec quelques menus plaisirs et autres tracas du quotidien \u00e0 g\u00e9rer durant 365\u00a0jours s\u2019\u00e9coulant tel un long fleuve tranquille. Mais, pour d\u2019autres, ce laps de temps peut \u00e9quivaloir \u00e0 toute une vie. Le 2\u00a0ao\u00fbt 2024,\u00a0<a href=\"http:\/\/www.lefigaro.fr\/sports\/jeux-olympiques\/jo-natation-insubmersible-leon-marchand-s-offre-une-quatrieme-medaille-d-or-en-quatre-courses-20240802\" data-fig-type=\"NewsFlash\" data-gtm-custom-categorie=\"navigation\" data-gtm-custom-action=\"crossclick\" data-gtm-custom-label=\"Contextuel\" data-gtm-event=\"customEventSPE\" data-fig-domain=\"LEFIGARO\" target=\"_blank\" rel=\"noopener\">en remportant le 200\u00a0m 4\u00a0nages aux Jeux de Paris<\/a>, L\u00e9on Marchand a parachev\u00e9 son chef-d\u2019\u0153uvre\u00a0:\u00a0<a href=\"http:\/\/www.lefigaro.fr\/sports\/jeux-olympiques\/jo-paris-2024-leon-marchand-le-magnifique-enflamme-les-jeux-20240731\" data-fig-type=\"Article\" data-gtm-custom-categorie=\"navigation\" data-gtm-custom-action=\"crossclick\" data-gtm-custom-label=\"Contextuel\" data-gtm-event=\"customEventSPE\" data-fig-domain=\"LEFIGARO\" target=\"_blank\" rel=\"noopener\">un quadrupl\u00e9 olympique<\/a>, commenc\u00e9 par son sacre sur le 400\u00a0m 4\u00a0nages cinq jours plus t\u00f4t, puis son doubl\u00e9 pour l\u2019histoire 200\u00a0m brasse-200m papillon \u00e0 moins de deux heures d\u2019intervalle le 31\u00a0juillet. Une performance unique dans le sport fran\u00e7ais,\u00a0<a href=\"http:\/\/www.lefigaro.fr\/sports\/jeux-olympiques\/jo-paris-2024-leon-marchand-l-athlete-des-jeux-pour-la-moitie-des-francais-20240813\" data-fig-type=\"NewsFlash\" data-gtm-custom-categorie=\"navigation\" data-gtm-custom-action=\"crossclick\" data-gtm-custom-label=\"Contextuel\" data-gtm-event=\"customEventSPE\" data-fig-domain=\"LEFIGARO\" target=\"_blank\" rel=\"noopener\">qui le propulse aux sommets de l\u2019Olympe<\/a>. Sans pour autant s\u2019\u00eatre r\u00e9ellement pr\u00e9par\u00e9 \u00e0 la rar\u00e9faction d\u2019oxyg\u00e8ne \u00e0 laquelle il allait devoir faire face, lui qui s\u2019appr\u00eate \u00e0 replonger ce mercredi \u00e0 5\u00a0h\u00a017 (heure fran\u00e7aise) dans le bassin de Singapour en qu\u00eate de nouveaux titres mondiaux\u2026<\/p>\n<p class=\"fig-paragraph\">Comment\u2026<\/p>\n<p class=\"fig-premium-paywall__infos\">\n        Cet article est r\u00e9serv\u00e9 aux abonn\u00e9s.        Il vous reste 91% \u00e0 d\u00e9couvrir.\n    <\/p>\n<p>                <img  data- alt=\"Le Figaro\" class=\"fig-img--complete fig-img\"\/><\/p>\n<p class=\"fig-premium-paywall__title\">Vous avez envie de lire la suite ?<\/p>\n<p class=\"fig-premium-paywall__subtitle\">D\u00e9bloquez tous les articles imm\u00e9diatement.<\/p>\n<p class=\"fig-premium-paywall__connect\">\n                D\u00e9j\u00e0 abonn\u00e9\u00a0?                <a class=\"fig-premium-paywall__connect-link\" href=\"https:\/\/connect.lefigaro.fr\/login?client=horizon_web&amp;type=main&amp;redirect_uri=https%3A%2F%2Fwww.lefigaro.fr%2Fsports%2Fautres-sports%2Fle-grand-retour-de-leon-marchand-de-paris-a-singapour-recit-d-une-annee-folle-20250729\" data-js-gtm=\"{&quot;customCategorie&quot;: &quot;conversion&quot;, &quot;customAction&quot;: &quot;before_Landing_Connexion_paywall_auto&quot;, &quot;customLabel&quot;: &quot;bGVmaWdhcm8uZnJfXzFmMDZjNWI5LTVjYjAtNmY3Ni1iYzUwLTM3NmI1ZWQwMzM0NF9fQXJ0aWNsZQ==_Le grand retour de L\u00e9on Marchand\u00a0: de Paris \u00e0 Singapour, r\u00e9cit d\u2019une ann\u00e9e folle_7&quot;, &quot;customIDSPE&quot;: &quot;bGVmaWdhcm8uZnJfXzFmMDZjNWI5LTVjYjAtNmY3Ni1iYzUwLTM3NmI1ZWQwMzM0NF9fQXJ0aWNsZQ==&quot;, &quot;event&quot;: &quot;customEventSPE&quot;}\" target=\"_blank\" rel=\"noopener\"><br \/>\n                    Connectez-vous<br \/>\n                <\/a>\n            <\/p>\n","protected":false},"excerpt":{"rendered":"R\u00c9CIT &#8211; Figure pour l\u2019\u00e9ternit\u00e9 des Jeux de Paris 2024 avec son quadrupl\u00e9 en or, le nageur fran\u00e7ais&hellip;\n","protected":false},"author":2,"featured_media":282779,"comment_status":"","ping_status":"","sticky":false,"template":"","format":"standard","meta":{"footnotes":""},"categories":[1888],"tags":[1111,1928,11,1927,1777,674,1011,27,13283,5216,12,1926,626,1925,25],"class_list":{"0":"post-282778","1":"post","2":"type-post","3":"status-publish","4":"format-standard","5":"has-post-thumbnail","7":"category-paris","8":"tag-actu","9":"tag-actu-paris","10":"tag-actualites","11":"tag-actualites-paris","12":"tag-eu","13":"tag-europe","14":"tag-fr","15":"tag-france","16":"tag-leon-marchand","17":"tag-natation","18":"tag-news","19":"tag-news-paris","20":"tag-paris","21":"tag-paris-news","22":"tag-republique-francaise"},"share_on_mastodon":{"url":"https:\/\/pubeurope.com\/@fr\/114938582376373199","error":""},"_links":{"self":[{"href":"https:\/\/www.europesays.com\/fr\/wp-json\/wp\/v2\/posts\/282778","targetHints":{"allow":["GET"]}}],"collection":[{"href":"https:\/\/www.europesays.com\/fr\/wp-json\/wp\/v2\/posts"}],"about":[{"href":"https:\/\/www.europesays.com\/fr\/wp-json\/wp\/v2\/types\/post"}],"author":[{"embeddable":true,"href":"https:\/\/www.europesays.com\/fr\/wp-json\/wp\/v2\/users\/2"}],"replies":[{"embeddable":true,"href":"https:\/\/www.europesays.com\/fr\/wp-json\/wp\/v2\/comments?post=282778"}],"version-history":[{"count":0,"href":"https:\/\/www.europesays.com\/fr\/wp-json\/wp\/v2\/posts\/282778\/revisions"}],"wp:featuredmedia":[{"embeddable":true,"href":"https:\/\/www.europesays.com\/fr\/wp-json\/wp\/v2\/media\/282779"}],"wp:attachment":[{"href":"https:\/\/www.europesays.com\/fr\/wp-json\/wp\/v2\/media?parent=282778"}],"wp:term":[{"taxonomy":"category","embeddable":true,"href":"https:\/\/www.europesays.com\/fr\/wp-json\/wp\/v2\/categories?post=282778"},{"taxonomy":"post_tag","embeddable":true,"href":"https:\/\/www.europesays.com\/fr\/wp-json\/wp\/v2\/tags?post=282778"}],"curies":[{"name":"wp","href":"https:\/\/api.w.org\/{rel}","templated":true}]}}