{"id":282780,"date":"2025-07-29T21:12:12","date_gmt":"2025-07-29T21:12:12","guid":{"rendered":"https:\/\/www.europesays.com\/fr\/282780\/"},"modified":"2025-07-29T21:12:12","modified_gmt":"2025-07-29T21:12:12","slug":"lilas-des-indes-tres-fleuri-dans-le-square-yves-coppens-paris-5e","status":"publish","type":"post","link":"https:\/\/www.europesays.com\/fr\/282780\/","title":{"rendered":"Lilas des Indes tr\u00e8s fleuri dans le square Yves Coppens (Paris 5e)"},"content":{"rendered":"<p><img loading=\"lazy\" decoding=\"async\" class=\"aligncenter wp-image-75053\" src=\"https:\/\/www.europesays.com\/fr\/wp-content\/uploads\/2025\/07\/Lilas-des-Indes_Lagerstroemia_arbre_fleurs_square-Yves-Coppens_Paris_ete_juillet_2025_01.jpg\" alt=\"Lilas des Indes, Lagerstroemia, arbre, fleurs, Square Yves Coppens, Paris 5e (75)\" width=\"800\" height=\"600\"\/><\/p>\n<p><strong>Depuis plusieurs ann\u00e9es d\u00e9j\u00e0, de nombreux lilas des Indes ont \u00e9t\u00e9 plant\u00e9s dans Paris. Et ces arbres encore jeunes offrent maintenant de belles floraisons au coeur de l\u2019\u00e9t\u00e9, comme ce sujet plant\u00e9 dans le square Yves Coppens (Paris 5e).<\/strong><\/p>\n<p><img loading=\"lazy\" decoding=\"async\" class=\"aligncenter wp-image-75054\" src=\"https:\/\/www.europesays.com\/fr\/wp-content\/uploads\/2025\/07\/Lilas-des-Indes_Lagerstroemia_arbre_fleurs_square-Yves-Coppens_Paris_ete_juillet_2025_02.jpg\" alt=\"Lilas des Indes, Lagerstroemia, arbre, fleurs, Square Yves Coppens, Paris 5e (75)\" width=\"800\" height=\"600\"\/><\/p>\n<p>Les gros bouquets de fleurs rose vif couvrent pratiquement tout le feuillage de l\u2019arbre \u00e0 la ramure \u00e9tal\u00e9e en forme de parasol.<\/p>\n<p><img loading=\"lazy\" decoding=\"async\" class=\"aligncenter wp-image-75055\" src=\"https:\/\/www.europesays.com\/fr\/wp-content\/uploads\/2025\/07\/Lilas-des-Indes_Lagerstroemia_arbre_fleurs_square-Yves-Coppens_Paris_ete_juillet_2025_04.jpg\" alt=\"Lilas des Indes, Lagerstroemia, arbre, fleurs, Square Yves Coppens, Paris 5e (75)\" width=\"800\" height=\"600\"\/><\/p>\n","protected":false},"excerpt":{"rendered":"Depuis plusieurs ann\u00e9es d\u00e9j\u00e0, de nombreux lilas des Indes ont \u00e9t\u00e9 plant\u00e9s dans Paris. Et ces arbres encore&hellip;\n","protected":false},"author":2,"featured_media":282781,"comment_status":"","ping_status":"","sticky":false,"template":"","format":"standard","meta":{"footnotes":""},"categories":[1888],"tags":[11,8489,2883,1777,674,19396,2574,42190,42191,1011,27,3354,42192,42193,12,626,2090,28596,25,31310,42194],"class_list":{"0":"post-282780","1":"post","2":"type-post","3":"status-publish","4":"format-standard","5":"has-post-thumbnail","7":"category-paris","8":"tag-actualites","9":"tag-arbre","10":"tag-ete","11":"tag-eu","12":"tag-europe","13":"tag-fleur","14":"tag-fleurs","15":"tag-floraison","16":"tag-floraison-estivale","17":"tag-fr","18":"tag-france","19":"tag-jardin","20":"tag-lagerstroemia","21":"tag-lilas-des-indes","22":"tag-news","23":"tag-paris","24":"tag-paris-5e","25":"tag-paris-5eme","26":"tag-republique-francaise","27":"tag-square","28":"tag-square-yve-coppens"},"share_on_mastodon":{"url":"https:\/\/pubeurope.com\/@fr\/114938586472782652","error":""},"_links":{"self":[{"href":"https:\/\/www.europesays.com\/fr\/wp-json\/wp\/v2\/posts\/282780","targetHints":{"allow":["GET"]}}],"collection":[{"href":"https:\/\/www.europesays.com\/fr\/wp-json\/wp\/v2\/posts"}],"about":[{"href":"https:\/\/www.europesays.com\/fr\/wp-json\/wp\/v2\/types\/post"}],"author":[{"embeddable":true,"href":"https:\/\/www.europesays.com\/fr\/wp-json\/wp\/v2\/users\/2"}],"replies":[{"embeddable":true,"href":"https:\/\/www.europesays.com\/fr\/wp-json\/wp\/v2\/comments?post=282780"}],"version-history":[{"count":0,"href":"https:\/\/www.europesays.com\/fr\/wp-json\/wp\/v2\/posts\/282780\/revisions"}],"wp:featuredmedia":[{"embeddable":true,"href":"https:\/\/www.europesays.com\/fr\/wp-json\/wp\/v2\/media\/282781"}],"wp:attachment":[{"href":"https:\/\/www.europesays.com\/fr\/wp-json\/wp\/v2\/media?parent=282780"}],"wp:term":[{"taxonomy":"category","embeddable":true,"href":"https:\/\/www.europesays.com\/fr\/wp-json\/wp\/v2\/categories?post=282780"},{"taxonomy":"post_tag","embeddable":true,"href":"https:\/\/www.europesays.com\/fr\/wp-json\/wp\/v2\/tags?post=282780"}],"curies":[{"name":"wp","href":"https:\/\/api.w.org\/{rel}","templated":true}]}}