{"id":282784,"date":"2025-07-29T21:14:15","date_gmt":"2025-07-29T21:14:15","guid":{"rendered":"https:\/\/www.europesays.com\/fr\/282784\/"},"modified":"2025-07-29T21:14:15","modified_gmt":"2025-07-29T21:14:15","slug":"donald-trump-previent-quil-sanctionnera-la-russie-si-elle-ne-met-pas-fin-au-conflit-dici-dix-jours","status":"publish","type":"post","link":"https:\/\/www.europesays.com\/fr\/282784\/","title":{"rendered":"Donald Trump pr\u00e9vient qu&rsquo;il sanctionnera la Russie si elle ne met pas fin au conflit d&rsquo;ici \u00ab\u00a0dix jours\u00a0\u00bb"},"content":{"rendered":"<p class=\"c-chapo \">\n  \u00ab\u00a0Nous allons imposer des droits de douane et d&rsquo;autres choses\u00a0\u00bb, a poursuivi le pr\u00e9sident am\u00e9ricain.\n<\/p>\n<p>            lire plus tard<\/p>\n<p id=\"dialog__title\" class=\"dialog__title\">Pour sauvegarder cet article, connectez-vous ou cr\u00e9ez un compte franceinfo<\/p>\n<p class=\"dialog__description\">Sans paiement. Sans abonnement.<\/p>\n<p>        Fermer la fen\u00eatre d\u2019activation des notifications France Info<\/p>\n<p>            cr\u00e9er votre compte<\/p>\n<p>            se connecter<\/p>\n<p>        Fermer la fen\u00eatre de pr\u00e9sentation<\/p>\n<p>    <img loading=\"lazy\" decoding=\"async\" class=\"signature__image lazyload\" width=\"100\" height=\"100\" data- alt=\"\" src=\"https:\/\/www.europesays.com\/fr\/wp-content\/uploads\/2025\/05\/64a68815cd1a7_placeholder-36b69ec8.png\"\/><\/p>\n<p>    Publi\u00e9 le 29\/07\/2025 22:12<\/p>\n<p>        Temps de lecture : 1min<\/p>\n<p>    <img decoding=\"async\"  alt=\"Le pr\u00e9sident am\u00e9ricain Donald Trump s'exprime lors d'une r\u00e9union bilat\u00e9rale avec le Premier ministre britannique Keir Starmer, \u00e0 Turnberry, dans le sud-ouest de l'Ecosse, le 28 juillet 2025. (CHRISTOPHER FURLONG \/ AFP)\" width=\"432\" height=\"243\" src=\"https:\/\/www.europesays.com\/fr\/wp-content\/uploads\/2025\/07\/000-684c67z-6889299531f2f020577611.jpg\" fetchpriority=\"high\"\/><\/p>\n<p>      Le pr\u00e9sident am\u00e9ricain Donald Trump s&rsquo;exprime lors d&rsquo;une r\u00e9union bilat\u00e9rale avec le Premier ministre britannique Keir Starmer, \u00e0 Turnberry, dans le sud-ouest de l&rsquo;Ecosse, le 28 juillet 2025. (CHRISTOPHER FURLONG \/ AFP)<\/p>\n<p>Il souhaite <a href=\"https:\/\/www.franceinfo.fr\/monde\/europe\/manifestations-en-ukraine\/guerre-en-ukraine-donald-trump-accuse-vladimir-poutine-de-dire-beaucoup-de-conneries_7366554.html\" rel=\"nofollow noopener\" target=\"_blank\">maintenir la pression sur Moscou<\/a>. Donald Trump a pr\u00e9venu, mardi 29 juillet, que son ultimatum \u00e0 Vladimir Poutine pour mettre fin \u00e0 la guerre en Ukraine arriverait \u00e0 \u00e9ch\u00e9ance dans dix jours. De retour d&rsquo;Ecosse, le pr\u00e9sident am\u00e9ricain a en effet pr\u00e9cis\u00e9 \u00e0 des journalistes, \u00e0 bord de son avion pr\u00e9sidentiel Air Force One mardi 29 juillet, que <a href=\"https:\/\/www.franceinfo.fr\/monde\/europe\/manifestations-en-ukraine\/donald-trump-va-reduire-le-delai-de-50-jours-donne-a-la-russie-pour-un-cessez-le-feu-en-ukraine_7404148.html\" rel=\"nofollow noopener\" target=\"_blank\">le d\u00e9lai accord\u00e9 la veille \u00e0 Moscou<\/a> pour mettre un terme au conflit \u00e9tait de \u00ab\u00a0dix jours \u00e0 partir d&rsquo;aujourd&rsquo;hui\u00a0\u00bb, sans quoi les Etats-Unis prendront des sanctions contre la Russie.<\/p>\n<p>Apr\u00e8s avoir donn\u00e9 le 14 juillet un ultimatum de 50 jours \u00e0 son homologue russe pour mettre fin au conflit, le r\u00e9publicain avait annonc\u00e9 lundi fixer une nouvelle date \u00e0 environ \u00ab\u00a010 ou 12 jours \u00e0 partir d&rsquo;aujourd&rsquo;hui\u00a0\u00bb. \u00ab\u00a0Il n&rsquo;y a aucune raison d&rsquo;attendre. Nous ne voyons aucun progr\u00e8s\u00a0\u00bb, avait-il justifi\u00e9. Mardi, il a soulign\u00e9 n&rsquo;avoir re\u00e7u aucune nouvelle de Vladimir Poutine depuis lors. \u00ab\u00a0Je n&rsquo;ai aucune r\u00e9ponse. C&rsquo;est dommage\u00a0\u00bb, a-t-il ajout\u00e9. \u00ab\u00a0Nous allons imposer des droits de douane et d&rsquo;autres choses\u00a0\u00bb, a-t-il poursuivi, non sans remarquer : \u00ab\u00a0Je ne sais pas si cela va affecter la Russie, car de toute \u00e9vidence il (Vladimir Poutine) veut que la guerre continue.\u00a0\u00bb<\/p>\n<p class=\"related-tags__title\" role=\"heading\" aria-level=\"2\">les mots-cl\u00e9s associ\u00e9s \u00e0 cet article\n    <\/p>\n","protected":false},"excerpt":{"rendered":"\u00ab\u00a0Nous allons imposer des droits de douane et d&rsquo;autres choses\u00a0\u00bb, a poursuivi le pr\u00e9sident am\u00e9ricain. lire plus tard&hellip;\n","protected":false},"author":2,"featured_media":282785,"comment_status":"","ping_status":"","sticky":false,"template":"","format":"standard","meta":{"footnotes":""},"categories":[1591],"tags":[11,1887,12,1885,1886,132],"class_list":{"0":"post-282784","1":"post","2":"type-post","3":"status-publish","4":"format-standard","5":"has-post-thumbnail","7":"category-russie","8":"tag-actualites","9":"tag-federation-de-russie","10":"tag-news","11":"tag-russia","12":"tag-russian-federation","13":"tag-russie"},"share_on_mastodon":{"url":"https:\/\/pubeurope.com\/@fr\/114938594354871354","error":""},"_links":{"self":[{"href":"https:\/\/www.europesays.com\/fr\/wp-json\/wp\/v2\/posts\/282784","targetHints":{"allow":["GET"]}}],"collection":[{"href":"https:\/\/www.europesays.com\/fr\/wp-json\/wp\/v2\/posts"}],"about":[{"href":"https:\/\/www.europesays.com\/fr\/wp-json\/wp\/v2\/types\/post"}],"author":[{"embeddable":true,"href":"https:\/\/www.europesays.com\/fr\/wp-json\/wp\/v2\/users\/2"}],"replies":[{"embeddable":true,"href":"https:\/\/www.europesays.com\/fr\/wp-json\/wp\/v2\/comments?post=282784"}],"version-history":[{"count":0,"href":"https:\/\/www.europesays.com\/fr\/wp-json\/wp\/v2\/posts\/282784\/revisions"}],"wp:featuredmedia":[{"embeddable":true,"href":"https:\/\/www.europesays.com\/fr\/wp-json\/wp\/v2\/media\/282785"}],"wp:attachment":[{"href":"https:\/\/www.europesays.com\/fr\/wp-json\/wp\/v2\/media?parent=282784"}],"wp:term":[{"taxonomy":"category","embeddable":true,"href":"https:\/\/www.europesays.com\/fr\/wp-json\/wp\/v2\/categories?post=282784"},{"taxonomy":"post_tag","embeddable":true,"href":"https:\/\/www.europesays.com\/fr\/wp-json\/wp\/v2\/tags?post=282784"}],"curies":[{"name":"wp","href":"https:\/\/api.w.org\/{rel}","templated":true}]}}