{"id":282788,"date":"2025-07-29T21:16:11","date_gmt":"2025-07-29T21:16:11","guid":{"rendered":"https:\/\/www.europesays.com\/fr\/282788\/"},"modified":"2025-07-29T21:16:11","modified_gmt":"2025-07-29T21:16:11","slug":"sean-duffy-meme-dans-les-moments-difficiles-les-usa-ne-rompent-pas-la-cooperation-spatiale-avec-la-russie","status":"publish","type":"post","link":"https:\/\/www.europesays.com\/fr\/282788\/","title":{"rendered":"Sean Duffy: m\u00eame dans les moments difficiles les USA ne rompent pas la coop\u00e9ration spatiale avec la Russie"},"content":{"rendered":"<p>\t<a href=\"https:\/\/www.europesays.com\/fr\/wp-content\/uploads\/2025\/07\/Sean-Duffy-Administrateur-interim-NASASerguei-Youmatov-TASS_01.jpg\"><img loading=\"lazy\" decoding=\"async\" aria-describedby=\"caption-attachment-48460\" class=\"size-full wp-image-48460\" src=\"https:\/\/www.europesays.com\/fr\/wp-content\/uploads\/2025\/07\/Sean-Duffy-Administrateur-interim-NASASerguei-Youmatov-TASS_01.jpg\" alt=\"Sean Duffy, administrateur par int\u00e9rim de la NASA.\" width=\"2000\" height=\"1408\"  \/><\/a><\/p>\n<p id=\"caption-attachment-48460\" class=\"wp-caption-text\">Sean Duffy, administrateur par int\u00e9rim de la NASA.<\/p>\n<p>M\u00eame dans les moments difficiles, les \u00c9tats-Unis ne rompent pas leurs relations de partenariat avec la Russie dans le domaine spatial, malgr\u00e9 les d\u00e9saccords existants. <\/p>\n<p class=\"Paragraph_paragraph__F_jNb\">C&rsquo;est ce qu&rsquo;a d\u00e9clar\u00e9 \u00e0 TASS le secr\u00e9taire am\u00e9ricain aux Transports et directeur par int\u00e9rim de la NASA, <strong>Sean Duffy<\/strong>.<\/p>\n<p>Interrog\u00e9 sur sa prochaine rencontre avec le directeur g\u00e9n\u00e9ral de Roscosmos, <strong>Dmitry Bakanov<\/strong>, Duffy a soulign\u00e9 que les \u00c9tats-Unis consid\u00e9raient l&rsquo;espace comme un domaine de \u00ab partenariat international \u00bb.<\/p>\n<p>\u00ab C&rsquo;est unique en ce sens que nous pouvons avoir des d\u00e9saccords sur les conflits, et c&rsquo;est le cas. Nous avons de profonds d\u00e9saccords avec les Russes sur l&rsquo;Ukraine. Mais vous pouvez constater que nous trouvons un terrain d&rsquo;entente et un partenariat, ce qui se produit, par exemple, [en travaillant] avec les Russes sur la Station spatiale internationale \u00bb, a-t-il d\u00e9clar\u00e9.<\/p>\n<p class=\"Paragraph_paragraph__F_jNb\" style=\"padding-left: 40px;\">\u00ab M\u00eame dans les moments difficiles, nous ne rompons pas ces liens. Nous avons l&rsquo;intention de continuer \u00e0 travailler sur les probl\u00e8mes existants, mais nous esp\u00e9rons continuer \u00e0 b\u00e2tir des alliances, des partenariats et des amiti\u00e9s \u00e0 mesure que l&rsquo;humanit\u00e9 poursuit son exploration de l&rsquo;espace \u00bb, a soulign\u00e9 l&rsquo;administrateur par int\u00e9rim de la NASA.<\/p>\n<p class=\"Paragraph_paragraph__F_jNb\">Le directeur g\u00e9n\u00e9ral de Roscosmos, \u00e0 la t\u00eate d&rsquo;une d\u00e9l\u00e9gation de l&rsquo;entreprise publique, \u00e9tait auparavant arriv\u00e9 aux \u00c9tats-Unis pour rencontrer l&rsquo;administrateur par int\u00e9rim de la NASA. Comme l&rsquo;a indiqu\u00e9 le service de presse de Roscosmos aux journalistes, les dirigeants des agences spatiales russe et am\u00e9ricaine se rencontreront pour la premi\u00e8re fois depuis huit ans. Ils ont pr\u00e9cis\u00e9 que cette rencontre devrait avoir lieu le 31 juillet.<\/p>\n<p>Roscosmos a indiqu\u00e9 que Bakanov visiterait, entre autres, le Centre spatial Lyndon Johnson, la division de fabrication de Boeing, les b\u00e2timents d&rsquo;assemblage des vaisseaux et des vaisseaux de SpaceX, et rencontrerait \u00e9galement l&rsquo;\u00e9quipage du vaisseau spatial Crew Dragon, qui comprend le cosmonaute russe Oleg Platonov dans le cadre du programme de vols transcontinentaux. Comme l&rsquo;a indiqu\u00e9 Bakanov dans une interview accord\u00e9e \u00e0 RBC TV, la d\u00e9l\u00e9gation russe a \u00e9t\u00e9 invit\u00e9e au prochain lancement de la mission Crew-11, pr\u00e9vu le 31 juillet depuis la base spatiale de Cap Canaveral, en Floride. Outre Platonov, la mission comprendra les astronautes am\u00e9ricains Zena Cardman et Michael Fincke, ainsi que l&rsquo;astronaute japonais Kimiya Yui.<\/p>\n<p>Source: <a href=\"https:\/\/tass.ru\/kosmos\/24660383\" rel=\"nofollow noopener\" target=\"_blank\">TASS<\/a>; Cr\u00e9dit photographique: Sergue\u00ef Youmatov\/TASS<\/p>\n","protected":false},"excerpt":{"rendered":"Sean Duffy, administrateur par int\u00e9rim de la NASA. M\u00eame dans les moments difficiles, les \u00c9tats-Unis ne rompent pas&hellip;\n","protected":false},"author":2,"featured_media":282789,"comment_status":"","ping_status":"","sticky":false,"template":"","format":"standard","meta":{"footnotes":""},"categories":[1589],"tags":[11,73,1866,12,1864,1865,1863,308],"class_list":{"0":"post-282788","1":"post","2":"type-post","3":"status-publish","4":"format-standard","5":"has-post-thumbnail","7":"category-etats-unis","8":"tag-actualites","9":"tag-etats-unis","10":"tag-etats-unis-damerique","11":"tag-news","12":"tag-united-states","13":"tag-united-states-of-america","14":"tag-us","15":"tag-usa"},"share_on_mastodon":{"url":"https:\/\/pubeurope.com\/@fr\/114938602072076712","error":""},"_links":{"self":[{"href":"https:\/\/www.europesays.com\/fr\/wp-json\/wp\/v2\/posts\/282788","targetHints":{"allow":["GET"]}}],"collection":[{"href":"https:\/\/www.europesays.com\/fr\/wp-json\/wp\/v2\/posts"}],"about":[{"href":"https:\/\/www.europesays.com\/fr\/wp-json\/wp\/v2\/types\/post"}],"author":[{"embeddable":true,"href":"https:\/\/www.europesays.com\/fr\/wp-json\/wp\/v2\/users\/2"}],"replies":[{"embeddable":true,"href":"https:\/\/www.europesays.com\/fr\/wp-json\/wp\/v2\/comments?post=282788"}],"version-history":[{"count":0,"href":"https:\/\/www.europesays.com\/fr\/wp-json\/wp\/v2\/posts\/282788\/revisions"}],"wp:featuredmedia":[{"embeddable":true,"href":"https:\/\/www.europesays.com\/fr\/wp-json\/wp\/v2\/media\/282789"}],"wp:attachment":[{"href":"https:\/\/www.europesays.com\/fr\/wp-json\/wp\/v2\/media?parent=282788"}],"wp:term":[{"taxonomy":"category","embeddable":true,"href":"https:\/\/www.europesays.com\/fr\/wp-json\/wp\/v2\/categories?post=282788"},{"taxonomy":"post_tag","embeddable":true,"href":"https:\/\/www.europesays.com\/fr\/wp-json\/wp\/v2\/tags?post=282788"}],"curies":[{"name":"wp","href":"https:\/\/api.w.org\/{rel}","templated":true}]}}