{"id":282790,"date":"2025-07-29T21:17:10","date_gmt":"2025-07-29T21:17:10","guid":{"rendered":"https:\/\/www.europesays.com\/fr\/282790\/"},"modified":"2025-07-29T21:17:10","modified_gmt":"2025-07-29T21:17:10","slug":"benjamin-netanyahu-accuse-keir-starmer-de-recompenser-le-terrorisme-si-le-royaume-uni-reconnait-letat-de-palestine","status":"publish","type":"post","link":"https:\/\/www.europesays.com\/fr\/282790\/","title":{"rendered":"Benjamin Netanyahu accuse Keir Starmer de \u00ab\u00a0r\u00e9compenser le terrorisme\u00a0\u00bb si le Royaume-Uni reconna\u00eet l&rsquo;\u00c9tat de Palestine"},"content":{"rendered":"<p>Le Premier ministre isra\u00e9lien Benjamin Netanyahu a accus\u00e9 ce mardi son homologue britannique Keir Starmer de \u00ab\u00a0r\u00e9compenser le terrorisme monstrueux du Hamas\u00a0\u00bb, apr\u00e8s avoir annonc\u00e9 que Londres reconna\u00eetra l&rsquo;\u00c9tat de Palestine en septembre, sauf si Isra\u00ebl prend certains engagements.<\/p>\n<p>C&rsquo;est une d\u00e9claration de Keir Starmer qui provoque la col\u00e8re de Benjamin Netanyahu. Le Premier ministre britannique a d\u00e9clar\u00e9 ce mardi 29 juillet que <a href=\"https:\/\/www.bfmtv.com\/international\/europe\/angleterre\/keir-starmer-annonce-que-le-royaume-uni-reconnaitra-l-etat-de-palestine-en-septembre-sauf-si-israel-prend-certains-engagements_AD-202507290404.html\" title=\"Keir Starmer annonce que le Royaume-Uni reconna\u00eetra l&#039;\u00c9tat de Palestine en septembre, sauf si Isra\u00ebl prend certains engagements\" class=\"internal_link\" rel=\"nofollow noopener\" target=\"_blank\">Londres reconna\u00eetra l&rsquo;\u00c9tat de Palestine<\/a>, sauf si Isra\u00ebl \u00ab\u00a0prend des mesures substantielles pour mettre fin \u00e0 la situation \u00e9pouvantable \u00e0 Gaza\u00a0\u00bb.<\/p>\n<p>Keir Starmer appelle Isra\u00ebl \u00e0 \u00ab\u00a0conclure un cessez-le-feu, s&rsquo;engager \u00e0 ne pas annexer la Cisjordanie et \u00e0 accepter un processus de paix \u00e0 long terme visant \u00e0 une solution \u00e0 deux \u00c9tats\u00a0\u00bb.<\/p>\n<p>\u00ab\u00a0C&rsquo;est le moment d&rsquo;agir\u00a0\u00bb<\/p>\n<p>Une d\u00e9claration d\u00e9nonc\u00e9e par le Premier ministre isra\u00e9lien.<\/p>\n<blockquote class=\"embed embed_quote\"><p>\u00ab\u00a0Starmer r\u00e9compense le terrorisme monstrueux du Hamas et punit ses victimes\u00a0\u00bb, selon Benjamin Netanyahu.<\/p><\/blockquote>\n<p>Ce dernier estime qu'\u00a0\u00bbun \u00c9tat jihadiste \u00e0 la fronti\u00e8re d\u2019Isra\u00ebl AUJOURD\u2019HUI menacera la Grande-Bretagne DEMAIN\u00a0\u00bb. \u00ab\u00a0La complaisance envers les terroristes djihadistes est toujours un \u00e9chec\u00a0\u00bb, poursuit le dirigeant d&rsquo;Isra\u00ebl.<\/p>\n<p>\u00ab\u00a0J&rsquo;ai toujours dit que nous reconna\u00eetrions un \u00c9tat palestinien comme une contribution \u00e0 un v\u00e9ritable processus de paix, au moment o\u00f9 cela aurait le plus d&rsquo;impact pour une solution \u00e0 deux \u00c9tats. Maintenant que cette solution est menac\u00e9e, c&rsquo;est le moment d&rsquo;agir\u00a0\u00bb, a poursuivi Keir Starmer, sur qui la pression s&rsquo;\u00e9tait intensifi\u00e9e ces derniers jours.<\/p>\n<p>Plus d&rsquo;un tiers des d\u00e9put\u00e9s britanniques avaient exhort\u00e9 le Premier ministre \u00e0 embo\u00eeter le pas \u00e0 Emmanuel Macron dans une lettre publi\u00e9e vendredi.<\/p>\n<p>\u00ab\u00a0Le Royaume-Uni se joint aujourd\u2019hui \u00e0 l&rsquo;\u00e9lan cr\u00e9\u00e9 par la France pour la reconnaissance de l&rsquo;Etat de Palestine\u00a0\u00bb, a salu\u00e9 sur X le ministre des Affaires \u00e9trang\u00e8res fran\u00e7ais, <a href=\"https:\/\/www.bfmtv.com\/politique\/gaza-jean-noel-barrot-annonce-sur-bfmtv-que-40-tonnes-d-aide-humanitaire-vont-etre-larguees-a-partir-de-vendredi_AN-202507290450.html\" title=\"Gaza: le ministre Jean-No\u00ebl Barrot annonce sur BFMTV que 40 tonnes d&#039;aide humanitaire vont \u00eatre largu\u00e9es &quot;\u00e0 partir de vendredi&quot;\" class=\"internal_link\" rel=\"nofollow noopener\" target=\"_blank\">Jean-No\u00ebl Barrot.<\/a><\/p>\n<p>Ce jeudi, Emmanuel Macron a annonc\u00e9 que Paris \u00ab\u00a0<strong><a href=\"https:\/\/www.bfmtv.com\/politique\/elysee\/emmanuel-macron-annonce-que-la-france-reconnaitra-l-etat-de-palestine-lors-d-une-allocution-en-septembre_AN-202507240518.html\" title=\"Emmanuel Macron annonce que &quot;la France reconna\u00eetra l&#039;\u00c9tat de Palestine&quot; lors d&#039;une allocution en septembre\" class=\"internal_link\" rel=\"nofollow noopener\" target=\"_blank\">reconna\u00eetra l&rsquo;\u00c9tat de Palestine\u00a0\u00bb<\/a><\/strong> lors d&rsquo;une allocution en septembre aux Nations unies, faisant de la France, le premier pays du G7 \u00e0 le faire.<\/p>\n<p>Selon le d\u00e9compte et les v\u00e9rifications de l&rsquo;AFP, au moins 142 des 193 \u00c9tats membres de l&rsquo;ONU, dont la France, reconnaissent l&rsquo;Etat palestinien proclam\u00e9 par la direction palestinienne en exil en 1988. En mai 2024, l&rsquo;Irlande, l&rsquo;Espagne et la Norv\u00e8ge, rejointes un mois plus tard par la Slov\u00e9nie, avaient d\u00e9j\u00e0 franchi le pas en Europe.<\/p>\n","protected":false},"excerpt":{"rendered":"Le Premier ministre isra\u00e9lien Benjamin Netanyahu a accus\u00e9 ce mardi son homologue britannique Keir Starmer de \u00ab\u00a0r\u00e9compenser le&hellip;\n","protected":false},"author":2,"featured_media":282791,"comment_status":"","ping_status":"","sticky":false,"template":"","format":"standard","meta":{"footnotes":""},"categories":[1588],"tags":[11,1777,674,12,473,1853,1851,1850,1852],"class_list":{"0":"post-282790","1":"post","2":"type-post","3":"status-publish","4":"format-standard","5":"has-post-thumbnail","7":"category-royaume-uni","8":"tag-actualites","9":"tag-eu","10":"tag-europe","11":"tag-news","12":"tag-royaume-uni","13":"tag-royaume-uni-de-grande-bretagne-et-dirlande-du-nord","14":"tag-uk","15":"tag-united-kingdom","16":"tag-united-kingdom-of-great-britain-and-northern-ireland"},"share_on_mastodon":{"url":"https:\/\/pubeurope.com\/@fr\/114938606021042976","error":""},"_links":{"self":[{"href":"https:\/\/www.europesays.com\/fr\/wp-json\/wp\/v2\/posts\/282790","targetHints":{"allow":["GET"]}}],"collection":[{"href":"https:\/\/www.europesays.com\/fr\/wp-json\/wp\/v2\/posts"}],"about":[{"href":"https:\/\/www.europesays.com\/fr\/wp-json\/wp\/v2\/types\/post"}],"author":[{"embeddable":true,"href":"https:\/\/www.europesays.com\/fr\/wp-json\/wp\/v2\/users\/2"}],"replies":[{"embeddable":true,"href":"https:\/\/www.europesays.com\/fr\/wp-json\/wp\/v2\/comments?post=282790"}],"version-history":[{"count":0,"href":"https:\/\/www.europesays.com\/fr\/wp-json\/wp\/v2\/posts\/282790\/revisions"}],"wp:featuredmedia":[{"embeddable":true,"href":"https:\/\/www.europesays.com\/fr\/wp-json\/wp\/v2\/media\/282791"}],"wp:attachment":[{"href":"https:\/\/www.europesays.com\/fr\/wp-json\/wp\/v2\/media?parent=282790"}],"wp:term":[{"taxonomy":"category","embeddable":true,"href":"https:\/\/www.europesays.com\/fr\/wp-json\/wp\/v2\/categories?post=282790"},{"taxonomy":"post_tag","embeddable":true,"href":"https:\/\/www.europesays.com\/fr\/wp-json\/wp\/v2\/tags?post=282790"}],"curies":[{"name":"wp","href":"https:\/\/api.w.org\/{rel}","templated":true}]}}